{"id":9442,"date":"2023-08-20T18:51:38","date_gmt":"2023-08-20T18:51:38","guid":{"rendered":"https:\/\/www.affinite.fr\/index.php\/2023\/08\/20\/6-maladies-invisibles-qui-font-pourtant-souffrir\/"},"modified":"2023-08-20T18:51:38","modified_gmt":"2023-08-20T18:51:38","slug":"6-maladies-invisibles-qui-font-pourtant-souffrir","status":"publish","type":"post","link":"http:\/\/www.affinite.fr\/index.php\/2023\/08\/20\/6-maladies-invisibles-qui-font-pourtant-souffrir\/","title":{"rendered":"6\u00a0maladies invisibles (qui font pourtant souffrir)"},"content":{"rendered":"<p> [ad_1]<br \/>\n<br \/><img decoding=\"async\" src=\"https:\/\/img-3.journaldesfemmes.fr\/TGYbWblyKlWRD3onK-ceeYZWuEY=\/1280x\/smart\/044d035be33245da8cd9d93e6358cf74\/ccmcms-jdf\/39654489.jpg\" \/><\/p>\n<p>\n                Certaines maladies sont dites invisibles\u00a0: leurs sympt\u00f4mes ne se voient pas de l&rsquo;ext\u00e9rieur, si bien qu&rsquo;elles peuvent \u00eatre mal per\u00e7ues ou comprises. Pourtant, elles n&rsquo;en sont pas moins lourdes \u00e0 porter au quotidien.            <\/p>\n<div>\n<aside class=\"ccmsummary marqueur_module ccmcss_cms_summary ccmcss_cms_summary--right\">\n<p>Sommaire<\/p>\n<\/aside>\n<p>Souvent m\u00e9connues, mal comprises ou mal per\u00e7ues, des\u00a0maladies sont dites \u00ab\u00a0<strong>invisibles<\/strong>\u00ab\u00a0. Cela veut dire que leurs<strong> sympt\u00f4mes ne se voient pas de l&rsquo;ext\u00e9rieur <\/strong>et qu&rsquo;elles sont quasiment insoup\u00e7onnables et <strong>imperceptibles aux yeux des autres<\/strong>. Leur<strong>\u00a0diagnostic est parfois difficile \u00e0 poser<\/strong> et tardif. Pour autant, <strong>les maux sont bien r\u00e9els :\u00a0<\/strong>ces pathologies peuvent \u00eatre tr\u00e8s lourdes <strong>physiquement et psychologiquement<\/strong>, et avoir un impact consid\u00e9rable sur la vie personnelle et professionnelle. Focus sur <strong>6 d&rsquo;entre elles.\u00a0<\/strong><\/p>\n<h2 id=\"1-la-fibromyalgie\">1. La fibromyalgie : une maladie souvent confondue avec d&rsquo;autres<\/h2>\n<p>La <strong><a href=\"https:\/\/sante.journaldesfemmes.fr\/fiches-maladies\/2505060-fibromyalgie-definition-symptomes-cause-traitement\/\" title=\"Fibromyalgie\">fibromyalgie<\/a> <\/strong>est une affection chronique, dont l&rsquo;origine est mal connue. Elle a \u00e9t\u00e9 reconnue comme \u00ab\u00a0entit\u00e9 m\u00e9dicale\u00a0\u00bb par l&rsquo;OMS en 1992 et toucherait <strong>1.5 millions de personnes en France, particuli\u00e8rement les femmes en milieu de vie<\/strong>. Elle se caract\u00e9rise par <strong>des <a href=\"https:\/\/sante.journaldesfemmes.fr\/fiches-sante-du-quotidien\/2678629-douleurs-chroniques-definition-causes-traitements-dos-post-operatoire-causes-cervicales\/\" title=\"Douleur chronique\">douleurs chroniques<\/a>\u00a0<\/strong>dans plusieurs parties du corps, qui peuvent \u00eatre <strong>continuelles ou \u00e9voluer par pouss\u00e9es<\/strong>, souvent accompagn\u00e9es d&rsquo;une fatigue et des variations de l&rsquo;humeur. Les sympt\u00f4mes \u00e9tant difficiles \u00e0 cat\u00e9goriser et le diagnostic compliqu\u00e9 \u00e0 poser,\u00a0la pr\u00e9valence reste incertaine et certainement <strong>sous-estim\u00e9e<\/strong>.\u00a0On dit aussi que<strong> la fibromyalgie est une maladie qui ne se voit pas car les examens cliniques, radiologiques et biologiques ne montrent rien. <\/strong>Les\u00a0patients re\u00e7oivent souvent,<strong> dans un premier temps, un diagnostic de d\u00e9pression, de <a href=\"https:\/\/sante.journaldesfemmes.fr\/fiches-psycho-psychiatrie\/2436914-spasmophilie-crise-definition-symptomes-cause-traitement-remedes\/\" title=\"Spasmophilie\">spasmophilie<\/a>, de syndrome de fatigue chronique ou de migraine.<\/strong>\u00a0\u00ab\u00a0<em>A<\/em>\u00a0<em>ce jour, il n&rsquo;existe<strong> pas de l\u00e9sions organiques ou de\u00a0biomarqueurs <\/strong>biologiques qui permettent d&rsquo;objectiver un diagnostic de fibromyalgie. Les crit\u00e8res utilis\u00e9s sont donc\u00a0<strong>fond\u00e9s sur les sympt\u00f4mes<\/strong><\/em>\u00ab\u00a0, explique l&rsquo;<a href=\"https:\/\/www.inserm.fr\/expertise-collective\/fibromyalgie\/\" target=\"_blank\" rel=\"noopener\">Inserm<\/a>, et sur un score de douleurs diffuses.<\/p>\n<h2 id=\"2-la-drepanocytose\">2. La dr\u00e9panocytose : aucun sympt\u00f4mes visibles de l&rsquo;ext\u00e9rieur<\/h2>\n<p>En 2020 en France, 557\u00a0nourrissons sont n\u00e9s avec une dr\u00e9panocytose,\u00a0<strong>une maladie du sang h\u00e9r\u00e9ditaire <\/strong>qui affecte l&rsquo;h\u00e9moglobine, une prot\u00e9ine qui se trouve dans les globules rouges. Elle provoque d&rsquo;<strong>importantes douleurs au niveau des extr\u00e9mit\u00e9s des membres ou abdominales<\/strong>, une an\u00e9mie, une fatigabilit\u00e9 accrue et une d\u00e9gradation acc\u00e9l\u00e9r\u00e9e des organes, ce qui<strong> r\u00e9duit significativement l&rsquo;esp\u00e9rance de vie<\/strong> des patients atteints.\u00a0\u00ab\u00a0<em>Aucun de ses sympt\u00f4mes n&rsquo;est visible de l&rsquo;ext\u00e9rieur, si bien que (quasiment) <strong>tous les Fran\u00e7ais ont pu rencontrer \u00e0 l&rsquo;\u00e9cole ou sur leur lieu de travail des patients atteints de <a href=\"https:\/\/sante.journaldesfemmes.fr\/fiches-maladies\/2540196-drepanocytose-symptomes-cause-depistage-esperance-vie-traitement\/\" title=\"An\u00e9mie \u00e0 h\u00e9maties falciformes\">dr\u00e9panocytose<\/a>, sans jamais le savoir<\/strong><\/em>\u00ab\u00a0, explique le Pr Fr\u00e9d\u00e9ric Galact\u00e9ros, h\u00e9matologue au CHU Henri Mondor de Cr\u00e9teil dans une brochure de la <a href=\"https:\/\/sosglobi.fr\/wp-content\/uploads\/2022\/01\/Dre%CC%81panocytose-Carnet-de-propositions-1.pdf\" target=\"_blank\" rel=\"noopener\">F\u00e9d\u00e9ration SOS Globi<\/a>, une association contre la dr\u00e9panocytose.\u00a0Aussi, <strong>les patients apprennent au fil du temps \u00e0 int\u00e9rioriser la douleur et \u00e0 vivre avec<\/strong>. Pour autant, les <strong>crises douloureuses <\/strong>peuvent \u00eatre d&rsquo;une telle intensit\u00e9 qu&rsquo;une vie normale ne peut pas \u00eatre possible.<\/p>\n<h2 id=\"3-le-syndrome-de-fatigue-chronique\">3. Le syndrome de fatigue chronique : \u00ab\u00a0Les patients\u00a0n&rsquo;ont pas l&rsquo;air d&rsquo;aller mal\u00a0\u00bb<\/h2>\n<p>Le syndrome de fatigue chronique (SFC ou enc\u00e9phalomy\u00e9lite myalgique), dont les m\u00e9canismes sont encore tr\u00e8s mal compris, toucherait entre <strong>130\u00a0000\u00a0et 270\u00a0000\u00a0personnes<\/strong>,\u00a0<strong>majoritairement les femmes<\/strong>, rapporte l&rsquo;<a href=\"https:\/\/www.inserm.fr\/c-est-quoi\/batterie-defectueuse-cest-quoi-la-fatigue-chronique\/#:~:text=C'est%20quoi%20le%20syndrome%20de%20fatigue%20chronique%20%3F&amp;text=Depuis%20au%20moins%206%20semaines,peu%20connu%20et%20mal%20compris.\" target=\"_blank\" rel=\"noopener\">Inserm<\/a>. Les patients qui en souffrent n&rsquo;ont pas l&rsquo;air d&rsquo;aller mal, car la maladie se caract\u00e9rise par l&rsquo;<strong>alternance de regains d&rsquo;\u00e9nergie et de p\u00e9riodes caract\u00e9ris\u00e9es par\u00a0\u00ab\u00a0<\/strong><em><strong>une fatigue \u00e9crasante <\/strong>qui n&rsquo;est pas soulag\u00e9e par le repos, <strong>un \u00e9puisement permanent <\/strong>qui conduit \u00e0 renoncer \u00e0 toute activit\u00e9, une\u00a0sensation d&rsquo;avoir le cerveau qui tourne constamment au ralenti, et\u00a0des malaises qui clouent au lit<\/em>\u00ab\u00a0. Il appara\u00eet\u00a0soudainement chez une personne jusque-l\u00e0 en bonne sant\u00e9 et non d\u00e9pressive,<strong> sans que l&rsquo;on puisse trouver de cause particuli\u00e8re<\/strong>.\u00a0\u00ab\u00a0<em><strong>Il n&rsquo;existe pour l&rsquo;instant aucun traitement<\/strong> pour aider les patients qui doivent apprendre \u00e0 vivre avec leur maladie, notamment \u00e0 g\u00e9rer leur \u00e9nergie pour \u00e9viter les malaises post-effort<\/em>\u00ab\u00a0, pr\u00e9cise l&rsquo;Inserm.<\/p>\n<h2 id=\"4-le-syndrome-des-ovaires-polykystiques-sopk\">4. Le syndrome des ovaires polykystiques (SOPK) : des signes pas toujours perceptibles<\/h2>\n<p>Le syndrome des ovaires polykystiques (SOPK)\u00a0est la <strong>maladie hormonale la plus fr\u00e9quente chez les femmes en \u00e2ge de procr\u00e9er<\/strong> : <strong>1 femme sur 10 serait concern\u00e9e<\/strong>\u00a0selon\u00a0l&rsquo;<a href=\"https:\/\/www.inserm.fr\/dossier\/syndrome-ovaires-polykystiques-sopk\/#:~:text=Le%20syndrome%20des%20ovaires%20polykystiques,des%20complications%20m%C3%A9taboliques%20(diab%C3%A8te).\" target=\"_blank\" rel=\"noopener\">Inserm<\/a>. Il se caract\u00e9rise par des<strong> troubles de l&rsquo;ovulation <\/strong>qui se traduisent par <strong>des cycles irr\u00e9guliers et un risque accru d&rsquo;infertilit\u00e9<\/strong>, des manifestations que l&rsquo;ext\u00e9rieur ne peut pas percevoir. Certaines femmes ont n\u00e9anmoins des signes perceptibles comme une <strong>hyper-pilosit\u00e9 <\/strong>sur des r\u00e9gions inhabituelles comme le menton, le torse ou le dos, de l&rsquo;acn\u00e9 et une chute de cheveux.\u00a0L&rsquo;origine du d\u00e9s\u00e9quilibre hormonal conduisant au SOPK n&rsquo;est pas clairement identifi\u00e9e et serait <strong>probablement multifactorielle<\/strong>\u00a0:\u00a0g\u00e9n\u00e9tique,\u00a0\u00e9pig\u00e9n\u00e9tique\u00a0et environnementale. Le traitement est uniquement symptomatique.\u00a0<\/p>\n<h2 id=\"5-la-maladie-de-crohn\">5. La maladie de Crohn : des pouss\u00e9es totalement impr\u00e9visibles<\/h2>\n<p>Plus de <strong>120\u00a0000\u00a0personnes<\/strong> sont atteintes de la maladie de Crohn en France, dont la cause reste inconnue \u00e0 ce jour, rapporte la <a href=\"https:\/\/www.snfge.org\/content\/maladie-de-crohn-0\" target=\"_blank\" rel=\"noopener\">Soci\u00e9t\u00e9 savante des maladies et des cancers de l&rsquo;appareil digestif<\/a>\u00a0(SNFGE). C&rsquo;est une pathologie<b>\u00a0inflammatoire chronique de l&rsquo;intestin pouvant toucher tout le tube digestif.<\/b>\u00a0Elle occasionne\u00a0des diarrh\u00e9es et des douleurs abdominales, qui \u00e9voluent\u00a0souvent par des phases d&rsquo;activit\u00e9 appel\u00e9es <strong>\u00ab\u00a0pouss\u00e9es\u00a0\u00bb totalement impr\u00e9visibles<\/strong> et tr\u00e8s variables en intensit\u00e9, <strong>entrecoup\u00e9es de p\u00e9riodes de r\u00e9mission\u00a0<\/strong>ce qui fait que la maladie est consid\u00e9r\u00e9e <strong>comme \u00ab\u00a0invisible\u00a0\u00bb<\/strong>. Les patients peuvent \u00e9galement<strong> cacher aux autres qu&rsquo;ils souffrent<\/strong> physiquement. Pour autant, l&rsquo;impact de cette maladie sur la qualit\u00e9 de vie peut \u00eatre consid\u00e9rable.<\/p>\n<h2 id=\"6-lendometriose\">6. L&rsquo;endom\u00e9triose : la maladie passe parfois inaper\u00e7ue<\/h2>\n<p>L&rsquo;endom\u00e9triose est une maladie\u00a0gyn\u00e9cologique inflammatoire et chronique qui concernerait <strong>1 femme menstru\u00e9e sur 10 (soit 2 millions de femmes en France<\/strong>, un chiffre certainement sous-estim\u00e9)<strong>, <\/strong>selon <a href=\"https:\/\/www.endofrance.org\/la-maladie-endometriose\/qu-est-ce-que-l-endometriose\/#:~:text=L'endom%C3%A9triose%20touche%201%20femme,menstru%C3%A9es%20atteintes%20par%20cette%20maladie.\" target=\"_blank\" rel=\"noopener\">EndoFrance<\/a>.\u00a0Les femmes touch\u00e9es ont\u00a0le tissu endom\u00e9trial (qui tapisse normalement leur ut\u00e9rus) qui se d\u00e9veloppe hors de la cavit\u00e9 ut\u00e9rine, provoquant <strong>des douleurs pelviennes<\/strong>, plus importantes au moment des r\u00e8gles, et des probl\u00e8mes de fertilit\u00e9. Chez certaines femmes, <strong>la maladie\u00a0passe inaper\u00e7ue<\/strong>, particuli\u00e8rement \u00e0 l&rsquo;adolescence. Chez d&rsquo;autres, elle est indolore mais elle a d&rsquo;importantes cons\u00e9quences sur la fertilit\u00e9. Ou encore, elle est extr\u00eamement invalidante et peut avoir des cons\u00e9quences sur la vie sociale et professionnelle. C&rsquo;est <strong>une maladie complexe et difficile \u00e0 diagnostiquer<\/strong> : les\u00a0l\u00e9sions d&rsquo;endom\u00e9triose peuvent \u00eatre difficilement visibles lors des imageries, ce qui engendre souvent une <strong>errance m\u00e9dicale<\/strong> et de longues p\u00e9riodes d&rsquo;examens pour d\u00e9tecter cette maladie.\u00a0<\/p>\n<\/p><\/div>\n<p>[ad_2]<br \/>\n<br \/><a href=\"https:\/\/sante.journaldesfemmes.fr\/fiches-maladies\/2938337-article-maladies-invisibles\/\">Source link <\/a><\/p>\n","protected":false},"excerpt":{"rendered":"<p>[ad_1] Certaines maladies sont dites invisibles\u00a0: leurs sympt\u00f4mes ne se voient pas de l&rsquo;ext\u00e9rieur, si bien qu&rsquo;elles peuvent \u00eatre mal &hellip; <a href=\"http:\/\/www.affinite.fr\/index.php\/2023\/08\/20\/6-maladies-invisibles-qui-font-pourtant-souffrir\/\" class=\"more-link\">Plus <span class=\"screen-reader-text\">6\u00a0maladies invisibles (qui font pourtant souffrir)<\/span> <span class=\"meta-nav\">&rarr;<\/span><\/a><\/p>\n","protected":false},"author":1,"featured_media":9443,"comment_status":"","ping_status":"open","sticky":false,"template":"","format":"standard","meta":{"_sitemap_exclude":false,"_sitemap_priority":"","_sitemap_frequency":"","footnotes":""},"categories":[1],"tags":[],"class_list":["post-9442","post","type-post","status-publish","format-standard","has-post-thumbnail","hentry","category-tous"],"_links":{"self":[{"href":"http:\/\/www.affinite.fr\/index.php\/wp-json\/wp\/v2\/posts\/9442"}],"collection":[{"href":"http:\/\/www.affinite.fr\/index.php\/wp-json\/wp\/v2\/posts"}],"about":[{"href":"http:\/\/www.affinite.fr\/index.php\/wp-json\/wp\/v2\/types\/post"}],"author":[{"embeddable":true,"href":"http:\/\/www.affinite.fr\/index.php\/wp-json\/wp\/v2\/users\/1"}],"replies":[{"embeddable":true,"href":"http:\/\/www.affinite.fr\/index.php\/wp-json\/wp\/v2\/comments?post=9442"}],"version-history":[{"count":0,"href":"http:\/\/www.affinite.fr\/index.php\/wp-json\/wp\/v2\/posts\/9442\/revisions"}],"wp:featuredmedia":[{"embeddable":true,"href":"http:\/\/www.affinite.fr\/index.php\/wp-json\/wp\/v2\/media\/9443"}],"wp:attachment":[{"href":"http:\/\/www.affinite.fr\/index.php\/wp-json\/wp\/v2\/media?parent=9442"}],"wp:term":[{"taxonomy":"category","embeddable":true,"href":"http:\/\/www.affinite.fr\/index.php\/wp-json\/wp\/v2\/categories?post=9442"},{"taxonomy":"post_tag","embeddable":true,"href":"http:\/\/www.affinite.fr\/index.php\/wp-json\/wp\/v2\/tags?post=9442"}],"curies":[{"name":"wp","href":"https:\/\/api.w.org\/{rel}","templated":true}]}}