{"id":944,"date":"2020-03-21T15:53:18","date_gmt":"2020-03-21T15:53:18","guid":{"rendered":"https:\/\/www.affinite.fr\/index.php\/2020\/03\/21\/il-parcourt-460-km-en-trottinette-electrique-en-24h\/"},"modified":"2020-03-21T15:53:18","modified_gmt":"2020-03-21T15:53:18","slug":"il-parcourt-460-km-en-trottinette-electrique-en-24h","status":"publish","type":"post","link":"http:\/\/www.affinite.fr\/index.php\/2020\/03\/21\/il-parcourt-460-km-en-trottinette-electrique-en-24h\/","title":{"rendered":"Il parcourt 460 km en trottinette \u00e9lectrique en 24h"},"content":{"rendered":"<p> [ad_1]<br \/>\n<\/p>\n<div itemprop=\"articleBody\">\n<p>Le XX\u00e8me si\u00e8cle avait ses 24 heures du Mans, le XXIe vise d\u2019autres sommets et c\u2019est dans cette recherche constante de nouveaux d\u00e9fis, qu\u2019un am\u00e9ricain s\u2019est mis en t\u00eate de parcourir la plus grande distance possible en 24h\u2026 et en trottinette \u00e9lectrique. Eric Decker est coutumier de ce genre d\u2019activit\u00e9s puisqu\u2019il a d\u00e9j\u00e0 r\u00e9alis\u00e9 une prouesse identique en skateboard \u00e9lectrique, mais cette fois c\u2019est \u00e0 une bonne vieille trottinette qu\u2019il s\u2019en est remis pour rallier Daytona Beach en partant de Miami.\u00a0<\/p>\n<p>\n            <iframe loading=\"lazy\" width=\"560\" height=\"315\" src=\"https:\/\/www.youtube.com\/embed\/dGo9SOd69WA\" frameborder=\"0\" allow=\"accelerometer; autoplay; encrypted-media; gyroscope; picture-in-picture\" allowfullscreen=\"\"><\/iframe><\/p>\n<p>Si la performance s\u2019est av\u00e9r\u00e9e concluante -notre h\u00e9ros a bien atteint son point de chute-, les conditions dans lesquelles il a r\u00e9alis\u00e9 ce record pourraient bien soulever quelques interrogations. Le mod\u00e8le choisi par Decker n\u2019a rien de particulier, c\u2019est une trottinette EMove Cruiser, vendue dans le commerce. Elle\u00a0peut atteindre les 40 km\/h et offre une autonomie plus qu\u2019honorable de 80 \u00e0 97 km en fonction du parcours et du gabarit de son conducteur. Jusqu\u2019ici rien\u00a0qui ne puisse invalider la performance.<\/p>\n<figure class=\"figure text-center\"><img decoding=\"async\" class=\"article-img img-responsive-l\" src=\"https:\/\/img.bfmtv.com\/c\/0\/708\/626\/e623e1013d5fb6623d606f07aecdb.png\" alt=\"\"\/><figcaption class=\"figure-caption figcaption color-txt-0 title-xs hidden-xs\">\n                                    Eric Decker<br \/>\n                                                    &#8211; L&rsquo;un des trois mod\u00e8les d&rsquo;EMove cruiser utilis\u00e9 pour la travers\u00e9e.<br \/>\n                            <\/figcaption><\/figure>\n<p>Mais Eric Decker ne s\u2019est pas content\u00e9 d\u2019une seule trottinette, l\u2019\u00e9quipe qui l\u2019a suivi avait dans ses bagages deux autres mod\u00e8les d\u2019EMove Cruiser. Cela lui a ainsi permis de changer de trottinette sans avoir \u00e0 recharger sa batterie. Les deux mod\u00e8les de remplacement devaient, eux, se charger, dans la voiture qui suivait le performeur.\u00a0<\/p>\n<aside class=\"bg-color-0 padding-inside-all-s bloc border-s\">\n<h4 class=\"box-txt-normal\">\n<p><strong>A d\u00e9couvrir aussi en vid\u00e9o<\/strong><\/p>\n<\/h4>\n<\/aside>\n<h3 style=\"color:#333; font-family:arial,helvetica,sans-serif; font-size:23px; font-weight:700\">20km\/h de vitesse moyenne<\/h3>\n<p>Malheureusement pour elle, l\u2019\u00e9quipe n\u2019avait pas v\u00e9rifi\u00e9 la capacit\u00e9 du chargeur de la voiture et a \u00e9t\u00e9 confront\u00e9e\u00a0\u00e0\u00a0l\u2019obligation de trouver d\u2019autres moyens pour recharger les trottinettes de remplacement. Les prises publiques des h\u00f4tels (110V aux Etats-Unis) ou encore celles des stations services sur le trajet ont \u00e9t\u00e9 employ\u00e9es pour permettre \u00e0 Decker d\u2019avancer sans perdre de temps.<\/p>\n<figure class=\"figure text-center\"><img decoding=\"async\" class=\"article-img img-responsive-l\" src=\"https:\/\/img.bfmtv.com\/c\/0\/708\/108fc\/6c4b94a9ed930981ef2bee3d36f.png\" alt=\"\"\/><figcaption class=\"figure-caption figcaption color-txt-0 title-xs hidden-xs\">\n                                    Eric Decker<br \/>\n                                                    &#8211; La recharge, principal frein au record.<br \/>\n                            <\/figcaption><\/figure>\n<p>Finalement, le jeune am\u00e9ricain a atteint sa destination gr\u00e2ce \u00e0 une derni\u00e8re charge sauvage nocturne de 6 heures, dans une station service. La distance de 460 km a \u00e9t\u00e9 parcourue \u00e0 une vitesse moyenne de 20 km\/h, dans le strict\u00a0respect du code de la route, et avec quelques pauses pour reposer son corps passablement fatigu\u00e9. En effet, Eric Decker s\u2019est dit \u00e9puis\u00e9 apr\u00e8s cette \u00e9preuve ressemblant\u00a0\u00e0 un v\u00e9ritable \u00ab\u00a0cauchemar\u00a0\u00bb. L\u2019histoire ne dit pas si notre h\u00e9ros compte r\u00e9\u00e9diter l\u2019exp\u00e9rience en Lime ou en Bird.\u00a0<\/p>\n<\/p><\/div>\n<p><script>\n         !function(f,b,e,v,n,t,s){if(f.fbq)return;n=f.fbq=function()\n         {n.callMethod? n.callMethod.apply(n,arguments):n.queue.push(arguments)}\n         ;if(!f._fbq)f._fbq=n;\n             n.push=n;n.loaded=!0;n.version='2.0';n.queue=[];t=b.createElement(e);t.async=!0;\n             t.src=v;s=b.getElementsByTagName(e)[0];s.parentNode.insertBefore(t,s)}(window,\n                 document,'script','https:\/\/connect.facebook.net\/en_US\/fbevents.js');\n         fbq('init', '1065890633454496');\n         fbq('track', 'PageView');\n     <\/script><br \/>\n<br \/>[ad_2]<br \/>\n<br \/><a href=\"https:\/\/www.01net.com\/actualites\/il-parcourt-460-km-en-trottinette-electrique-en-24h-1878598.html\">Source link <\/a><\/p>\n","protected":false},"excerpt":{"rendered":"<p>[ad_1] Le XX\u00e8me si\u00e8cle avait ses 24 heures du Mans, le XXIe vise d\u2019autres sommets et c\u2019est dans cette recherche &hellip; <a href=\"http:\/\/www.affinite.fr\/index.php\/2020\/03\/21\/il-parcourt-460-km-en-trottinette-electrique-en-24h\/\" class=\"more-link\">Plus <span class=\"screen-reader-text\">Il parcourt 460 km en trottinette \u00e9lectrique en 24h<\/span> <span class=\"meta-nav\">&rarr;<\/span><\/a><\/p>\n","protected":false},"author":1,"featured_media":945,"comment_status":"open","ping_status":"open","sticky":false,"template":"","format":"standard","meta":{"_sitemap_exclude":false,"_sitemap_priority":"","_sitemap_frequency":"","footnotes":""},"categories":[1],"tags":[],"class_list":["post-944","post","type-post","status-publish","format-standard","has-post-thumbnail","hentry","category-tous"],"_links":{"self":[{"href":"http:\/\/www.affinite.fr\/index.php\/wp-json\/wp\/v2\/posts\/944"}],"collection":[{"href":"http:\/\/www.affinite.fr\/index.php\/wp-json\/wp\/v2\/posts"}],"about":[{"href":"http:\/\/www.affinite.fr\/index.php\/wp-json\/wp\/v2\/types\/post"}],"author":[{"embeddable":true,"href":"http:\/\/www.affinite.fr\/index.php\/wp-json\/wp\/v2\/users\/1"}],"replies":[{"embeddable":true,"href":"http:\/\/www.affinite.fr\/index.php\/wp-json\/wp\/v2\/comments?post=944"}],"version-history":[{"count":0,"href":"http:\/\/www.affinite.fr\/index.php\/wp-json\/wp\/v2\/posts\/944\/revisions"}],"wp:featuredmedia":[{"embeddable":true,"href":"http:\/\/www.affinite.fr\/index.php\/wp-json\/wp\/v2\/media\/945"}],"wp:attachment":[{"href":"http:\/\/www.affinite.fr\/index.php\/wp-json\/wp\/v2\/media?parent=944"}],"wp:term":[{"taxonomy":"category","embeddable":true,"href":"http:\/\/www.affinite.fr\/index.php\/wp-json\/wp\/v2\/categories?post=944"},{"taxonomy":"post_tag","embeddable":true,"href":"http:\/\/www.affinite.fr\/index.php\/wp-json\/wp\/v2\/tags?post=944"}],"curies":[{"name":"wp","href":"https:\/\/api.w.org\/{rel}","templated":true}]}}