{"id":9436,"date":"2023-08-18T18:45:02","date_gmt":"2023-08-18T18:45:02","guid":{"rendered":"https:\/\/www.affinite.fr\/index.php\/2023\/08\/18\/conseils-bons-plans-et-achats-a-eviter\/"},"modified":"2023-08-18T18:45:02","modified_gmt":"2023-08-18T18:45:02","slug":"conseils-bons-plans-et-achats-a-eviter","status":"publish","type":"post","link":"http:\/\/www.affinite.fr\/index.php\/2023\/08\/18\/conseils-bons-plans-et-achats-a-eviter\/","title":{"rendered":"conseils, bons plans et achats \u00e0 \u00e9viter"},"content":{"rendered":"<p> [ad_1]<br \/>\n<br \/><img decoding=\"async\" src=\"https:\/\/img-3.journaldesfemmes.fr\/gOAxyKMPOS85MOxVQVN3ngE370I=\/1280x\/smart\/1a44e69b8d714d34a157702525d1f82e\/ccmcms-jdf\/39644960.jpg\" \/><\/p>\n<p>\n                Outre les bibelots d&rsquo;antan et les vinyles collector, les produits de beaut\u00e9, aussi, ont leur place \u00e0 prendre sur les vides greniers. Rouge \u00e0 l\u00e8vres, blush, parfums&#8230; Tout se n\u00e9gocie. Cependant, certaines mises en garde sont \u00e0 consid\u00e9rer. Suivez nos recommandations pour un shopping beaut\u00e9 optimal, m\u00eame de seconde main.            <\/p>\n<div>\n<aside class=\"ccmsummary marqueur_module ccmcss_cms_summary ccmcss_cms_summary--right\">\n<p>Sommaire<\/p>\n<p><lt-highlighter contenteditable=\"false\" data-lt-linked=\"1\" style=\"display: none;\"><lt-div class=\"lt-highlighter__wrapper\" spellcheck=\"false\" style=\"width: 314.292px !important; height: 64.5938px !important; transform: none !important; transform-origin: 157.146px 32.2969px !important; zoom: 1 !important; margin-top: 3px !important;\"><lt-div class=\"lt-highlighter__scroll-element\" style=\"top: 0px !important; left: 0px !important; width: 314px !important; height: 64.5938px !important;\"\/><\/lt-div><\/lt-highlighter><\/p>\n<\/aside>\n<p>La saison des brocantes est lanc\u00e9e\u00a0! Si vous \u00eates \u00e0 la recherche de la perle rare en mati\u00e8re de cosm\u00e9tique ou simplement curieux de d\u00e9couvrir le coin beaut\u00e9 des divers \u00e9talages, <strong>quelques consignes sont \u00e0 respecter<\/strong>. Comment r\u00e9utiliser du <a href=\"https:\/\/www.journaldesfemmes.fr\/beaute\/maquillage\/\" title=\"Maquillage\">maquillage<\/a> d&rsquo;occasion\u00a0? Quelles sont les marques \u00e0 d\u00e9nicher et les emplettes \u00e0 \u00e9viter\u00a0? Voici nos conseils.<\/p>\n<p>Si acheter un <a href=\"https:\/\/www.journaldesfemmes.fr\/beaute\/conseils-maquillage\/2706043-rouge-a-levres\/\" title=\"Rouges \u00e0 l\u00e8vres\">rouge \u00e0 l\u00e8vres<\/a> ou un mascara \u00e0 quelques centimes en vide grenier est particuli\u00e8rement attrayant, il sera primordial d&rsquo;adopter <strong>certaines r\u00e8gles d&rsquo;hygi\u00e8ne<\/strong>\u00a0avant de les appliquer.<\/p>\n<h3><strong>De l&rsquo;eau micellaire pour le mascara<\/strong><\/h3>\n<p>Concernant la r\u00e9utilisation d&rsquo;un mascara, la premi\u00e8re \u00e9tape \u00e0 suivre est de <strong>nettoyer les picots de votre brosse avec de l&rsquo;eau micellaire<\/strong>, puis du savon.\u00a0Frottez \u00e9nergiquement, rincez et laissez s\u00e9cher toute une nuit.\u00a0Pendant ce temps, veillez\u00a0\u00e0 envelopper\u00a0votre contenant d&rsquo;un film plastique afin que la mati\u00e8re ne s\u00e8che pas.\u00a0Le lendemain, replongez votre brosse \u00e0 mascara dans son tube en ajoutant une petite dose de <strong>cr\u00e8me hydratante<\/strong>.\u00a0Voil\u00e0\u00a0une seconde vie pour votre mascara\u202f!<\/p>\n<h3><strong>Couper le raisin de votre rouge \u00e0 l\u00e8vres<\/strong><\/h3>\n<p>C\u00f4t\u00e9 l\u00e8vres, on est intransigeant sur l&rsquo;hygi\u00e8ne.\u00a0Pas question de d\u00e9velopper des bact\u00e9ries sur cette zone sensible du\u00a0visage.\u00a0Pour cela, afin de recycler un rouge \u00e0 l\u00e8vres achet\u00e9 en brocante, prenez soin de <strong>couper l&rsquo;extr\u00e9mit\u00e9 du raisin<\/strong> \u00e0 l&rsquo;aide d&rsquo;une<strong> lame de rasoir chauff\u00e9e <\/strong>et nettoyez\u00a0les contours \u00e0 l&rsquo;aide d&rsquo;un <strong>pinceau \u00e0 l\u00e8vres<\/strong>. R\u00e9sultat, un rouge \u00e0 l\u00e8vres comme neuf.<\/p>\n<aside class=\"cke-aside\"><strong>Attention !<\/strong> On \u00e9vite de couper le raisin\u00a0avec un <strong>couteau <\/strong>au risque de laisser des traces de crans et d&rsquo;endommager votre rouge \u00e0 l\u00e8vres.<\/aside>\n<h3><strong>D\u00e9sinfecter vos poudres<\/strong><\/h3>\n<p>Pour ce qui est des <a href=\"https:\/\/www.journaldesfemmes.fr\/beaute\/conseils-maquillage\/2090433-fond-de-teint\/\" title=\"Fond de teint\">fonds de teint<\/a> poudre, blush, highlighters et fards \u00e0 paupi\u00e8res, nous vous conseillons de les <strong>d\u00e9sinfecter avec de l&rsquo;alcool \u00e0 90 degr\u00e9s<\/strong> avant toute r\u00e9utilisation. Il vous suffira de gratter la poudre de votre maquillage dans un bol.\u00a0Ajoutez quelques gouttes d&rsquo;alcool \u00e0 90 degr\u00e9s et remuez jusqu&rsquo;\u00e0 l&rsquo;obtention d&rsquo;une<strong> p\u00e2te mousseuse<\/strong>.\u00a0Versez ensuite cette p\u00e2te dans son contenant d&rsquo;origine, puis \u00e9talez-la \u00e0 l&rsquo;aide d&rsquo;un cure-dent afin d&rsquo;obtenir une surface lisse et unifi\u00e9e.\u00a0Il ne vous reste plus qu&rsquo;\u00e0 <strong>compresser la mati\u00e8re et attendre 24h <\/strong>que la poudre soit bien s\u00e8che.<\/p>\n<h2 id=\"les-bons-plans-beaute-en-vide-grenier-\">Les bons plans beaut\u00e9 en vide grenier \u00a0<\/h2>\n<p>Quelques astuces sont \u00e0 conna\u00eetre lorsque vous d\u00e9ambulez entre\u00a0les stands des brocantes.\u00a0Pour vos emplettes\u00a0beaut\u00e9, <strong>misez sur des achats en lot<\/strong>. Afin d&rsquo;en obtenir le meilleur prix et de dissimuler la marque un peu plus on\u00e9reuse que les autres, proposez un tir group\u00e9.\u00a0C\u00f4t\u00e9 coiffures, recherchez<strong> des accessoires offrant un look r\u00e9tro <\/strong>\u00e0 vos mises en beaut\u00e9.\u00a0M\u00e8ches color\u00e9es, fer \u00e0 friser crant\u00e9, serres t\u00eates, barrettes de nos grands-m\u00e8res : on parie\u00a0sur le vintage ! Enfin pour les beautystas aguerries, aiguisez votre \u0153il et soyez \u00e0 l&rsquo;aff\u00fbt des <strong>marques qui ne sont plus commercialis\u00e9es<\/strong>.\u00a0Urban Decay, Becca, Eyes Lips Face&#8230; De nombreuses p\u00e9pites sont \u00e0 guetter.\u00a0<\/p>\n<h2 id=\"quels-sont-les-achats-a-eviter-en-brocante-\">Quels sont les achats \u00e0 \u00e9viter en brocante ?<\/h2>\n<p>Evidemment tout n&rsquo;est pas bon \u00e0 prendre.\u00a0Quelques achats sont, en effet, \u00e0 \u00e9viter lorsqu&rsquo;on ach\u00e8te du make-up de seconde main.<\/p>\n<ul>\n<li><strong>Les pinceaux :<\/strong>\u00a0\u00a0Ce sont de vrais nids \u00e0 bact\u00e9ries.\u00a0M\u00eame apr\u00e8s plusieurs lavages, les pinceaux restent pourvus d<strong>&lsquo;impuret\u00e9s<\/strong> impossibles \u00e0 \u00e9liminer dans sa totalit\u00e9.\u00a0Pour cet accessoire beaut\u00e9, il vaut mieux faire l&rsquo;impasse.\u00a0<\/li>\n<li><strong>Les parfums :\u00a0<\/strong>Entam\u00e9s ou non, on passe son tour.\u00a0En plus de ne pas garantir <strong>la qualit\u00e9 et la provenance de la fragrance<\/strong>, l&rsquo;odeur du parfum peut avoir tourn\u00e9 et ainsi favoriser l&rsquo;apparition d&rsquo;\u00e9ruptions cutan\u00e9es.\u00a0Pour cela, on se rend au rayon parfumerie.<\/li>\n<li><strong>Les soins pour la peau :\u00a0<\/strong>En format cr\u00e8me, spray ou gel, les soins pour la peau ont des <strong>dates de p\u00e9remption<\/strong> \u00e0 respecter.\u00a0M\u00eame si le produit est neuf, celui-ci peut avoir \u00e9t\u00e9 conserv\u00e9 dans un endroit chaud et humide et ainsi transform\u00e9\u00a0la mati\u00e8re.\u00a0<\/li>\n<\/ul>\n<p>Voici donc le guide \u00e0 suivre pour arpenter les stands des vides greniers, telle une beautysta avertie.\u00a0<\/p>\n<p><lt-toolbar contenteditable=\"false\" data-lt-adjust-appearance=\"true\" data-lt-force-appearance=\"light\" style=\"display: none;\"><lt-div class=\"lt-toolbar__wrapper\" style=\"left: 872px; position: absolute !important; top: 78px !important; bottom: auto !important; z-index: 1;\"><lt-div class=\"lt-toolbar__status-icon lt-toolbar__status-icon--has-no-errors\" title=\"\"\/><lt-div class=\"lt-toolbar__premium-icon-dot\"\/><\/lt-div><\/lt-toolbar><\/p><\/div>\n<p>[ad_2]<br \/>\n<br \/><a href=\"https:\/\/www.journaldesfemmes.fr\/beaute\/conseils-maquillage\/2936039-produits-de-beaute-en-vide-grenier-conseils-bons-plans-et-achats-a-eviter\/\">Source link <\/a><\/p>\n","protected":false},"excerpt":{"rendered":"<p>[ad_1] Outre les bibelots d&rsquo;antan et les vinyles collector, les produits de beaut\u00e9, aussi, ont leur place \u00e0 prendre sur &hellip; <a href=\"http:\/\/www.affinite.fr\/index.php\/2023\/08\/18\/conseils-bons-plans-et-achats-a-eviter\/\" class=\"more-link\">Plus <span class=\"screen-reader-text\">conseils, bons plans et achats \u00e0 \u00e9viter<\/span> <span class=\"meta-nav\">&rarr;<\/span><\/a><\/p>\n","protected":false},"author":1,"featured_media":9437,"comment_status":"","ping_status":"open","sticky":false,"template":"","format":"standard","meta":{"_sitemap_exclude":false,"_sitemap_priority":"","_sitemap_frequency":"","footnotes":""},"categories":[1],"tags":[],"class_list":["post-9436","post","type-post","status-publish","format-standard","has-post-thumbnail","hentry","category-tous"],"_links":{"self":[{"href":"http:\/\/www.affinite.fr\/index.php\/wp-json\/wp\/v2\/posts\/9436"}],"collection":[{"href":"http:\/\/www.affinite.fr\/index.php\/wp-json\/wp\/v2\/posts"}],"about":[{"href":"http:\/\/www.affinite.fr\/index.php\/wp-json\/wp\/v2\/types\/post"}],"author":[{"embeddable":true,"href":"http:\/\/www.affinite.fr\/index.php\/wp-json\/wp\/v2\/users\/1"}],"replies":[{"embeddable":true,"href":"http:\/\/www.affinite.fr\/index.php\/wp-json\/wp\/v2\/comments?post=9436"}],"version-history":[{"count":0,"href":"http:\/\/www.affinite.fr\/index.php\/wp-json\/wp\/v2\/posts\/9436\/revisions"}],"wp:featuredmedia":[{"embeddable":true,"href":"http:\/\/www.affinite.fr\/index.php\/wp-json\/wp\/v2\/media\/9437"}],"wp:attachment":[{"href":"http:\/\/www.affinite.fr\/index.php\/wp-json\/wp\/v2\/media?parent=9436"}],"wp:term":[{"taxonomy":"category","embeddable":true,"href":"http:\/\/www.affinite.fr\/index.php\/wp-json\/wp\/v2\/categories?post=9436"},{"taxonomy":"post_tag","embeddable":true,"href":"http:\/\/www.affinite.fr\/index.php\/wp-json\/wp\/v2\/tags?post=9436"}],"curies":[{"name":"wp","href":"https:\/\/api.w.org\/{rel}","templated":true}]}}