{"id":9427,"date":"2023-08-16T18:42:11","date_gmt":"2023-08-16T18:42:11","guid":{"rendered":"https:\/\/www.affinite.fr\/index.php\/2023\/08\/16\/valerie-trierweiler-sassume-sans-maquillage-et-decoiffee-decouvrez-comment-elle-conserve-son-capital-jeunesse\/"},"modified":"2023-08-16T18:42:11","modified_gmt":"2023-08-16T18:42:11","slug":"valerie-trierweiler-sassume-sans-maquillage-et-decoiffee-decouvrez-comment-elle-conserve-son-capital-jeunesse","status":"publish","type":"post","link":"http:\/\/www.affinite.fr\/index.php\/2023\/08\/16\/valerie-trierweiler-sassume-sans-maquillage-et-decoiffee-decouvrez-comment-elle-conserve-son-capital-jeunesse\/","title":{"rendered":"Val\u00e9rie Trierweiler s&rsquo;assume sans maquillage et d\u00e9coiff\u00e9e, d\u00e9couvrez comment elle conserve son capital jeunesse"},"content":{"rendered":"<p> [ad_1]<br \/>\n<br \/><img decoding=\"async\" src=\"https:\/\/img-3.journaldesfemmes.fr\/7D46SOP0SdFqLx1S8cnDtrDfmAA=\/1280x\/smart\/7242ab8796c94f4bae51ac90122bc221\/ccmcms-jdf\/39654305.jpg\" \/><\/p>\n<p>\n                Exit le maquillage sophistiqu\u00e9 et le brushing parfait\u00a0: Val\u00e9rie Trierweiler laisse tomber les artifices. L&rsquo;ex de Fran\u00e7ois Hollande est superbe au naturel. La preuve en photo.            <\/p>\n<div>\n<p>Alors que certaines stars brillent sur leurs photos de vacances avec un <a href=\"https:\/\/www.journaldesfemmes.fr\/beaute\/maquillage\/\" title=\"Maquillage\">maquillage<\/a> \u00ab\u00a0golden hour\u00a0\u00bb et un bikini sexy, Val\u00e9rie Trierweiler pr\u00e9f\u00e8re jouer la carte de la simplicit\u00e9.\u00a0L&rsquo;ancienne compagne de Fran\u00e7ois Hollande est d&rsquo;un naturel d\u00e9concertant.<\/p>\n<h2>Val\u00e9rie Trierweiller s&rsquo;affiche sans maquillage<\/h2>\n<p>C&rsquo;est sur son compte Instagram que Val\u00e9rie Trierweiller partage ses clich\u00e9s de vacances.\u00a0Le 13 ao\u00fbt dernier, l&rsquo;ancienne journaliste a post\u00e9 une photo personnelle de son s\u00e9jour \u00e0 la campagne.<em>\u00a0\u00ab\u00a0Et c\u2019est reparti pour une s\u00e9ance de d\u00e9noyautage ! Bon dimanche \u00e0 tous\u00a0\u00bb<\/em>, a-t-elle \u00e9crit en l\u00e9gende de son post Instagram sur lequel on la voit face \u00e0 deux grands bacs remplis de mirabelles de son jardin. Outre cette nouvelle activit\u00e9, <a href=\"https:\/\/www.journaldesfemmes.fr\/people\/personnalites\/2892573-valerie-trierweiler-age-fils-compagnon-rupture-bio\/\" title=\"Val\u00e9rie Trierweiler\">Val\u00e9rie Trierweiler<\/a> surprend avec <strong>son look beaut\u00e9 estival.<\/strong> V\u00eatue d&rsquo;un tablier estampill\u00e9 \u00ab\u00a0Chez Val\u00e9rie\u00a0\u00bb et d&rsquo;un chapeau de paille, la Fran\u00e7aise r\u00e9v\u00e8le\u00a0un visage <a href=\"https:\/\/www.journaldesfemmes.fr\/beaute\/beaute-de-stars\/2857345-star-sans-maquillage-decouvrez-les-celebrites-sans-retouche\/\" title=\"Stars sans maquillage\">sans maquillage<\/a>\u00a0et des <strong>cheveux d\u00e9coiff\u00e9s.<\/strong> Alors qu&rsquo;elle \u00e9tait toujours tir\u00e9e \u00e0 quatre \u00e9pingles lorsqu&rsquo;elle \u00e9tait la Premi\u00e8re dame de France, Val\u00e9rie Trierweiler se montre sans fioritures, r\u00e9v\u00e9lant une beaut\u00e9 simple et naturelle.<\/p>\n<h2>Les astuces anti-\u00e2ge de Val\u00e9rie Trierweiler<\/h2>\n<p>\u00c0 l&rsquo;\u00e2ge de 58 ans, Val\u00e9rie Trierweiler n&rsquo;a pas peur de montrer sa peau nue. Pour obtenir\u00a0<strong>ce teint \u00e9clatant et juv\u00e9nile<\/strong>, la maman de trois enfants sait qu&rsquo;il faut se prot\u00e9ger du soleil, dont les rayons n\u00e9fastes acc\u00e9l\u00e8rent le vieillissement cutan\u00e9.\u00a0C&rsquo;est sur Instagram qu&rsquo;on d\u00e9couvre<strong> les accessoires anti-\u00e2ge f\u00e9tiches<\/strong> de la star : un large chapeau sur la t\u00eate et des lunettes de soleil XXL.\u00a0Ainsi, en plus de pr\u00e9senter un style impeccable, Val\u00e9rie Trierweiler s&rsquo;assure une protection efficace contre le soleil, conservant son capital jeunesse.\u00a0Malin !<\/p>\n<\/p><\/div>\n<p>[ad_2]<br \/>\n<br \/><a href=\"https:\/\/www.journaldesfemmes.fr\/beaute\/magazine\/2942415-valerie-trierweiler-sans-maquillage-cheveux-decoiffes-visage-naturel-photo-vacances-instagram\/\">Source link <\/a><\/p>\n","protected":false},"excerpt":{"rendered":"<p>[ad_1] Exit le maquillage sophistiqu\u00e9 et le brushing parfait\u00a0: Val\u00e9rie Trierweiler laisse tomber les artifices. L&rsquo;ex de Fran\u00e7ois Hollande est &hellip; <a href=\"http:\/\/www.affinite.fr\/index.php\/2023\/08\/16\/valerie-trierweiler-sassume-sans-maquillage-et-decoiffee-decouvrez-comment-elle-conserve-son-capital-jeunesse\/\" class=\"more-link\">Plus <span class=\"screen-reader-text\">Val\u00e9rie Trierweiler s&rsquo;assume sans maquillage et d\u00e9coiff\u00e9e, d\u00e9couvrez comment elle conserve son capital jeunesse<\/span> <span class=\"meta-nav\">&rarr;<\/span><\/a><\/p>\n","protected":false},"author":1,"featured_media":9428,"comment_status":"","ping_status":"open","sticky":false,"template":"","format":"standard","meta":{"_sitemap_exclude":false,"_sitemap_priority":"","_sitemap_frequency":"","footnotes":""},"categories":[1],"tags":[],"class_list":["post-9427","post","type-post","status-publish","format-standard","has-post-thumbnail","hentry","category-tous"],"_links":{"self":[{"href":"http:\/\/www.affinite.fr\/index.php\/wp-json\/wp\/v2\/posts\/9427"}],"collection":[{"href":"http:\/\/www.affinite.fr\/index.php\/wp-json\/wp\/v2\/posts"}],"about":[{"href":"http:\/\/www.affinite.fr\/index.php\/wp-json\/wp\/v2\/types\/post"}],"author":[{"embeddable":true,"href":"http:\/\/www.affinite.fr\/index.php\/wp-json\/wp\/v2\/users\/1"}],"replies":[{"embeddable":true,"href":"http:\/\/www.affinite.fr\/index.php\/wp-json\/wp\/v2\/comments?post=9427"}],"version-history":[{"count":0,"href":"http:\/\/www.affinite.fr\/index.php\/wp-json\/wp\/v2\/posts\/9427\/revisions"}],"wp:featuredmedia":[{"embeddable":true,"href":"http:\/\/www.affinite.fr\/index.php\/wp-json\/wp\/v2\/media\/9428"}],"wp:attachment":[{"href":"http:\/\/www.affinite.fr\/index.php\/wp-json\/wp\/v2\/media?parent=9427"}],"wp:term":[{"taxonomy":"category","embeddable":true,"href":"http:\/\/www.affinite.fr\/index.php\/wp-json\/wp\/v2\/categories?post=9427"},{"taxonomy":"post_tag","embeddable":true,"href":"http:\/\/www.affinite.fr\/index.php\/wp-json\/wp\/v2\/tags?post=9427"}],"curies":[{"name":"wp","href":"https:\/\/api.w.org\/{rel}","templated":true}]}}