{"id":940,"date":"2020-03-21T13:38:37","date_gmt":"2020-03-21T13:38:37","guid":{"rendered":"https:\/\/www.affinite.fr\/index.php\/2020\/03\/21\/un-drone-survole-nice-et-cannes-pour-faire-respecter-les-mesures-de-confinement\/"},"modified":"2020-03-21T13:38:37","modified_gmt":"2020-03-21T13:38:37","slug":"un-drone-survole-nice-et-cannes-pour-faire-respecter-les-mesures-de-confinement","status":"publish","type":"post","link":"http:\/\/www.affinite.fr\/index.php\/2020\/03\/21\/un-drone-survole-nice-et-cannes-pour-faire-respecter-les-mesures-de-confinement\/","title":{"rendered":"un drone survole Nice et Cannes pour faire respecter les mesures de confinement"},"content":{"rendered":"<p> [ad_1]<br \/>\n<br \/><img decoding=\"async\" src=\"https:\/\/img.bfmtv.com\/i\/0\/0\/142\/644fb953dbd3e174823ad95a7d237.jpeg\" \/><\/p>\n<div itemprop=\"articleBody\">\n<p>Hier Nice, aujourd&rsquo;hui Cannes. Un drone surveille les habitants de ces deux villes c\u00f4ti\u00e8res pendant le confinement. S&rsquo;ils ne respectent pas les r\u00e8gles de distanciation sociale &#8211; un m\u00e8tre entre chaque individu, pas de rassemblement, personne sur les plages &#8211; l&rsquo;engin volant\u00a0les exhorte de rentrer chez eux. Si besoin, les policiers interviennent et peuvent les verbaliser \u00e0 hauteur jusqu&rsquo;\u00e0 135 euros d&rsquo;amende.\u00a0<\/p>\n<h3 style=\"color:#333; font-family:arial,helvetica,sans-serif; font-size:23px; font-weight:700\">Drone06 \u00ab\u00a0 pionni\u00e8re du drone en France\u00a0\u00bb<\/h3>\n<p>Habitu\u00e9e \u00e0 travailler pour la m\u00e9tropole de Nice, la soci\u00e9t\u00e9 sp\u00e9cialis\u00e9e Drone06 \u00ab\u00a0<em> pionni\u00e8re du drone en France<\/em>\u00a0\u00bb\u00a0a fait cette\u00a0premi\u00e8re exp\u00e9rimentation dans les rues ni\u00e7oises en fin de matin\u00e9e\u00a0jeudi 19 mars. Satisfaites, les autorit\u00e9s r\u00e9gionales continuent le\u00a0test,\u00a0le lendemain apr\u00e8s-midi,\u00a0mais cette fois, \u00e0 Cannes. Mais d&rsquo;habitude, leurs drones servent seulement \u00e0 faire\u00a0\u00ab\u00a0<em>des prises de vue a\u00e9riennes\u00a0<\/em>\u00bb.<\/p>\n<h3 style=\"color:#333; font-family:arial,helvetica,sans-serif; font-size:23px; font-weight:700\">Un t\u00e9l\u00e9pilote \u00e0 100 m\u00e8tres<\/h3>\n<p>Comment \u00e7a marche ? Un t\u00e9l\u00e9pilote mandat\u00e9 par la soci\u00e9t\u00e9, pr\u00e9sent sur le terrain, suit le drone \u00e0 100 m\u00e8tres &#8211; conform\u00e9ment aux normes en vigueur en France. Non-autonome, la machine\u00a0peut donc se d\u00e9placer dans un rayon de 200 m\u00e8tres autour du pilote.\u00a0Puis, dot\u00e9 d&rsquo;une cam\u00e9ra et d&rsquo;un haut parleur de 100dB, s&rsquo;il d\u00e9tecte une situation anormale, il en informe les personnes concern\u00e9es.<\/p>\n<p>\u00ab <em>Notre objectif est de diffuser des messages p\u00e9dagogiques de pr\u00e9vention et d&rsquo;information\u00a0 mais nous ne\u00a0cherchons pas\u00a0la\u00a0verbalisation des invidus. Ce n\u2019est pas notre mission\u00a0<\/em>\u00a0\u00bb, explique un responsable de Drone06. D&rsquo;apr\u00e8s la soci\u00e9t\u00e9,\u00a0\u00ab<em>\u00a0la techno a fait ses preuves puisque nos drones sont\u00a0fabriqu\u00e9s par\u00a0DJI,\u00a0leader mondial des drones<\/em>\u00a0\u00bb.\u00a0Drone06 dispose d&rsquo;une vingtaine de machines en stock \u00e0\u00a0proposer si les tests se r\u00e9v\u00e8lent probants.\u00a0<\/p>\n<aside class=\"bg-color-0 padding-inside-all-s bloc border-s\">\n<h4 class=\"box-txt-normal\">\n<p><strong>\u00c0 d\u00e9couvrir aussi en vid\u00e9o<\/strong><\/p>\n<\/h4>\n<\/aside>\n<p><span>\u00ab <em>Paradoxalement les gens\u00a0<\/em><\/span><em>n&rsquo;\u00e9taient pas du tout \u00e9tonn\u00e9s<\/em> <span>\u00bb par l&rsquo;engin volant puisque\u00a0<\/span><span>\u00ab <em>l<\/em><\/span><em><span>es drones sont entr\u00e9s dans les moeurs\u00a0<\/span><\/em><span>\u00bb<\/span><span>. Tout au moins d<\/span>ans la ville de Christian Estrosi,\u00a0devenue un petit\u00a0<a href=\"https:\/\/www.01net.com\/actualites\/reconnaissance-faciale-a-nice-la-ville-se-felicite-des-resultats-la-cnil-n-est-pas-convaincue-1757577.html\" target=\"_blank\" rel=\"noopener noreferrer\">laboratoire des technologies de surveillance<\/a>.<\/p>\n<h3 style=\"color:#333; font-family:arial,helvetica,sans-serif; font-size:23px; font-weight:700\"><strong><span>Pas de reconnaissance faciale au programme<\/span><\/strong><\/h3>\n<p><span>L&rsquo;entreprise attend d\u00e9sormais les instructions de la pr\u00e9fecture pour la suite de l&rsquo;op\u00e9ration. D&rsquo;autres villes de la\u00a0<\/span>C\u00f4te d&rsquo;Azur<span>\u00a0pourraient b\u00e9n\u00e9ficier de ce\u00a0<\/span>syst\u00e8me<span>\u00a0de surveillance bient\u00f4t. Pour l&rsquo;instant, aucune mention d&rsquo;un syst\u00e8me de reconnaissance\u00a0faciale n&rsquo;a \u00e9t\u00e9\u00a0<\/span>\u00e9voqu\u00e9, assure la soci\u00e9t\u00e9.\u00a0<span>M\u00eame si Drone06 revendique une op\u00e9ration\u00a0\u00ab <em>efficace et op\u00e9rationnelle<\/em>\u00a0\u00bb sur Nice, \u00e0 c\u00f4t\u00e9 des moyens employ\u00e9s par la Chine, ces machines semblent tout de m\u00eame d\u00e9risoires.\u00a0<\/span><\/p>\n<p><span><strong>Source<\/strong> : <a href=\"https:\/\/www.nicematin.com\/faits-de-societe\/video-coronavirus-un-drone-survole-nice-pour-faire-respecter-les-mesures-de-confinement-483423\" target=\"_blank\" rel=\"noopener noreferrer\">NiceMatin<\/a> et <a href=\"http:\/\/drone-06.com\" target=\"_blank\" rel=\"noopener noreferrer\">Drone06<\/a><\/span><\/p>\n<\/p><\/div>\n<p><script>\n         !function(f,b,e,v,n,t,s){if(f.fbq)return;n=f.fbq=function()\n         {n.callMethod? n.callMethod.apply(n,arguments):n.queue.push(arguments)}\n         ;if(!f._fbq)f._fbq=n;\n             n.push=n;n.loaded=!0;n.version='2.0';n.queue=[];t=b.createElement(e);t.async=!0;\n             t.src=v;s=b.getElementsByTagName(e)[0];s.parentNode.insertBefore(t,s)}(window,\n                 document,'script','https:\/\/connect.facebook.net\/en_US\/fbevents.js');\n         fbq('init', '1065890633454496');\n         fbq('track', 'PageView');\n     <\/script><br \/>\n<br \/>[ad_2]<br \/>\n<br \/><a href=\"https:\/\/www.01net.com\/actualites\/coronavirus-un-drone-survole-nice-et-cannes-pour-faire-respecter-les-mesures-de-confinement-1878281.html\">Source link <\/a><\/p>\n","protected":false},"excerpt":{"rendered":"<p>[ad_1] Hier Nice, aujourd&rsquo;hui Cannes. Un drone surveille les habitants de ces deux villes c\u00f4ti\u00e8res pendant le confinement. S&rsquo;ils ne &hellip; <a href=\"http:\/\/www.affinite.fr\/index.php\/2020\/03\/21\/un-drone-survole-nice-et-cannes-pour-faire-respecter-les-mesures-de-confinement\/\" class=\"more-link\">Plus <span class=\"screen-reader-text\">un drone survole Nice et Cannes pour faire respecter les mesures de confinement<\/span> <span class=\"meta-nav\">&rarr;<\/span><\/a><\/p>\n","protected":false},"author":1,"featured_media":941,"comment_status":"open","ping_status":"open","sticky":false,"template":"","format":"standard","meta":{"_sitemap_exclude":false,"_sitemap_priority":"","_sitemap_frequency":"","footnotes":""},"categories":[1],"tags":[],"class_list":["post-940","post","type-post","status-publish","format-standard","has-post-thumbnail","hentry","category-tous"],"_links":{"self":[{"href":"http:\/\/www.affinite.fr\/index.php\/wp-json\/wp\/v2\/posts\/940"}],"collection":[{"href":"http:\/\/www.affinite.fr\/index.php\/wp-json\/wp\/v2\/posts"}],"about":[{"href":"http:\/\/www.affinite.fr\/index.php\/wp-json\/wp\/v2\/types\/post"}],"author":[{"embeddable":true,"href":"http:\/\/www.affinite.fr\/index.php\/wp-json\/wp\/v2\/users\/1"}],"replies":[{"embeddable":true,"href":"http:\/\/www.affinite.fr\/index.php\/wp-json\/wp\/v2\/comments?post=940"}],"version-history":[{"count":0,"href":"http:\/\/www.affinite.fr\/index.php\/wp-json\/wp\/v2\/posts\/940\/revisions"}],"wp:featuredmedia":[{"embeddable":true,"href":"http:\/\/www.affinite.fr\/index.php\/wp-json\/wp\/v2\/media\/941"}],"wp:attachment":[{"href":"http:\/\/www.affinite.fr\/index.php\/wp-json\/wp\/v2\/media?parent=940"}],"wp:term":[{"taxonomy":"category","embeddable":true,"href":"http:\/\/www.affinite.fr\/index.php\/wp-json\/wp\/v2\/categories?post=940"},{"taxonomy":"post_tag","embeddable":true,"href":"http:\/\/www.affinite.fr\/index.php\/wp-json\/wp\/v2\/tags?post=940"}],"curies":[{"name":"wp","href":"https:\/\/api.w.org\/{rel}","templated":true}]}}