{"id":9383,"date":"2023-08-05T18:12:26","date_gmt":"2023-08-05T18:12:26","guid":{"rendered":"https:\/\/www.affinite.fr\/index.php\/2023\/08\/05\/samuel-le-bihan-a-une-maison-secondaire-en-normandie-mais-prefere-une-autre-region-de-la-france-chere-a-son-coeur\/"},"modified":"2023-08-05T18:12:26","modified_gmt":"2023-08-05T18:12:26","slug":"samuel-le-bihan-a-une-maison-secondaire-en-normandie-mais-prefere-une-autre-region-de-la-france-chere-a-son-coeur","status":"publish","type":"post","link":"http:\/\/www.affinite.fr\/index.php\/2023\/08\/05\/samuel-le-bihan-a-une-maison-secondaire-en-normandie-mais-prefere-une-autre-region-de-la-france-chere-a-son-coeur\/","title":{"rendered":"Samuel Le Bihan a une maison secondaire en Normandie&#8230; mais pr\u00e9f\u00e8re une autre r\u00e9gion de la France ch\u00e8re \u00e0 son c\u0153ur\u00a0!"},"content":{"rendered":"<p> [ad_1]<br \/>\n<br \/><img decoding=\"async\" src=\"https:\/\/img-3.journaldesfemmes.fr\/jB3D1ztlIch1AMkIfkYc1X9udSA=\/1280x\/smart\/9b4eb327f3a4415881c3836dcea15b88\/ccmcms-jdf\/39632981.jpg\" \/><\/p>\n<p>\n                Samuel Le Bihan a une r\u00e9sidence secondaire dans un coin de France qu&rsquo;il aime particuli\u00e8rement. Et ce n&rsquo;est pas la <a href=\"http:\/\/www.affinite.fr\/index.php\/2024\/11\/21\/construire-votre-maison-en-normandie\/\">Normandie<\/a> dont il est originaire\u2026            <\/p>\n<div>\n<p><strong>Samuel Le Bihan<\/strong> n&rsquo;arr\u00eate pas de tourner. Il \u00e9tait \u00e0 l&rsquo;affiche du film <em>La Langue au chat<\/em> sorti le 26\u00a0avril avec <strong>Zabou Breitman, Pascal Elb\u00e9 et M\u00e9lanie Bernier<\/strong>. Il vient de terminer le tournage d&rsquo;un t\u00e9l\u00e9film <em>Seul <\/em>qui raconte l&rsquo;exploit du skipper <strong>Yves Parlier<\/strong>. Il avait r\u00e9par\u00e9 seul son m\u00e2t endommag\u00e9 lors du <em>Vend\u00e9e Globe<\/em> en 2000. L&rsquo;action se d\u00e9roulait en <strong>Bretagne <\/strong>\u00e0 Lanester dans le Morbihan. C&rsquo;est un coin cher \u00e0 l&rsquo;acteur qui y a habit\u00e9 un temps. Interrog\u00e9 sur <em>France Bleu<\/em>, il raconte son amour pour cette partie de l&rsquo;Hexagone et il d\u00e9voile o\u00f9 se situe sa r\u00e9sidence secondaire.<\/p>\n<h2>Samuel Le Bihan a une maison \u00e0 Lacanau&#8230; mais est fan de la Bretagne !<\/h2>\n<p>S&rsquo;il est n\u00e9 en Normandie, Samuel Le Bihan n&rsquo;a pas beaucoup d&rsquo;attaches avec cette zone. Il a d&rsquo;ailleurs choisi le sud-ouest comme lieu de vill\u00e9giature. \u00ab\u00a0<em><strong>A Lacanau, j&rsquo;ai une maison secondaire<\/strong>. (\u2026) J&rsquo;appr\u00e9cie \u00e9norm\u00e9ment l&rsquo;odeur des pins, les vagues, l\u00e0-bas il y a un lac aussi. C&rsquo;est une r\u00e9gion tr\u00e8s sportive, tr\u00e8s nature. Les gens sont sympas. C&rsquo;est un endroit que j&rsquo;appr\u00e9cie vraiment<\/em>\u00ab\u00a0, d\u00e9crit-il au micro de <em>Une R\u00e9gion, une Star<\/em>.<\/p>\n<p>L&rsquo;acteur de 57 ans a aussi clam\u00e9 son attachement pour une autre r\u00e9gion fran\u00e7aise, il s&rsquo;agit de la <strong>Bretagne<\/strong>. Plus particuli\u00e8rement dans la ville de <strong>Plougastel<\/strong> o\u00f9 il se prom\u00e8ne r\u00e9guli\u00e8rement. \u00ab\u00a0<em>Ce pays, ce granit qui se jette dans la mer, un peu tortur\u00e9. C&rsquo;est une esp\u00e8ce de mariage violent entre la terre et la mer et avec un climat plus rugueux qu&rsquo;on imagine. J&rsquo;aime beaucoup la Bretagne.<\/em>\u00ab\u00a0<\/p>\n<h2>Samuel Bihan habite \u00e0 Nice \u00e0 l&rsquo;ann\u00e9e : \u00ab\u00a0La mer, c&rsquo;est mon ADN\u00a0\u00bb<\/h2>\n<p>Pour sa fille cadette, <strong>Angia, 10 ans, atteinte d&rsquo;autisme<\/strong>, il a d\u00e9m\u00e9nag\u00e9 en 2020\u00a0dans la ville de Christian Estrosi. Il loge dans une somptueuse villa situ\u00e9e tout pr\u00e8s de l&rsquo;oc\u00e9an. \u00ab\u00a0<strong><em>Ma fille, son \u00e9l\u00e9ment, c&rsquo;est l&rsquo;eau. Et moi, la mer, c&rsquo;est mon ADN<\/em><\/strong>\u00ab\u00a0, a-t-il expliqu\u00e9 dans <em>Ouest France<\/em>. Il a d&rsquo;ailleurs post\u00e9 l&rsquo;un de ses plongeons dans sa magnifique piscine sur son compte Instagram en 2021. Le tout \u00e9tait accompagn\u00e9 de la l\u00e9gende suivante \u00ab\u00a0<em>Je crois que c&rsquo;\u00e9tait un joli dimanche. Merci les potes<\/em>\u00ab\u00a0. On aper\u00e7oit aussi la jolie b\u00e2tisse en pierre en arri\u00e8re-plan avec sa belle terrasse et le <a href=\"http:\/\/www.affinite.fr\/index.php\/2024\/08\/24\/comment-choisir-le-meilleur-bois-pour-vos-piques-a-brochette\/\">barbecue<\/a>.<\/p>\n<p>Samuel Le Bihan habite l\u00e0 avec sa compagne le mannequin <strong>Stefania Cristian<\/strong>. En tout cas, \u00e0 l&rsquo;Est, \u00e0 Sud-Ouest ou au Sud-Est, il aime tous les coins de France pourvu que ce soit un littoral.<\/p>\n<\/p><\/div>\n<p>[ad_2]<br \/>\n<br \/><a href=\"https:\/\/www.journaldesfemmes.fr\/people\/actus\/2928121-samuel-le-bihan-normandie-bretagne\/\">Source link <\/a><\/p>\n","protected":false},"excerpt":{"rendered":"<p>[ad_1] Samuel Le Bihan a une r\u00e9sidence secondaire dans un coin de France qu&rsquo;il aime particuli\u00e8rement. Et ce n&rsquo;est pas &hellip; <a href=\"http:\/\/www.affinite.fr\/index.php\/2023\/08\/05\/samuel-le-bihan-a-une-maison-secondaire-en-normandie-mais-prefere-une-autre-region-de-la-france-chere-a-son-coeur\/\" class=\"more-link\">Plus <span class=\"screen-reader-text\">Samuel Le Bihan a une maison secondaire en Normandie&#8230; mais pr\u00e9f\u00e8re une autre r\u00e9gion de la France ch\u00e8re \u00e0 son c\u0153ur\u00a0!<\/span> <span class=\"meta-nav\">&rarr;<\/span><\/a><\/p>\n","protected":false},"author":1,"featured_media":9384,"comment_status":"","ping_status":"open","sticky":false,"template":"","format":"standard","meta":{"_sitemap_exclude":false,"_sitemap_priority":"","_sitemap_frequency":"","footnotes":""},"categories":[1],"tags":[],"class_list":["post-9383","post","type-post","status-publish","format-standard","has-post-thumbnail","hentry","category-tous"],"_links":{"self":[{"href":"http:\/\/www.affinite.fr\/index.php\/wp-json\/wp\/v2\/posts\/9383"}],"collection":[{"href":"http:\/\/www.affinite.fr\/index.php\/wp-json\/wp\/v2\/posts"}],"about":[{"href":"http:\/\/www.affinite.fr\/index.php\/wp-json\/wp\/v2\/types\/post"}],"author":[{"embeddable":true,"href":"http:\/\/www.affinite.fr\/index.php\/wp-json\/wp\/v2\/users\/1"}],"replies":[{"embeddable":true,"href":"http:\/\/www.affinite.fr\/index.php\/wp-json\/wp\/v2\/comments?post=9383"}],"version-history":[{"count":0,"href":"http:\/\/www.affinite.fr\/index.php\/wp-json\/wp\/v2\/posts\/9383\/revisions"}],"wp:featuredmedia":[{"embeddable":true,"href":"http:\/\/www.affinite.fr\/index.php\/wp-json\/wp\/v2\/media\/9384"}],"wp:attachment":[{"href":"http:\/\/www.affinite.fr\/index.php\/wp-json\/wp\/v2\/media?parent=9383"}],"wp:term":[{"taxonomy":"category","embeddable":true,"href":"http:\/\/www.affinite.fr\/index.php\/wp-json\/wp\/v2\/categories?post=9383"},{"taxonomy":"post_tag","embeddable":true,"href":"http:\/\/www.affinite.fr\/index.php\/wp-json\/wp\/v2\/tags?post=9383"}],"curies":[{"name":"wp","href":"https:\/\/api.w.org\/{rel}","templated":true}]}}