{"id":938,"date":"2020-03-21T12:20:11","date_gmt":"2020-03-21T12:20:11","guid":{"rendered":"https:\/\/www.affinite.fr\/index.php\/2020\/03\/21\/chronique-dune-premiere-semaine-mouvementee-decole-a-distance\/"},"modified":"2020-03-21T12:20:11","modified_gmt":"2020-03-21T12:20:11","slug":"chronique-dune-premiere-semaine-mouvementee-decole-a-distance","status":"publish","type":"post","link":"http:\/\/www.affinite.fr\/index.php\/2020\/03\/21\/chronique-dune-premiere-semaine-mouvementee-decole-a-distance\/","title":{"rendered":"chronique d\u2019une premi\u00e8re semaine mouvement\u00e9e d\u2019\u00e9cole \u00e0 distance"},"content":{"rendered":"<p> [ad_1]<br \/>\n<\/p>\n<div itemprop=\"articleBody\">\n<p>Pass\u00e9s les premiers moments d\u2019euphorie jeudi soir apr\u00e8s l\u2019intervention du pr\u00e9sident Macron, mes enfants ont d\u00fb\u00a0se rendre \u00e0 l\u2019\u00e9vidence\u00a0: la fermeture des \u00e9coles et les semaines de confinement qui s\u2019annon\u00e7aient n\u2019allaient pas ressembler \u00e0 des vacances. D\u2019autant plus que leurs professeurs semblaient bien d\u00e9termin\u00e9s \u00e0 enseigner \u00e0 distance et avancer dans les programmes.<\/p>\n<p>Deux enfants de primaire et de coll\u00e8ge et deux adultes enferm\u00e9s dans 57 m\u00e8tres carr\u00e9s pour une dur\u00e9e ind\u00e9termin\u00e9e. Les devoirs se feront dans le salon, sans possibilit\u00e9 de s\u2019isoler. Les risques de tensions sont grands. Mais mes enfants ne voient aucun des obstacles qui se dressent sur notre chemin. Ils sont tout \u00e0 leur bonheur d\u2019\u00eatre r\u00e9unis en famille pour plusieurs semaines, comme un dimanche qui se prolongerait ind\u00e9finiment. <em>\u00ab\u00a0Moi aussi, je vais faire du t\u00e9l\u00e9travail\u00a0! \u00bb<\/em>, s&rsquo;extasie mon fils avec des \u00e9toiles dans les yeux.<\/p>\n<figure class=\"figure text-center\"><img decoding=\"async\" class=\"article-img img-responsive-l\" src=\"https:\/\/img.bfmtv.com\/c\/1256\/708\/60fb8\/d2b7aa962a9bcb6f49f6f3153d7.jpeg\" alt=\"Le site du CNED Ma classe \u00e0 la maison.\"\/><figcaption class=\"figure-caption figcaption color-txt-0 title-xs hidden-xs\">\n                                    01net.com<br \/>\n                                                    &#8211; Le site du CNED Ma classe \u00e0 la maison.<br \/>\n                            <\/figcaption><\/figure>\n<h3 style=\"color:#333; font-family:arial,helvetica,sans-serif; font-size:23px; font-weight:700\">De multiples consignes et canaux de communication<\/h3>\n<p>J\u2019essaye sans succ\u00e8s de me connecter au site du CNED <em>Ma classe \u00e0 la maison<\/em> qui plante aussit\u00f4t sous l\u2019afflux de connexions. Et j\u2019apprends le <strong>vendredi<\/strong> soir qu\u2019il va falloir utiliser d\u2019autres plates-formes. Pour mon fils, ce sera le service <em>Toute mon ann\u00e9e.com.<\/em> Pour ma fille, c\u2019est plus compliqu\u00e9. Tout se passera sur des applications que l\u2019\u00e9tablissement avait d\u00e9j\u00e0 adopt\u00e9es avant la crise du coronavirus. Et c\u2019est un peu une usine \u00e0 gaz.<\/p>\n<p>Le matin, elle doit d\u2019abord se connecter \u00e0 <em>La Vie Scolaire<\/em>. Ce n&rsquo;est pas le film de Grand Corps Malade mais le logiciel qui permet d\u2019acc\u00e9der \u00e0 son emploi du temps habituel. Si une mati\u00e8re appara\u00eet en bleu, cela signifie qu\u2019un professeur a envoy\u00e9 de nouvelles instructions dont elle prend connaissance via une messagerie interne. Ensuite, il faut se rendre sur l\u2019Environnement Num\u00e9rique de Travail (ENT) de la r\u00e9gion Ile-de-France <em>MonLyc\u00e9e.net<\/em>. Il permet d\u2019acc\u00e9der \u00e0 des PAD, des groupes de travail collaboratifs par classe ou enseignant, qui renvoient vers une autre messagerie interne baptis\u00e9e <em>Zimbra<\/em>. J\u2019ai d\u00e9j\u00e0 mal \u00e0 la t\u00eate.<\/p>\n<figure class=\"figure text-center\"><img decoding=\"async\" class=\"article-img img-responsive-l\" src=\"https:\/\/img.bfmtv.com\/c\/1256\/708\/138\/dfac05a3e27a9fadee353b35eb999.jpeg\" alt=\"Les \u00e9l\u00e8ves ont une vraie charge de travail \u00e0 accomplir chaque jour.\"\/><figcaption class=\"figure-caption figcaption color-txt-0 title-xs hidden-xs\">\n                                    EZRA SHAW \/ GETTY IMAGES NORTH AMERICA \/ AFP<br \/>\n                                                    &#8211; Les \u00e9l\u00e8ves ont une vraie charge de travail \u00e0 accomplir chaque jour.<br \/>\n                            <\/figcaption><\/figure>\n<p>Les \u00e9l\u00e8ves comme les parents disposent de leur propre compte. L\u00e9ger mouvement de panique dans les familles qui ont \u00e9gar\u00e9 les courriers de la rentr\u00e9e et n\u2019avaient pas pris connaissance de leurs identifiants. Faute de consignes centralisatrices, les professeurs adoptent chacun un mode de fonctionnement diff\u00e9rent. Il faut s\u2019y retrouver dans les multiples instructions : se connecter aux heures matinales habituelles pour l&rsquo;Histoire-G\u00e9ographie, photographier les dessins en Arts plastiques ou encore engranger les devoirs pour la semaine en Sciences et Vie de la Terre.<\/p>\n<h3 style=\"color:#333; font-family:arial,helvetica,sans-serif; font-size:23px; font-weight:700\">Un Lundi noir<\/h3>\n<p><strong>Lundi matin<\/strong>, c\u2019est le d\u00e9senchantement. Le Val-de-Marne a accord\u00e9 avec g\u00e9n\u00e9rosit\u00e9 un Ordival, un ordinateur portable, \u00e0 tous \u00e9l\u00e8ves du d\u00e9partement \u00e0 la rentr\u00e9e. Mais il est tellement brid\u00e9 qu\u2019il est difficilement utilisable. Je r\u00e9alise trop tard qu\u2019il nous aurait fallu id\u00e9alement quatre ordinateurs. Nous en avons trois. Ce qui est d\u00e9j\u00e0 beaucoup. Nous allons devoir les utiliser \u00e0 tour de r\u00f4le.<\/p>\n<figure class=\"figure text-center\"><img decoding=\"async\" class=\"article-img img-responsive-l\" src=\"https:\/\/img.bfmtv.com\/c\/1256\/708\/5bb\/f61730a8df0dcefc07a566ec654be.jpeg\" alt=\"Tous les sites plantent le premier jour.\"\/><figcaption class=\"figure-caption figcaption color-txt-0 title-xs hidden-xs\">\n                                    01net.com<br \/>\n                                                    &#8211; Tous les sites plantent le premier jour.<br \/>\n                            <\/figcaption><\/figure>\n<p>Mais surtout, comme les parents de douze autres millions d\u2019\u00e9l\u00e8ves en France, nous tentons d\u00e9sesp\u00e9r\u00e9ment\u00a0 de nous connecter aux applications p\u00e9dagogiques. Aucune plate-forme n\u2019est accessible \u00e0 cause du grand nombre de connexions simultan\u00e9es. Certaines \u00e9coles qui ont fait le choix d\u2019h\u00e9berger un site sur leur propre serveur se trouvent tr\u00e8s vite d\u00e9pass\u00e9es. <em>Toute mon ann\u00e9e<\/em> plante, tout comme <em>La Vie Scolaire<\/em> et <em>Mon lyc\u00e9e.net<\/em>. Pas vraiment \u00e9tonn\u00e9s, nous tentons de rassurer notre prog\u00e9niture qui se r\u00e9v\u00e8le \u00e9tonnamment angoiss\u00e9e\u00a0devant la perspective de prendre du retard.<\/p>\n<figure class=\"figure text-center\"><img decoding=\"async\" class=\"article-img img-responsive-l\" src=\"https:\/\/img.bfmtv.com\/c\/0\/708\/af9\/42f80180441f01d77279adbbb78b7.jpeg\" alt=\"WhatsApp\"\/><figcaption class=\"figure-caption figcaption color-txt-0 title-xs hidden-xs\">\n                                    DR<br \/>\n                                                    &#8211; WhatsApp<br \/>\n                            <\/figcaption><\/figure>\n<p>A la mi-journ\u00e9e, les strat\u00e9gies de contournement s\u2019organisent. L\u2019instituteur de mon fils lance un super blog sous WordPress. De nouveaux cours seront mis en ligne chaque jour. Il enregistre ses dict\u00e9es en format MP3 et les int\u00e8gre ensuite dans un lecteur directement sur son site. Je ne m\u2019attendais pas \u00e0 un tel niveau de comp\u00e9tence informatique. Il faut dire qu\u2019il avait projet\u00e9 le film <em>Tron<\/em> \u00e0 sa classe de CE2 il y a quelques mois. Nous aurions d\u00fb\u00a0nous douter qu\u2019il \u00e9tait technophile !<br \/>Pendant ce temps, les repr\u00e9sentants des parents d\u2019\u00e9l\u00e8ves de la classe de ma fille s\u2019organisent. Un groupe WhatsApp et un Google Group\u00a0sont cr\u00e9\u00e9s dans l\u2019urgence. D\u00e8s que l\u2019un d\u2019entre nous acc\u00e8de \u00e0 des contenus, il les copie et les met \u00e0 disposition de tous.<\/p>\n<p>Nous finissons par acc\u00e9der enfin aux cours. La quantit\u00e9 de travail est loin d\u2019\u00eatre n\u00e9gligeable. Je n\u2019avais rien anticip\u00e9 de tel, m\u2019attendant na\u00efvement \u00e0 devoir encadrer des devoirs comme pour un week-end. Mais il s\u2019agit bien de faire litt\u00e9ralement la classe \u00e0 la maison.<br \/>Ma fille termine \u00e0 19h00 ses derniers exercices. Mes espoirs de passer les fins de journ\u00e9e \u00e0 d\u00e9vorer enfin l\u2019int\u00e9grale des livres de Thomas Piketty ou \u00e0 encha\u00eener les s\u00e9ances d\u2019abdo-fessiers devant l\u2019Apple TV s\u2019\u00e9vanouissent.<\/p>\n<h3 style=\"color:#333; font-family:arial,helvetica,sans-serif; font-size:23px; font-weight:700\">\u00ab\u00a0Tu me manques beaucoup\u00a0\u00bb<\/h3>\n<p><strong>Mardi<\/strong>, on prend le rythme. Il appara\u00eet soudainement possible de concentrer en une grosse matin\u00e9e la classe \u00e0 la maison, de mani\u00e8re \u00e0 pouvoir varier les plaisirs l\u2019apr\u00e8s-midi entre dessin, \u00e9checs, gym et p\u00e2tisserie.<br \/>Tout roule du c\u00f4t\u00e9 de mon fils. Nous suivons aveugl\u00e9ment le d\u00e9roul\u00e9 de l\u2019instituteur qui alterne savamment les types d\u2019exercices, r\u00e9serve des petites surprises, soigne ses illustrations et propose des jeux interactifs. <em>\u00ab\u00a0Tu me manques beaucoup\u00a0\u00bb<\/em>, a laiss\u00e9 en commentaire une petite fille \u00e0 l\u2019adresse de son professeur. Il finit par nous envoyer un mail. <em>\u00ab\u00a0Les enfants font-ils le travail que je donne ? Avez-vous des difficult\u00e9s pour les aider ? J&rsquo;ai peu de nouvelles, j&rsquo;esp\u00e8re que tout se passe au mieux\u00a0\u00bb<\/em>, s\u2019inqui\u00e8te-t-il.<\/p>\n<figure class=\"figure text-center\"><img decoding=\"async\" class=\"article-img img-responsive-l\" src=\"https:\/\/img.bfmtv.com\/c\/1020\/670\/7e8\/7fe78fc24fc60c0d8cd187b5b7aed.jpeg\" alt=\"\"\/><figcaption class=\"figure-caption figcaption color-txt-0 title-xs hidden-xs\">\n                                    01net.com<br \/>\n                                                    &#8211; Les exercices.<br \/>\n                            <\/figcaption><\/figure>\n<p>Du c\u00f4t\u00e9 de ma fille, les enseignants s\u2019impatientent. D\u00e9sesp\u00e9r\u00e9s de ne pouvoir communiquer avec leurs \u00e9l\u00e8ves, ils commencent \u00e0 envoyer en ordre dispers\u00e9 des mails aux parents afin de r\u00e9cup\u00e9rer les adresses des enfants. Nous nous retrouvons ainsi avec plusieurs canaux d&rsquo;information\u00a0pour chaque professeur : les mails des enfants, les mails des parents, <em>La Vie Scolaire<\/em>, <em>Mon Lycee.net<\/em>, les groupes WhatsApp et le Google Group. Une nouvelle plate-forme, <em>Kwik,<\/em> fait aussi son apparition pour les exercices de maths.<br \/>Les informations sont donn\u00e9es tout au long de la journ\u00e9e et nous consultons tous en permanence de fa\u00e7on compulsive nos smartphones dans la crainte d&rsquo;en manquer.<\/p>\n<p>Nous sommes aussi sans nouvelle de quelques rares professeurs. Peut-\u00eatre rencontrent-ils des probl\u00e8mes personnels\u00a0?\u00a0 Ma fille perd toujours beaucoup de temps \u00e0 essayer de se connecter et se disperse sur les diff\u00e9rents outils, sans compter que le groupe WhatsApp des \u00e9l\u00e8ves de sa classe, qui sont \u00e9quip\u00e9s en smartphones, conna\u00eet son pic d\u2019activit\u00e9. Utile pour s\u2019entraider&#8230; mais redoutable au niveau du potentiel de distractions.<\/p>\n<h3 style=\"color:#333; font-family:arial,helvetica,sans-serif; font-size:23px; font-weight:700\">\u00ab\u00a0Cela devient difficile \u00e0 suivre !\u00a0\u00bb<\/h3>\n<p>Le lendemain <strong>mercredi<\/strong>, c\u2019est la confusion totale. En ligne d\u00e8s 09h00 pour suivre le cours d\u2019Histoire, les \u00e9l\u00e8ves patienteront en vain pendant une heure en raison des probl\u00e8mes techniques. Nous recevons par erreur les instructions d\u2019un professeur d\u2019une autre classe. Des parents prennent l\u2019initiative de rajouter leurs propres consignes dans le Google Group. Plus personne ne s\u2019y retrouve. <em>\u00ab\u00a0Il y a trop d\u2019informations de partout sur de nombreux supports, \u00e7a devient difficile \u00e0 suivre\u00a0\u00bb<\/em>, se plaint un p\u00e8re. D\u2019autres craquent. <em>\u00ab\u00a0Nous ne parvenons pas \u00e0 tout faire. Il y a les fratries \u00e0 g\u00e9rer plus notre travail. Tout est confus\u00a0\u00bb<\/em>.<\/p>\n<figure class=\"figure text-center\"><img decoding=\"async\" class=\"article-img img-responsive-l\" src=\"https:\/\/img.bfmtv.com\/c\/1256\/708\/5c1\/f1b8d97ed110958eea09054979ab6.jpeg\" alt=\"Une m\u00e8re avec ses enfants en confinement aux Etats-Unis.\"\/><figcaption class=\"figure-caption figcaption color-txt-0 title-xs hidden-xs\">\n                                    EZRA SHAW \/ GETTY IMAGES NORTH AMERICA \/ AFP<br \/>\n                                                    &#8211; Une m\u00e8re avec ses enfants en confinement aux Etats-Unis.<br \/>\n                            <\/figcaption><\/figure>\n<p>Mes amies professeurs dans le secondaire appellent aussi au secours. Elles doivent g\u00e9rer l\u2019\u00e9cole pour leurs enfants \u00e0 la maison, tout en assurant les cours \u00e0 distance pour leurs classes. <em>\u00ab\u00a0Aujourd\u2019hui, j\u2019ai r\u00e9pondu \u00e0 300 messages \u00bb<\/em>, me confie, ext\u00e9nu\u00e9e, l\u2019une d\u2019elles qui utilise \u00e9galement son propre site pour mettre les le\u00e7ons en ligne et ambitionne de tenir un cours en vid\u00e9oconf\u00e9rence d\u00e8s la semaine suivante. Maigre satisfaction, elles privil\u00e9gient les logiciels <em>Pronote <\/em>ou <em>Discord <\/em>pour communiquer avec les \u00e9l\u00e8ves et pour le moment \u00e7a fonctionne plut\u00f4t bien.<\/p>\n<h3 style=\"color:#333; font-family:arial,helvetica,sans-serif; font-size:23px; font-weight:700\">\u00ab\u00a0Limitez le temps devant les \u00e9crans\u00a0\u00bb<\/h3>\n<p><strong>Jeudi<\/strong>, j\u2019ai du mal \u00e0 lever les enfants. Il faut dire que nous avons regard\u00e9 des films le soir comme si nous \u00e9tions en vacances et que leur sommeil commence \u00e0 en p\u00e2tir. D\u00e8s lundi, l\u2019\u00e9cole primaire nous avait rappel\u00e9 quelques bonnes pratiques \u00e0 respecter. <em>\u00ab\u00a0Nous vous conseillons de limiter le temps devant les \u00e9crans\u00a0\u00bb<\/em>, pouvait-on lire. Plus facile \u00e0 dire qu\u2019\u00e0 faire, puisque la classe se passe en d\u00e9finitive essentiellement devant un \u00e9cran une bonne partie de la journ\u00e9e. On ne cesse \u00e9galement de nous proposer des contenus num\u00e9riques culturels ou p\u00e9dagogiques suppl\u00e9mentaires. Et le confinement conduit \u00e0 accorder plus facilement le droit de regarder un petit dessin anim\u00e9 ou un long m\u00e9trage.<\/p>\n<p>Les t\u00e2ches s\u2019accumulent. Les professeurs d\u2019instruments et de solf\u00e8ge du Conservatoire municipal envoient maintenant, eux aussi, leurs exercices et la journ\u00e9e se retrouve tr\u00e8s structur\u00e9e par les diff\u00e9rentes missions \u00e0 relever.<br \/>Le temps passe vite et l\u2019ennui ne pointe jamais le bout de son nez. Mais les tensions commencent \u00e0 poindre au sein de la famille. Le parent qui t\u00e9l\u00e9travaille se retranche r\u00e9guli\u00e8rement dans sa chambre en vocif\u00e9rant\u00a0 <em>\u00ab Personne ne respecte mon travail ! \u00bb<\/em>.<br \/>Nos deux enfants s\u2019\u00e9changent des amabilit\u00e9s lorsque l\u2019un d\u2019eux chantonne en faisant ses devoirs ou que l\u2019autre \u00e9coute \u00e0 plein volume ses dict\u00e9es.\u00a0 Toute la famille finit parfois par mettre un casque sur la t\u00eate pour se concentrer. Le manque d\u2019activit\u00e9s sportives et d\u2019a\u00e9ration p\u00e8sent. Mais pour le moment, personne ne se plaint v\u00e9ritablement de la situation.<\/p>\n<p>A l\u2019issue de cette premi\u00e8re semaine, je suis plut\u00f4t \u00e9pat\u00e9e par le d\u00e9vouement des enseignants et assez \u00e9tonn\u00e9e par le rythme intense des journ\u00e9es qui s&rsquo;encha\u00eenent comme dans un long tunnel. J\u2019ai une pens\u00e9e \u00e9mue pour les enfants qui se retrouvent seuls parce que leurs parents sont oblig\u00e9s de travailler \u00e0 l\u2019ext\u00e9rieur, dont la famille n\u2019est pas en mesure de les encadrer ou encore qui n&rsquo;ont pas d&rsquo;acc\u00e8s \u00e0 un support informatique.<br \/>Comment peuvent-ils r\u00e9ussir \u00e0 suivre le fil dans ces conditions ? Allons-nous laisser beaucoup d&rsquo;\u00e9l\u00e8ves sur le bord de la route ? Et les enseignants peu au fait avec l&rsquo;informatique, comment s&rsquo;en sortent-ils ?<\/p>\n<figure class=\"figure text-center\"><img decoding=\"async\" class=\"article-img img-responsive-l\" src=\"https:\/\/img.bfmtv.com\/c\/0\/708\/961\/2e9b76cb92f2a31b9a1d8ca96031f.jpeg\" alt=\"Un enfant pr\u00e8s de son \u00e9cole \u00e0 Caen (Photo d'illustration) en 2018.\"\/><figcaption class=\"figure-caption figcaption color-txt-0 title-xs hidden-xs\">\n                                    CHARLY TRIBALLEAU \/ AFP<br \/>\n                                                    &#8211; Un enfant pr\u00e8s de son \u00e9cole \u00e0 Caen (Photo d&rsquo;illustration) en 2018.<br \/>\n                            <\/figcaption><\/figure>\n<p><strong>Vendredi<\/strong>, c\u2019est le jour du conseil de classe de ma fille. Il se tiendra comme d&rsquo;autres en France, pour la premi\u00e8re fois de l\u2019Histoire de l\u2019Education nationale, en vid\u00e9o-conf\u00e9rence. \u00ab<em>\u00a0Tu vas voir, pour le prochain trimestre, je vais am\u00e9liorer mes notes\u00a0\u00bb<\/em>, me promet ma fille. Moi, j\u2019ai aussit\u00f4t pens\u00e9\u00a0: <em>\u00ab\u00a0Y aura-t-il vraiment un troisi\u00e8me trimestre\u00a0? \u00bb<\/em>.<\/p>\n<\/p><\/div>\n<p><script>\n         !function(f,b,e,v,n,t,s){if(f.fbq)return;n=f.fbq=function()\n         {n.callMethod? n.callMethod.apply(n,arguments):n.queue.push(arguments)}\n         ;if(!f._fbq)f._fbq=n;\n             n.push=n;n.loaded=!0;n.version='2.0';n.queue=[];t=b.createElement(e);t.async=!0;\n             t.src=v;s=b.getElementsByTagName(e)[0];s.parentNode.insertBefore(t,s)}(window,\n                 document,'script','https:\/\/connect.facebook.net\/en_US\/fbevents.js');\n         fbq('init', '1065890633454496');\n         fbq('track', 'PageView');\n     <\/script><br \/>\n<br \/>[ad_2]<br \/>\n<br \/><a href=\"https:\/\/www.01net.com\/actualites\/coronavirus-chronique-d-une-premiere-semaine-mouvementee-d-ecole-a-distance-1878275.html\">Source link <\/a><\/p>\n","protected":false},"excerpt":{"rendered":"<p>[ad_1] Pass\u00e9s les premiers moments d\u2019euphorie jeudi soir apr\u00e8s l\u2019intervention du pr\u00e9sident Macron, mes enfants ont d\u00fb\u00a0se rendre \u00e0 l\u2019\u00e9vidence\u00a0: &hellip; <a href=\"http:\/\/www.affinite.fr\/index.php\/2020\/03\/21\/chronique-dune-premiere-semaine-mouvementee-decole-a-distance\/\" class=\"more-link\">Plus <span class=\"screen-reader-text\">chronique d\u2019une premi\u00e8re semaine mouvement\u00e9e d\u2019\u00e9cole \u00e0 distance<\/span> <span class=\"meta-nav\">&rarr;<\/span><\/a><\/p>\n","protected":false},"author":1,"featured_media":939,"comment_status":"open","ping_status":"open","sticky":false,"template":"","format":"standard","meta":{"_sitemap_exclude":false,"_sitemap_priority":"","_sitemap_frequency":"","footnotes":""},"categories":[1],"tags":[],"class_list":["post-938","post","type-post","status-publish","format-standard","has-post-thumbnail","hentry","category-tous"],"_links":{"self":[{"href":"http:\/\/www.affinite.fr\/index.php\/wp-json\/wp\/v2\/posts\/938"}],"collection":[{"href":"http:\/\/www.affinite.fr\/index.php\/wp-json\/wp\/v2\/posts"}],"about":[{"href":"http:\/\/www.affinite.fr\/index.php\/wp-json\/wp\/v2\/types\/post"}],"author":[{"embeddable":true,"href":"http:\/\/www.affinite.fr\/index.php\/wp-json\/wp\/v2\/users\/1"}],"replies":[{"embeddable":true,"href":"http:\/\/www.affinite.fr\/index.php\/wp-json\/wp\/v2\/comments?post=938"}],"version-history":[{"count":0,"href":"http:\/\/www.affinite.fr\/index.php\/wp-json\/wp\/v2\/posts\/938\/revisions"}],"wp:featuredmedia":[{"embeddable":true,"href":"http:\/\/www.affinite.fr\/index.php\/wp-json\/wp\/v2\/media\/939"}],"wp:attachment":[{"href":"http:\/\/www.affinite.fr\/index.php\/wp-json\/wp\/v2\/media?parent=938"}],"wp:term":[{"taxonomy":"category","embeddable":true,"href":"http:\/\/www.affinite.fr\/index.php\/wp-json\/wp\/v2\/categories?post=938"},{"taxonomy":"post_tag","embeddable":true,"href":"http:\/\/www.affinite.fr\/index.php\/wp-json\/wp\/v2\/tags?post=938"}],"curies":[{"name":"wp","href":"https:\/\/api.w.org\/{rel}","templated":true}]}}