{"id":9327,"date":"2023-07-23T17:42:01","date_gmt":"2023-07-23T17:42:01","guid":{"rendered":"https:\/\/www.affinite.fr\/index.php\/2023\/07\/23\/5-bonnes-raisons-de-faire-une-rando-cet-ete\/"},"modified":"2023-07-23T17:42:01","modified_gmt":"2023-07-23T17:42:01","slug":"5-bonnes-raisons-de-faire-une-rando-cet-ete","status":"publish","type":"post","link":"http:\/\/www.affinite.fr\/index.php\/2023\/07\/23\/5-bonnes-raisons-de-faire-une-rando-cet-ete\/","title":{"rendered":"5\u00a0bonnes raisons de faire une rando cet \u00e9t\u00e9"},"content":{"rendered":"<p> [ad_1]<br \/>\n<br \/><img decoding=\"async\" src=\"https:\/\/img-3.journaldesfemmes.fr\/1nQ_j1wkhbOe4KiKbbfiw8jf8Co=\/1280x\/smart\/adeadd101cdb438da2bd85fd1ac0cce4\/ccmcms-jdf\/39649189.jpg\" \/><\/p>\n<p>\n                C&rsquo;est l&rsquo;\u00e9t\u00e9, pourquoi ne pas vous essayer \u00e0 la randonn\u00e9e\u00a0? Vous h\u00e9sitez\u00a0? Cette activit\u00e9 a des bienfaits que vous ne soup\u00e7onnez pas pour votre corps et votre t\u00eate.            <\/p>\n<div>\n<p>La randonn\u00e9e p\u00e9destre est un loisir<strong> adapt\u00e9 aux amateurs <\/strong>comme aux marcheurs\u00a0aguerris\u00a0! \u00ab\u00a0C&rsquo;<em>est une<strong> activit\u00e9 physique assez simple<\/strong> \u00e0 r\u00e9aliser, qui ne n\u00e9cessite pas de technique particuli\u00e8re<\/em>\u00a0\u00bb\u00a0souligne le m\u00e9decin du sport\u00a0Denys Barrault. Elle peut \u00eatre pratiqu\u00e9e par tous et partout en France (ou ailleurs). C&rsquo;est \u00e0 la fois\u00a0un bon moyen de d\u00e9couvrir la nature sous un autre jour, mais aussi une pratique qui fait du bien au corps et \u00e0 l&rsquo;esprit.<\/p>\n<h2>1. La randonn\u00e9e raffermit les abdos et les fessiers<\/h2>\n<p>\u00ab\u00a0<em>Ce sont surtout les muscles (du bas du corps, ndlr) qui permettent la marche, <strong>les mollets, les cuisses, les fessiers <\/strong>et les muscles lombaires qui se d\u00e9veloppent<\/em>\u00ab\u00a0, souligne Denys Barrault m\u00e9decin du sport. Mais ce n&rsquo;est pas tout, la randonn\u00e9e<strong> tonifie les muscles abdominaux<\/strong>.\u00a0Par ailleurs, la rando\u00a0\u00ab\u00a0<em>am\u00e9liore l&rsquo;utilisation du glycog\u00e8ne pour former des glucoses, indispensables pour la production d&rsquo;\u00e9nergie musculaire<\/em>\u00ab\u00a0, poursuit notre interlocuteur.\u00a0<\/p>\n<h2>2. Elle am\u00e9liore l&rsquo;\u00e9quilibre<\/h2>\n<p>La randonn\u00e9e sollicite une cha\u00eene de muscles, en particulier les muscles contradictoires, et permet une meilleure coordination entre eux. Voil\u00e0 pourquoi \u00ab\u00a0<em><strong>on propose toujours de la marche aux personnes qui souffrent de maladies neurologiques<\/strong> avec des probl\u00e8mes d&rsquo;\u00e9quilibre<\/em>\u00ab\u00a0, explique le m\u00e9decin du sport.<\/p>\n<h2>3. La randonn\u00e9e am\u00e9liore la fr\u00e9quence cardiaque<\/h2>\n<p>Un organe musculaire vital profite aussi des bienfaits de la randonn\u00e9e\u00a0: <strong>le c\u0153ur\u00a0(ou le muscle myocardique)<\/strong>. En pratiquant r\u00e9guli\u00e8rement la randonn\u00e9e, le c\u0153ur\u00a0devient \u00ab\u00a0<em>plus gros, plus tonique, et plus lent, notamment au repos<\/em>\u00ab\u00a0, explique Denys Barrault. La rando <strong>am\u00e9liore ainsi le d\u00e9bit circulatoire, la <a href=\"https:\/\/sante.journaldesfemmes.fr\/fiches-maladies\/2750571-rythme-cardiaque-normal-au-repos-lent-eleve-sommeil-mesure-comment-baisser-troubles\/\" title=\"Rythme cardiaque\">fr\u00e9quence cardiaque<\/a> et la pression art\u00e9rielle<\/strong> (contribue \u00e0 r\u00e9duire l&rsquo;hypertension). \u00ab\u00a0<em>Par extension, le<strong> fonctionnement des reins est \u00e9galement am\u00e9lior\u00e9<\/strong>, car il est directement d\u00e9pendant de la circulation cardiovasculaire<\/em>\u00ab\u00a0, pr\u00e9cise notre expert.\u00a0La randonn\u00e9e est un sport d&rsquo;endurance qui peut \u00eatre conseill\u00e9e durant la r\u00e9\u00e9ducation de personnes qui ont eu un <a href=\"https:\/\/sante.journaldesfemmes.fr\/fiches-maladies\/2529580-infarctus-du-myocarde-crise-cardiaque\/\" title=\"Crise cardiaque\">infarctus du myocarde<\/a> ou celles qui souffrent d&rsquo;une insuffisance cardiaque. Ce sport d&rsquo;endurance leur est g\u00e9n\u00e9ralement plut\u00f4t recommand\u00e9.\u00a0<\/p>\n<h2>4. La randonn\u00e9e permet de se vider la t\u00eate<\/h2>\n<p>Ne dit-on pas \u00ab\u00a0un esprit sain dans un corps sain\u00a0\u00bb ? La randonn\u00e9e aurait <strong>des vertus apaisantes<\/strong> et permet un moment d&rsquo;introspection, au c\u0153ur de la nature.\u00a0\u00ab\u00a0<em>Quand vous randonnez<strong>, vous ne pensez pas \u00e0 vos petits soucis du quotidien<\/strong> et vous <strong>\u00e9voluez dans un endroit magnifique<\/strong>, qui change de votre cadre habituel<\/em>\u00ab\u00a0, vante le Dr Barrault. Le tout est de<strong> s&rsquo;\u00e9couter <\/strong>et de ne pas trop se pousser, pour profiter pleinement de sa promenade sportive et en rentrer revigor\u00e9.<\/p>\n<h2>5. Elle renforce les os et les articulations<\/h2>\n<p>La randonn\u00e9e stimulerait la <a href=\"http:\/\/www.affinite.fr\/index.php\/2024\/11\/15\/devenez-artisan-glacier-et-faites-vos-propres-glaces-une-nouvelle-tendance-en-2025\/\">formation<\/a> du tissu osseux et <strong>augmenterait la densit\u00e9 des os<\/strong>, ce qui permettrait de r\u00e9duire le<strong> risque d&rsquo;<a href=\"https:\/\/sante.journaldesfemmes.fr\/fiches-maladies\/2504170-osteoporose-def-symptomes-cause-mourir-traitement\/\" title=\"Ost\u00e9oporose\">ost\u00e9oporose<\/a> et de fractures<\/strong>. Elle a \u00e9galement des <strong>effets positifs sur les articulations <\/strong>: elle nourrit le cartilage qui se trouve autour des articulations de la hanche ou du genou par exemple.\u00a0\u00a0<\/p>\n<h2>Les pr\u00e9cautions avant de pratiquer la randonn\u00e9e\u00a0<\/h2>\n<p>\u25ba Munissez-vous de <strong>chaussures confortables et adapt\u00e9es \u00e0 la randonn\u00e9e<\/strong> ainsi que d&rsquo;un <em>sac \u00e0 dos bien r\u00e9gl\u00e9<\/em> selon votre morphologie : il ne doit pas \u00eatre surcharg\u00e9 et la charge doit \u00eatre bien r\u00e9partie. N&rsquo;h\u00e9sitez pas \u00e0 demander conseil \u00e0 des vendeurs sp\u00e9cialis\u00e9s dans les boutiques d&rsquo;\u00e9quipement de randonn\u00e9e.\u00a0<\/p>\n<p>\u25ba\u00a0Pensez \u00e0\u00a0<strong>prendre des b\u00e2tons\u00a0pour soulager vos genoux<\/strong>\u00a0et vous aider dans les mont\u00e9es et les descentes.<\/p>\n<p>\u25ba\u00a0Les personnes \u00e0 la sant\u00e9 fragile doivent plut\u00f4t<strong> privil\u00e9gier les parcours sans c\u00f4tes fortes ou prolong\u00e9es<\/strong>, en \u00e9vitant de marcher contre le vent violent, par grand froid ou par fortes chaleurs.\u00a0<\/p>\n<p>\u25ba L&rsquo;id\u00e9al est <strong>de marcher trois fois par semaine<\/strong>, <strong>au minimum 30\u00a0minutes.<\/strong><\/p>\n<\/p><\/div>\n<p>[ad_2]<br \/>\n<br \/><a href=\"https:\/\/sante.journaldesfemmes.fr\/quotidien\/2930147-randonnee-pedestre-bienfaits-sante\/\">Source link <\/a><\/p>\n","protected":false},"excerpt":{"rendered":"<p>[ad_1] C&rsquo;est l&rsquo;\u00e9t\u00e9, pourquoi ne pas vous essayer \u00e0 la randonn\u00e9e\u00a0? Vous h\u00e9sitez\u00a0? Cette activit\u00e9 a des bienfaits que vous &hellip; <a href=\"http:\/\/www.affinite.fr\/index.php\/2023\/07\/23\/5-bonnes-raisons-de-faire-une-rando-cet-ete\/\" class=\"more-link\">Plus <span class=\"screen-reader-text\">5\u00a0bonnes raisons de faire une rando cet \u00e9t\u00e9<\/span> <span class=\"meta-nav\">&rarr;<\/span><\/a><\/p>\n","protected":false},"author":1,"featured_media":9328,"comment_status":"","ping_status":"open","sticky":false,"template":"","format":"standard","meta":{"_sitemap_exclude":false,"_sitemap_priority":"","_sitemap_frequency":"","footnotes":""},"categories":[1],"tags":[],"class_list":["post-9327","post","type-post","status-publish","format-standard","has-post-thumbnail","hentry","category-tous"],"_links":{"self":[{"href":"http:\/\/www.affinite.fr\/index.php\/wp-json\/wp\/v2\/posts\/9327"}],"collection":[{"href":"http:\/\/www.affinite.fr\/index.php\/wp-json\/wp\/v2\/posts"}],"about":[{"href":"http:\/\/www.affinite.fr\/index.php\/wp-json\/wp\/v2\/types\/post"}],"author":[{"embeddable":true,"href":"http:\/\/www.affinite.fr\/index.php\/wp-json\/wp\/v2\/users\/1"}],"replies":[{"embeddable":true,"href":"http:\/\/www.affinite.fr\/index.php\/wp-json\/wp\/v2\/comments?post=9327"}],"version-history":[{"count":0,"href":"http:\/\/www.affinite.fr\/index.php\/wp-json\/wp\/v2\/posts\/9327\/revisions"}],"wp:featuredmedia":[{"embeddable":true,"href":"http:\/\/www.affinite.fr\/index.php\/wp-json\/wp\/v2\/media\/9328"}],"wp:attachment":[{"href":"http:\/\/www.affinite.fr\/index.php\/wp-json\/wp\/v2\/media?parent=9327"}],"wp:term":[{"taxonomy":"category","embeddable":true,"href":"http:\/\/www.affinite.fr\/index.php\/wp-json\/wp\/v2\/categories?post=9327"},{"taxonomy":"post_tag","embeddable":true,"href":"http:\/\/www.affinite.fr\/index.php\/wp-json\/wp\/v2\/tags?post=9327"}],"curies":[{"name":"wp","href":"https:\/\/api.w.org\/{rel}","templated":true}]}}