{"id":9319,"date":"2023-07-20T17:30:54","date_gmt":"2023-07-20T17:30:54","guid":{"rendered":"https:\/\/www.affinite.fr\/index.php\/2023\/07\/20\/hugo-manos-torse-poil-et-pathetique-moque-sur-instagram-il-replique-pour-notre-plus-grand-plaisir\/"},"modified":"2023-07-20T17:30:54","modified_gmt":"2023-07-20T17:30:54","slug":"hugo-manos-torse-poil-et-pathetique-moque-sur-instagram-il-replique-pour-notre-plus-grand-plaisir","status":"publish","type":"post","link":"http:\/\/www.affinite.fr\/index.php\/2023\/07\/20\/hugo-manos-torse-poil-et-pathetique-moque-sur-instagram-il-replique-pour-notre-plus-grand-plaisir\/","title":{"rendered":"Hugo Manos, \u00ab\u00a0torse poil\u00a0\u00bb et \u00ab\u00a0path\u00e9tique\u00a0\u00bb\u00a0? Moqu\u00e9 sur Instagram, il r\u00e9plique (pour notre plus grand plaisir)"},"content":{"rendered":"<p> [ad_1]<br \/>\n<br \/><img decoding=\"async\" src=\"https:\/\/img-3.journaldesfemmes.fr\/zUOuVBm_ZBXnxmQs6xnOZPVQM2g=\/1280x\/smart\/74967a0865744e14840ec463e9c783d7\/ccmcms-jdf\/39649625.jpg\" \/><\/p>\n<p>\n                Hugo Manos n&rsquo;a pas qu&rsquo;un corps d&rsquo;athl\u00e8te. Il a aussi une t\u00eate bien faite\u00a0! Le compagnon de Laurent Ruquier l&rsquo;a prouv\u00e9 une fois de plus en r\u00e9pondant de la meilleure des mani\u00e8res, apr\u00e8s avoir \u00e9t\u00e9 vivement critiqu\u00e9\u2026            <\/p>\n<div>\n<p>La rentr\u00e9e est incertaine pour le compagnon de <a href=\"https:\/\/www.journaldesfemmes.fr\/people\/personnalites\/2889545-laurent-ruquier-couple-compagnon-maison-age-theatre\/\" title=\"Laurent Ruquier\">Laurent Ruquier<\/a>. <strong>Hugo Manos<\/strong> officiait jusqu&rsquo;\u00e0 pr\u00e9sent sur<em> TPMP People<\/em>, mais l&rsquo;\u00e9mission s&rsquo;arr\u00eate. En attendant, il ne se prend pas le chou et profite de la pause estivale avec son amoureux ainsi que sa belle-m\u00e8re, Cathy. Mais c&rsquo;est bien connu, le bonheur des uns en agace d&rsquo;autres. Et une internaute ne s&rsquo;est pas priv\u00e9e de fustiger le bell\u00e2tre pour ses poses laissant son torse bien muscl\u00e9 \u00e0 l&rsquo;air libre. C&rsquo;\u00e9tait sans compter sur la r\u00e9partie d&rsquo;Hugo Manos&#8230;\u00a0plut\u00f4t savoureuse !<\/p>\n<h2>Hugo Manos, moqu\u00e9 sur la Toile : sa r\u00e9plique bien sentie<\/h2>\n<p>Hugo Manos a re\u00e7u un message tr\u00e8s antipathique de la part d&rsquo;une internaute sur Instagram. \u00ab\u00a0<em><strong>Vous avez quel \u00e2ge pour vous afficher torse poil, tout le temps\u2026 A 17\u00a0ans, je veux bien\u2026 mais pass\u00e9 30, c&rsquo;est tellement path\u00e9tique<\/strong><\/em>\u00ab\u00a0, Le compagnon de Laurent Ruquier lui a r\u00e9pondu rapidement en story Instagram : \u00ab\u00a0<em>Si vous allez mater les ados de 17\u00a0ans a poil vous devriez vous poser des questions. En attendant merci de quitter les lieux, personne ne vous y a invit\u00e9<\/em>\u00ab\u00a0. Il a ajout\u00e9 : \u00ab\u00a0<strong><em>Allez \u00e7a me motive,\u00a0nouveau torse poil, a midi<\/em><\/strong>\u00ab\u00a0.\u00a0<\/p>\n<p>Et les internautes ont beaucoup appr\u00e9ci\u00e9 sa r\u00e9plique puisqu&rsquo;il a post\u00e9 une nouvelle photo de lui\u00a0torse-nu, comme il l&rsquo;avait promis \u00e0 celle qui l&rsquo;a attaqu\u00e9 !\u00a0L&rsquo;occasion de clouer le bec aux jaloux !\u00a0\u00ab\u00a0<em><strong>Bravo pour cette photo torse poil<\/strong> qui vient river son clou a la vieille m\u00e9g\u00e8re Lydie pour notre plus grand bonheur<\/em>\u00ab\u00a0, a f\u00e9licit\u00e9 le journaliste Jean-Christophe Laizeau, en commentaire.<\/p>\n<h2>Hugo Manos veut-il avoir un enfant avec Laurent Ruquier ?<\/h2>\n<p>Hugo Manos est-il pr\u00eat \u00e0 devenir papa ?\u00a0Il\u00a0l&rsquo;a rappel\u00e9 lors d&rsquo;une \u00e9mission de <em>Touche pas \u00e0 mon poste : <\/em>le bell\u00e2tre n&rsquo;est pas contre le fait de devenir p\u00e8re avec son amoureux et la diff\u00e9rence d&rsquo;\u00e2ge avec le pr\u00e9sentateur des <em>Grosses T\u00eates <\/em>(26\u00a0ans) n&rsquo;est pas un probl\u00e8me pour lui. \u00ab\u00a0<strong><em>S<\/em><\/strong><em><strong>i j&rsquo;ai envie d&rsquo;avoir un enfant dans 10\u00a0ans, et bien oui, mon compagnon <\/strong><\/em><strong>(Laurent Ruquier, ndlr)<\/strong><em><strong>\u00a0il aura, \u00e0 ce moment-l\u00e0, pr\u00e8s de 70\u00a0ans<\/strong>. Avoir un enfant \u00e0 70\u00a0ans, c&rsquo;est aussi s\u00fbrement le conna\u00eetre qu&rsquo;une vingtaine d&rsquo;ann\u00e9es. Mais \u00e7a n&#8217;emp\u00eache que <strong>si moi j&rsquo;ai envie d&rsquo;avoir un enfant avec la personne que j&rsquo;aime, j&rsquo;ai le droit<\/strong>\u00ab\u00a0.\u00a0<\/em>En tout cas, l&rsquo;ami d&rsquo;<a href=\"https:\/\/www.journaldesfemmes.fr\/people\/personnalites\/2871241-isabelle-mergault-sa-fille-maya-sa-maison-ses-amours-on-vous-dit-tout\/\" title=\"Isabelle Mergault\">Isabelle Mergault<\/a> ne semble pas partager la m\u00eame envie.<em>\u00a0<\/em>\u00ab\u00a0<em>Ce n&rsquo;est pas dans mon logiciel. Je suis de la vieille g\u00e9n\u00e9ration, je ne me suis jamais pr\u00e9par\u00e9 \u00e0 \u00e7a\u00a0\u00bb,\u00a0<\/em>avait-il d\u00e9clar\u00e9 dans<em> Lib\u00e9ration <\/em>en 2009<em>. <\/em>Hugo Manos le fera-t-il changer d&rsquo;avis\u00a0? L&rsquo;avenir nous le dira.<\/p>\n<\/p><\/div>\n<p>[ad_2]<br \/>\n<br \/><a href=\"https:\/\/www.journaldesfemmes.fr\/people\/actus\/2939533-hugo-manos-torse-nu-instagram\/\">Source link <\/a><\/p>\n","protected":false},"excerpt":{"rendered":"<p>[ad_1] Hugo Manos n&rsquo;a pas qu&rsquo;un corps d&rsquo;athl\u00e8te. Il a aussi une t\u00eate bien faite\u00a0! Le compagnon de Laurent Ruquier &hellip; <a href=\"http:\/\/www.affinite.fr\/index.php\/2023\/07\/20\/hugo-manos-torse-poil-et-pathetique-moque-sur-instagram-il-replique-pour-notre-plus-grand-plaisir\/\" class=\"more-link\">Plus <span class=\"screen-reader-text\">Hugo Manos, \u00ab\u00a0torse poil\u00a0\u00bb et \u00ab\u00a0path\u00e9tique\u00a0\u00bb\u00a0? Moqu\u00e9 sur Instagram, il r\u00e9plique (pour notre plus grand plaisir)<\/span> <span class=\"meta-nav\">&rarr;<\/span><\/a><\/p>\n","protected":false},"author":1,"featured_media":9320,"comment_status":"","ping_status":"open","sticky":false,"template":"","format":"standard","meta":{"_sitemap_exclude":false,"_sitemap_priority":"","_sitemap_frequency":"","footnotes":""},"categories":[1],"tags":[],"class_list":["post-9319","post","type-post","status-publish","format-standard","has-post-thumbnail","hentry","category-tous"],"_links":{"self":[{"href":"http:\/\/www.affinite.fr\/index.php\/wp-json\/wp\/v2\/posts\/9319"}],"collection":[{"href":"http:\/\/www.affinite.fr\/index.php\/wp-json\/wp\/v2\/posts"}],"about":[{"href":"http:\/\/www.affinite.fr\/index.php\/wp-json\/wp\/v2\/types\/post"}],"author":[{"embeddable":true,"href":"http:\/\/www.affinite.fr\/index.php\/wp-json\/wp\/v2\/users\/1"}],"replies":[{"embeddable":true,"href":"http:\/\/www.affinite.fr\/index.php\/wp-json\/wp\/v2\/comments?post=9319"}],"version-history":[{"count":0,"href":"http:\/\/www.affinite.fr\/index.php\/wp-json\/wp\/v2\/posts\/9319\/revisions"}],"wp:featuredmedia":[{"embeddable":true,"href":"http:\/\/www.affinite.fr\/index.php\/wp-json\/wp\/v2\/media\/9320"}],"wp:attachment":[{"href":"http:\/\/www.affinite.fr\/index.php\/wp-json\/wp\/v2\/media?parent=9319"}],"wp:term":[{"taxonomy":"category","embeddable":true,"href":"http:\/\/www.affinite.fr\/index.php\/wp-json\/wp\/v2\/categories?post=9319"},{"taxonomy":"post_tag","embeddable":true,"href":"http:\/\/www.affinite.fr\/index.php\/wp-json\/wp\/v2\/tags?post=9319"}],"curies":[{"name":"wp","href":"https:\/\/api.w.org\/{rel}","templated":true}]}}