{"id":9317,"date":"2023-07-19T17:29:08","date_gmt":"2023-07-19T17:29:08","guid":{"rendered":"https:\/\/www.affinite.fr\/index.php\/2023\/07\/19\/quel-prenom-scandinave-pour-son-bebe-voici-une-liste-utile\/"},"modified":"2023-07-19T17:29:08","modified_gmt":"2023-07-19T17:29:08","slug":"quel-prenom-scandinave-pour-son-bebe-voici-une-liste-utile","status":"publish","type":"post","link":"http:\/\/www.affinite.fr\/index.php\/2023\/07\/19\/quel-prenom-scandinave-pour-son-bebe-voici-une-liste-utile\/","title":{"rendered":"Quel pr\u00e9nom scandinave pour son b\u00e9b\u00e9\u00a0? Voici une liste utile"},"content":{"rendered":"<p> [ad_1]<br \/>\n<br \/><img decoding=\"async\" src=\"https:\/\/img-3.journaldesfemmes.fr\/wGLm6WEuSJ1DBc_3C-cu1LniRKg=\/1280x\/smart\/a0e68e81ad2c42ae8ee4e0fb5e140e4f\/ccmcms-jdf\/39648150.jpg\" \/><\/p>\n<p>\n                Pour une fille, on pense \u00e0 Freyya, et pour un gar\u00e7on \u00e0 Sven\u00a0: mais quels sont les autres pr\u00e9noms scandinaves\u00a0? D\u00e9couvrez toutes nos id\u00e9es pour filles et gar\u00e7ons qui pourront vous donner de l&rsquo;inspiration pour le choix du pr\u00e9nom de b\u00e9b\u00e9.            <\/p>\n<div>\n<aside class=\"ccmsummary marqueur_module ccmcss_cms_summary ccmcss_cms_summary--right\">\n<p>Sommaire<\/p>\n<\/aside>\n<p><strong>Les pr\u00e9noms scandinaves pour fille et gar\u00e7on<\/strong> ont le vent en poupe ! Et pour cause : la Scandinavie est le lieu du bien-\u00eatre, des grands espaces, de la beaut\u00e9 des paysages\u2026 C&rsquo;est aussi un endroit o\u00f9 l&rsquo;on trouve de nombreuses mythologies, faites de personnages importants. Dans les pays nordiques, les langues et les cultures ont donn\u00e9 naissance \u00e0 une grande biblioth\u00e8que de <a href=\"https:\/\/www.journaldesfemmes.fr\/prenoms\/p-prenom-fille\" title=\"Pr\u00e9nom fille\">pr\u00e9noms f\u00e9minins<\/a> et masculins. Si vous cherchez un <strong>pr\u00e9nom scandinave pour fille ou pour gar\u00e7on<\/strong>, vous \u00eates au bon endroit. Ils sont doux et originaux, on les croise d&rsquo;ailleurs assez peu en France. Avec cette <strong>liste des plus beaux pr\u00e9noms nordiques,<\/strong> soyez assur\u00e9s de trouver votre bonheur, quelle que soit votre recherche.\u00a0\u00a0<\/p>\n<h2 id=\"prenoms-scandinaves-feminins\">Pr\u00e9noms scandinaves f\u00e9minins<\/h2>\n<p>Les <strong>pr\u00e9noms scandinaves f\u00e9minins<\/strong> sont parfois rares, il y a par exemple Charlotta et Dagmar, de la m\u00eame mani\u00e8re que <strong>Arnhild<\/strong>, <strong>Svanhilde<\/strong>, <strong>Sunniva<\/strong> et Ufhild, ou encore Bertrade. Certains pr\u00e9noms scandinaves sont mythologiques, comme Hel, <strong>Freya<\/strong>, <strong>Frigg<\/strong> ou encore Idunn. C&rsquo;est aussi le cas de Sif, de Sigyn et de Harimella. D&rsquo;autres ont de jolies significations, on pense par exemple \u00e0 :\u00a0Solveig est la traduction du \u00a0\u00bb\u00a0chemin du soleil\u00a0\u00ab\u00a0, \u00e0 Liv qui renvoie \u00e0 la vie, \u00e0 <strong>Tyra<\/strong> qui veut dire la force, ou aux pr\u00e9noms en \u00ab\u00a0hilde\u00a0\u00bb qui renvoient au combat. Mais on trouve aussi des choses comme <strong>Kaia<\/strong>, <strong>Ester<\/strong>, Brigit, <strong>Hanna<\/strong>, Linda, Sigrid, <strong>Ulla<\/strong>, <strong>Karen<\/strong> qui sont des tr\u00e8s jolis pr\u00e9noms scandinaves \u00e0 donner \u00e0 une petite fille.\u00a0<\/p>\n<h2 id=\"prenoms-scandinaves-masculins\">Pr\u00e9noms scandinaves masculins<\/h2>\n<p><strong>Les pr\u00e9noms scandinaves masculins<\/strong> sont, eux aussi, nombreux et vari\u00e9s. On en trouve des rares, comme<strong>\u00a0Farbauti, Eggth\u00e8r, et Thjalfi, Geirrod, Arngrim et Boewulf. <\/strong>D&rsquo;autres sont issus de la mythologie, par exemple<strong> Tor, Vidar, Njord, Vale, Hod<\/strong> ou encore Foresti. D&rsquo;autres encore sont historiques, tels que <strong>Nikolai<\/strong>, <strong>Siegfried<\/strong>, <strong>Swen<\/strong>. Dans les plus populaires, on trouve Soren, Gustave, Erick, Magnus, Lars ou encore Bjorn, John et <strong>Karl, Nordhal, Throvald, Gustav, Eric, Tobias, Valdemar, John, Anders, Adrian<\/strong> qui sont de tr\u00e8s jolis pr\u00e9noms masculins scandinaves !\u00a0<\/p>\n<h2 id=\"des-idees-de-prenoms-scandinaves-en-4lettres\">Des id\u00e9es de pr\u00e9noms scandinaves en 4\u00a0lettres<\/h2>\n<p>En quatre lettres, dans le r\u00e9pertoire des pr\u00e9noms scandinaves, on trouve <strong>Axel, Otto, Kris, Vigg, Elsa, Nina, Ebba, Ebbe, Thea, Nata, Olla, Ulla,\u00a0Odin.<\/strong><\/p>\n<aside class=\"cke-aside\">Autres id\u00e9es en seulement quatre lettres venues de Scandinavie\u00a0: <strong>Saga<\/strong>, Olaf, Olga, Olav, <strong>Luka<\/strong>, Alma, Anja, Anca, Sana, mais aussi d&rsquo;autres r\u00e9f\u00e9rences masculines comme f\u00e9minines telles que :\u00a0<strong>Bent<\/strong>, <strong>Lars<\/strong>, <strong>Kaia<\/strong>, Emil, Finn qui sont de tr\u00e8s jolis pr\u00e9noms courts.\u00a0<\/aside>\n<h2 id=\"ces-prenoms-scandinaves-inspires-de-la-mythologie-nordique\">Ces pr\u00e9noms scandinaves inspir\u00e9s de la mythologie nordique<\/h2>\n<p>Dans la mythologie nordique, du c\u00f4t\u00e9 des filles, on trouve Hel, qui est la d\u00e9esse du royaume des morts. Il y a aussi Sif, d\u00e9esse de la richesse et de l&rsquo;or, <strong>Ostara<\/strong>, Idunn, qui r\u00e8gne sur la jeunesse \u00e9ternelle, Sigyn, d\u00e9esse de la fid\u00e9lit\u00e9 ou encore Harimella.<\/p>\n<p>Du c\u00f4t\u00e9 des gar\u00e7ons, il y a aussi des pr\u00e9noms inspir\u00e9s des dieux, que sont <strong>Sol<\/strong> et <strong>Mani<\/strong>, dieux du soleil et de la lune, Aegir, qui r\u00e8gne sur les oc\u00e9ans. Mais aussi <strong>Tor<\/strong>, <strong>Vale<\/strong>, <strong>Heimdall<\/strong>, Frey ou encore Vidar, fr\u00e8re de Thor.\u00a0<\/p>\n<h2>Quels sont les pr\u00e9noms scandinaves mixtes ?<\/h2>\n<p>Dans la liste des pr\u00e9noms scandinaves, certains sont mixtes, comme <strong>Soren<\/strong> qui peut \u00eatre donn\u00e9 aux gar\u00e7ons comme aux filles. Solveig est aussi un <a href=\"https:\/\/www.journaldesfemmes.fr\/maman\/guide-des-prenoms\/2756837-prenoms-mixtes\/\" title=\"Pr\u00e9noms mixtes\">pr\u00e9nom mixte<\/a>, comme <strong>Jan<\/strong>, Kai, Kim. <strong>Andrea<\/strong> et\u00a0<strong>Ebbe<\/strong> sont aussi des pr\u00e9noms qui peuvent \u00eatre donn\u00e9s aux deux, comme Aleksi, Aksel et Malin. Il y a aussi Johan, <strong>Ren<\/strong>, <strong>Lens<\/strong>, Sten, Oda, Misha, Sasha.\u00a0<\/p>\n<\/p><\/div>\n<p>[ad_2]<br \/>\n<br \/><a href=\"https:\/\/www.journaldesfemmes.fr\/maman\/guide-des-prenoms\/2932001-prenom-scandinave\/\">Source link <\/a><\/p>\n","protected":false},"excerpt":{"rendered":"<p>[ad_1] Pour une fille, on pense \u00e0 Freyya, et pour un gar\u00e7on \u00e0 Sven\u00a0: mais quels sont les autres pr\u00e9noms &hellip; <a href=\"http:\/\/www.affinite.fr\/index.php\/2023\/07\/19\/quel-prenom-scandinave-pour-son-bebe-voici-une-liste-utile\/\" class=\"more-link\">Plus <span class=\"screen-reader-text\">Quel pr\u00e9nom scandinave pour son b\u00e9b\u00e9\u00a0? Voici une liste utile<\/span> <span class=\"meta-nav\">&rarr;<\/span><\/a><\/p>\n","protected":false},"author":1,"featured_media":9318,"comment_status":"","ping_status":"open","sticky":false,"template":"","format":"standard","meta":{"_sitemap_exclude":false,"_sitemap_priority":"","_sitemap_frequency":"","footnotes":""},"categories":[1],"tags":[],"class_list":["post-9317","post","type-post","status-publish","format-standard","has-post-thumbnail","hentry","category-tous"],"_links":{"self":[{"href":"http:\/\/www.affinite.fr\/index.php\/wp-json\/wp\/v2\/posts\/9317"}],"collection":[{"href":"http:\/\/www.affinite.fr\/index.php\/wp-json\/wp\/v2\/posts"}],"about":[{"href":"http:\/\/www.affinite.fr\/index.php\/wp-json\/wp\/v2\/types\/post"}],"author":[{"embeddable":true,"href":"http:\/\/www.affinite.fr\/index.php\/wp-json\/wp\/v2\/users\/1"}],"replies":[{"embeddable":true,"href":"http:\/\/www.affinite.fr\/index.php\/wp-json\/wp\/v2\/comments?post=9317"}],"version-history":[{"count":0,"href":"http:\/\/www.affinite.fr\/index.php\/wp-json\/wp\/v2\/posts\/9317\/revisions"}],"wp:featuredmedia":[{"embeddable":true,"href":"http:\/\/www.affinite.fr\/index.php\/wp-json\/wp\/v2\/media\/9318"}],"wp:attachment":[{"href":"http:\/\/www.affinite.fr\/index.php\/wp-json\/wp\/v2\/media?parent=9317"}],"wp:term":[{"taxonomy":"category","embeddable":true,"href":"http:\/\/www.affinite.fr\/index.php\/wp-json\/wp\/v2\/categories?post=9317"},{"taxonomy":"post_tag","embeddable":true,"href":"http:\/\/www.affinite.fr\/index.php\/wp-json\/wp\/v2\/tags?post=9317"}],"curies":[{"name":"wp","href":"https:\/\/api.w.org\/{rel}","templated":true}]}}