{"id":9309,"date":"2023-07-17T17:11:56","date_gmt":"2023-07-17T17:11:56","guid":{"rendered":"https:\/\/www.affinite.fr\/index.php\/2023\/07\/17\/brigitte-macron-redouble-delegance-dans-cette-robe-renversante\/"},"modified":"2023-07-17T17:11:56","modified_gmt":"2023-07-17T17:11:56","slug":"brigitte-macron-redouble-delegance-dans-cette-robe-renversante","status":"publish","type":"post","link":"http:\/\/www.affinite.fr\/index.php\/2023\/07\/17\/brigitte-macron-redouble-delegance-dans-cette-robe-renversante\/","title":{"rendered":"Brigitte Macron redouble d&rsquo;\u00e9l\u00e9gance dans cette robe renversante"},"content":{"rendered":"<p> [ad_1]<br \/>\n<\/p>\n<p>\n                Brigitte Macron a subjugu\u00e9 les invit\u00e9-e-s du d\u00eener en l&rsquo;honneur de Narendra Modi, le premier ministre indien, le vendredi 14\u00a0juillet 2023.            <\/p>\n<div>\n<aside class=\"ccmsummary marqueur_module ccmcss_cms_summary ccmcss_cms_summary--right\">\n<p>Sommaire<\/p>\n<\/aside>\n<p>Lors des c\u00e9l\u00e9brations du 14\u00a0juillet, <strong><a href=\"https:\/\/www.journaldesfemmes.fr\/people\/personnalites\/2559562-brigitte-macron\/\" title=\"Brigitte Trogneux\">Brigitte Macron<\/a><\/strong> se met toujours sur son 31 afin de regarder la parade militaire. Cette ann\u00e9e, <strong>Narendra Modi<\/strong>, le premier ministre indien, \u00e9tait invit\u00e9 \u00e0 s&rsquo;asseoir au c\u00f4t\u00e9 du couple pr\u00e9sidentiel dans les gradins install\u00e9s sur l&rsquo;avenue des Champs-\u00c9lys\u00e9es pour assister au d\u00e9fil\u00e9.<\/p>\n<p>\u00c0 cette occasion, Brigitte Macron arborait un<strong> ensemble jaune poussin<\/strong> compos\u00e9 d&rsquo;une robe droite et d&rsquo;une veste courte coordonn\u00e9e.\u00a0Quelques heures plus tard, la premi\u00e8re dame et son \u00e9poux organisaient <strong>un d\u00eener au Louvre<\/strong> en l&rsquo;honneur de\u00a0Narendra Modi. C&rsquo;est v\u00eatue d&rsquo;une <strong>longue robe blanche fendue<\/strong> brod\u00e9e d&rsquo;une ceinture argent\u00e9e que la premi\u00e8re dame a foul\u00e9 le tapis rouge de l&rsquo;\u00e9v\u00e9nement. A la main, elle portait une pochette blanche en <a href=\"https:\/\/www.journaldesfemmes.fr\/mode\/conseils-mode\/2842255-qu-est-ce-que-le-cuir-et-lequel-acheter\/\" title=\"Cuir\">cuir<\/a> sign\u00e9e du maroquinier fran\u00e7ais Joseph Duclos. L&rsquo;\u00e9l\u00e9gance \u00e0 l&rsquo;\u00e9tat pur.<\/p>\n<div style=\"text-align:center\">\n<figure class=\"image\" style=\"display:inline-block\"><a class=\"fancy\" href=\"https:\/\/img-3.journaldesfemmes.fr\/nJMEt0BP_rxHb0hkuju909EV1p4=\/1080x\/smart\/afdfa6ccf64c423ea9a46b161c64eda5\/ccmcms-jdf\/39648915.jpg\"><img decoding=\"async\" alt=\"brigitte-macron-robe-blanche\" src=\"https:\/\/img-3.journaldesfemmes.fr\/3z_RYd46nveiz1rhii_6gzC4Njc=\/450x\/smart\/afdfa6ccf64c423ea9a46b161c64eda5\/ccmcms-jdf\/39648915.jpg\"\/><\/a><figcaption data-credit=\"Stevens Tomas\/ABACA\" data-legend=\"Emmanuel et Brigitte Macron entourant Narendra Modi \u00e0 Paris le 14 juillet 2023\">Emmanuel et Brigitte Macron entourant Narendra Modi \u00e0 Paris le 14 juillet 2023 <small>\u00a9\u00a0Stevens Tomas\/ABACA<\/small><\/figcaption><\/figure>\n<\/div>\n<p><span style=\"font-size: 1rem;\">Comme toutes les first ladies, <\/span><strong style=\"font-size: 1rem;\">Brigitte Macron<\/strong><span style=\"font-size: 1rem;\"> et ses tenues attisent la curiosit\u00e9. Si elle a gagn\u00e9 le gratifiant surnom de \u00ab\u00a0<\/span><strong style=\"font-size: 1rem;\">premi\u00e8re dame du chic<\/strong><span style=\"font-size: 1rem;\">\u00a0\u00bb et que les comptes Instagram d\u00e9di\u00e9s \u00e0 son style fleurissent, la femme du pr\u00e9sident ne cesse de surprendre par sa modernit\u00e9 et ses choix mode depuis son arriv\u00e9e \u00e0 l&rsquo;\u00c9lys\u00e9e au c\u00f4t\u00e9 d&rsquo;Emmanuel Macron en mai 2017. Alors que durant la campagne pr\u00e9sidentielle, son style vestimentaire<\/span><strong style=\"font-size: 1rem;\"> casual chic<\/strong><span style=\"font-size: 1rem;\"> et sa d\u00e9contraction naturelle ont pu offrir des points de sympathie \u00e0 son \u00e9poux, son allure a, depuis l&rsquo;\u00e9lection de ce dernier, un tantinet \u00e9volu\u00e9.<\/span><\/p>\n<p><span style=\"font-size: 1.25rem; font-weight: 700;\">Comment s&rsquo;habillait Brigitte Macron quand elle \u00e9tait jeune ?<\/span><\/p>\n<p>Si l&rsquo;on peut facilement trouver des photos de Brigitte Macron depuis qu&rsquo;elle vit dans le palais pr\u00e9sidentiel, il en existe beaucoup moins de la p\u00e9riode o\u00f9 elle \u00e9tait <strong>madame Trogneux<\/strong>, <strong>jeune professeure de fran\u00e7ais<\/strong>. A l&rsquo;\u00e9poque, elle est encore une anonyme cultivant un style tr\u00e8s classique, voire BCBG avec ses cheveux coiff\u00e9s en queue de cheval. Blazers, tailleurs, chemises et foulards composent alors sa garde-robe. Plus tard, elle porte des jeans, des vestes et des sneakers qui la rendent toujours abordable. Et pour son mariage avec le futur pr\u00e9sident en 2007, c&rsquo;est en robe courte droite associ\u00e9e \u00e0 une veste immacul\u00e9e qu&rsquo;elle dit \u00ab\u00a0oui\u00a0\u00bb \u00e0 celui avec qui elle a vingt-quatre ans d&rsquo;\u00e9cart.<\/p>\n<figure class=\"image\" style=\"float:right\"><a class=\"fancy\" href=\"https:\/\/img-3.journaldesfemmes.fr\/VJUzFCJLGftagGSaKzzWt47hE3w=\/1080x\/smart\/d5d417059d86473fa72ac1ec6b71c5cd\/ccmcms-jdf\/34263764.jpg\"><img decoding=\"async\" alt=\"brigitte-macron-investiture-2022\" src=\"https:\/\/img-3.journaldesfemmes.fr\/nd9xrUXq7TYnu3Ui71wi-LXy7X0=\/300x\/smart\/d5d417059d86473fa72ac1ec6b71c5cd\/ccmcms-jdf\/34263764.jpg\"\/><\/a><figcaption data-credit=\"Jacovides Dominique\/Pool\/ABACA\" data-legend=\"Brigitte Macron lors de la c\u00e9r\u00e9monie d'investiture d'Emmanuel Macron en 2022\">Brigitte Macron lors de la c\u00e9r\u00e9monie d&rsquo;investiture d&rsquo;Emmanuel Macron en 2022 <small>\u00a9\u00a0Jacovides Dominique\/Pool\/ABACA<\/small><\/figcaption><\/figure>\n<p>Lors du meeting de Bercy en avril 2017, elle appara\u00eet pour la premi\u00e8re fois dans une tenue plus formelle, campagne pr\u00e9sidentielle oblige. Elle est alors v\u00eatue d&rsquo;un<strong> tailleur pantalon blanc fa\u00e7on smoking<\/strong> dont elle reporte la veste quelques jours plus tard dans une version grise. C&rsquo;est en ao\u00fbt 2015 qu&rsquo;elle va affiner le <strong>\u00ab\u00a0Brigitte Style\u00a0\u00bb<\/strong> que l&rsquo;on conna\u00eet, suite \u00e0\u00a0\u00a0sa rencontre avec <strong>Delphine Arnault<\/strong>, alors directrice g\u00e9n\u00e9rale adjointe de Louis Vuitton. Celle-ci lui souffle quelques conseils vestimentaires pour ses apparitions publiques. Entre grandes maisons et designers fran\u00e7ais tels que <a href=\"https:\/\/www.journaldesfemmes.fr\/mode\/conseils-mode\/2755065-cette-grande-maison-de-luxe-signe-des-vetements-avec-evian\/\" title=\"Balmain\">Balmain<\/a> ou encore Louis Vuitton, sa garde-robe se fait plus pointue. On l&rsquo;aper\u00e7oit r\u00e9guli\u00e8rement en robe droite, souvent en veste et pantalon de tailleur ou veste officier, et toujours en escarpins. Pour les deux investitures de son mari, elle porte \u00e0 chaque fois une robe droite (bleu lavande en 2017, blanche en 2022) associ\u00e9e \u00e0 une veste courte \u00e0 boutons sign\u00e9e Louis Vuitton.<\/p>\n<figure class=\"image\" style=\"float:left\"><a class=\"fancy\" href=\"https:\/\/img-3.journaldesfemmes.fr\/1IXPpyT_XYio_SVzBOTHDzSGNX0=\/1080x\/smart\/0233b805813747dc899e10b60057ff15\/ccmcms-jdf\/33904480.jpg\"><img decoding=\"async\" alt=\"brigitte-macron-baskets\" src=\"https:\/\/img-3.journaldesfemmes.fr\/FKqEbEIjVn4Cd8xg-8p2xsXPPag=\/300x\/smart\/0233b805813747dc899e10b60057ff15\/ccmcms-jdf\/33904480.jpg\"\/><\/a><figcaption data-credit=\"Blondet Eliot\/ABACA\" data-legend=\"Brigitte Macron en basket No Name au Touquet en avril 2022\">Brigitte Macron en basket No Name au Touquet en avril 2022 <small>\u00a9\u00a0Blondet Eliot\/ABACA<\/small><\/figcaption><\/figure>\n<h2 id=\"a-quoi-ressemblent-ses-looks-casual-favoris-\">\u00c0 quoi ressemblent ses looks casual favoris ?<\/h2>\n<p>Si l&rsquo;on en juge les photos de street style, dans sa vie de tous les jours ou lors de promenades au Touquet, elle affectionne particuli\u00e8rement les<strong> jeans slims<\/strong>\u00a0associ\u00e9s \u00e0 des sneakers \u00e0 semelles \u00e9paisses sign\u00e9es <strong>No Name<\/strong> et \u00e0 une veste de tailleur ou une marini\u00e8re. Parfois, elle ose le pantalon en cuir pr\u00e8s du corps ou rev\u00eat l&rsquo;une de ses sempiternelles robes droites. Un vestiaire tr\u00e8s actuel, refl\u00e9tant son image de <strong>femme active<\/strong> suivant les tendances. Brigitte Macron a, \u00e0 ce sujet, r\u00e9v\u00e9l\u00e9\u00a0\u00e0 l&rsquo;animatrice fran\u00e7aise <strong>Sophie Davant<\/strong>, dans son magazine\u00a0<em>S, le mag\u00a0<\/em>de janvier 2023 \u00e0 quoi ressemblait\u00a0son look pr\u00e9f\u00e9r\u00e9\u00a0:\u00a0<em>\u00ab\u00a0Avant l&rsquo;Elys\u00e9e,\u00a0ma tenue f\u00e9tiche \u00e9tait un jean<\/em><strong><em>\u00a0<\/em><\/strong><em>accompagn\u00e9 d&rsquo;une veste cintr\u00e9e et de stilettos. C&rsquo;\u00e9tait mon uniforme. C&rsquo;est comme \u00e7a que j&rsquo;aime \u00eatre habill\u00e9e\u00a0\u00bb.\u00a0<\/em><\/p>\n<h2 id=\"quelles-sont-les-marques-preferees-de-brigitte-macron-\">Quelles sont les marques pr\u00e9f\u00e9r\u00e9es de Brigitte Macron ?<\/h2>\n<p>Premi\u00e8re dame fran\u00e7aise, Brigitte Macron supporte<strong> la cr\u00e9ation hexagonale<\/strong>. Ses designer.euse.s favori.te.s\u00a0? Olivier Rousteing, \u00e0 la t\u00eate de <strong>Balmain<\/strong> quand elle ne craque pas pour une tenue <strong>Barbara Bui<\/strong>.\u00a0Brigitte Macron a \u00e9galement confi\u00e9 \u00e0 Sophie Davant, dans son magazine\u00a0<em>S, le mag<\/em>\u00a0que c&rsquo;\u00e9tait souvent <a href=\"https:\/\/www.journaldesfemmes.fr\/mode\/conseils-mode\/2814565-nicolas-ghesquiere-qui-est-le-designer-de-louis-vuitton\/\" title=\"Nicolas Ghesqui\u00e8re\">Nicolas Ghesqui\u00e8re<\/a>, directeur artistique de Louis Vuitton,\u00a0qui l&rsquo;habillait lors de ses sorties officielles\u00a0: \u00ab\u00a0<em>En 2017, la maison Louis Vuitton a propos\u00e9 de me pr\u00eater des tenues lors de mes d\u00e9placements et j&rsquo;ai rencontr\u00e9 Nicolas Ghesqui\u00e8re, son directeur artistique<\/em>.\u00a0<em>Il conna\u00eet mon style, mes go\u00fbts, ma morphologie, et c&rsquo;est lui qui dessine mes tenues<\/em>\u00ab\u00a0.\u00a0<\/p>\n<\/p><\/div>\n<p>[ad_2]<br \/>\n<br \/><a href=\"https:\/\/www.journaldesfemmes.fr\/mode\/styles-de-people\/2827539-brigitte-macron-redouble-d-elegance-dans-cette-robe-renversante\/\">Source link <\/a><\/p>\n","protected":false},"excerpt":{"rendered":"<p>[ad_1] Brigitte Macron a subjugu\u00e9 les invit\u00e9-e-s du d\u00eener en l&rsquo;honneur de Narendra Modi, le premier ministre indien, le vendredi &hellip; <a href=\"http:\/\/www.affinite.fr\/index.php\/2023\/07\/17\/brigitte-macron-redouble-delegance-dans-cette-robe-renversante\/\" class=\"more-link\">Plus <span class=\"screen-reader-text\">Brigitte Macron redouble d&rsquo;\u00e9l\u00e9gance dans cette robe renversante<\/span> <span class=\"meta-nav\">&rarr;<\/span><\/a><\/p>\n","protected":false},"author":1,"featured_media":9310,"comment_status":"","ping_status":"open","sticky":false,"template":"","format":"standard","meta":{"_sitemap_exclude":false,"_sitemap_priority":"","_sitemap_frequency":"","footnotes":""},"categories":[1],"tags":[],"class_list":["post-9309","post","type-post","status-publish","format-standard","has-post-thumbnail","hentry","category-tous"],"_links":{"self":[{"href":"http:\/\/www.affinite.fr\/index.php\/wp-json\/wp\/v2\/posts\/9309"}],"collection":[{"href":"http:\/\/www.affinite.fr\/index.php\/wp-json\/wp\/v2\/posts"}],"about":[{"href":"http:\/\/www.affinite.fr\/index.php\/wp-json\/wp\/v2\/types\/post"}],"author":[{"embeddable":true,"href":"http:\/\/www.affinite.fr\/index.php\/wp-json\/wp\/v2\/users\/1"}],"replies":[{"embeddable":true,"href":"http:\/\/www.affinite.fr\/index.php\/wp-json\/wp\/v2\/comments?post=9309"}],"version-history":[{"count":0,"href":"http:\/\/www.affinite.fr\/index.php\/wp-json\/wp\/v2\/posts\/9309\/revisions"}],"wp:featuredmedia":[{"embeddable":true,"href":"http:\/\/www.affinite.fr\/index.php\/wp-json\/wp\/v2\/media\/9310"}],"wp:attachment":[{"href":"http:\/\/www.affinite.fr\/index.php\/wp-json\/wp\/v2\/media?parent=9309"}],"wp:term":[{"taxonomy":"category","embeddable":true,"href":"http:\/\/www.affinite.fr\/index.php\/wp-json\/wp\/v2\/categories?post=9309"},{"taxonomy":"post_tag","embeddable":true,"href":"http:\/\/www.affinite.fr\/index.php\/wp-json\/wp\/v2\/tags?post=9309"}],"curies":[{"name":"wp","href":"https:\/\/api.w.org\/{rel}","templated":true}]}}