{"id":9297,"date":"2023-07-13T17:02:28","date_gmt":"2023-07-13T17:02:28","guid":{"rendered":"https:\/\/www.affinite.fr\/index.php\/2023\/07\/13\/trente-kilos-de-plus-yeux-minuscules-et-coiffures-improbables\/"},"modified":"2023-07-13T17:02:28","modified_gmt":"2023-07-13T17:02:28","slug":"trente-kilos-de-plus-yeux-minuscules-et-coiffures-improbables","status":"publish","type":"post","link":"http:\/\/www.affinite.fr\/index.php\/2023\/07\/13\/trente-kilos-de-plus-yeux-minuscules-et-coiffures-improbables\/","title":{"rendered":"\u00ab\u00a0trente kilos de plus\u00a0\u00bb, \u00ab\u00a0yeux minuscules\u00a0\u00bb et coiffures \u00ab\u00a0improbables\u00a0\u00bb"},"content":{"rendered":"<p> [ad_1]<br \/>\n<br \/><img decoding=\"async\" src=\"https:\/\/img-3.journaldesfemmes.fr\/VbaZmrRONkZswKkbcg3-_WURqsY=\/1280x\/smart\/35362cbc8cf9404a82ee80e9e1a04c1d\/ccmcms-jdf\/39648170.jpg\" \/><\/p>\n<p>\n                Ce 13\u00a0juillet, TF1\u00a0rediffuse la premi\u00e8re saison de la s\u00e9rie \u00ab\u00a0HPI\u00a0\u00bb, port\u00e9e par la charismatique Audrey Fleurot. Mais saviez-vous que la com\u00e9dienne se trouvait \u00ab\u00a0laide\u00a0\u00bb\u00a0?            <\/p>\n<div>\n<p><em>HPI <\/em>est de retour sur TF1, le 13 juillet \u00e0 21h10, pour la rediffusion de la premi\u00e8re saison. <strong>L&rsquo;actrice de 46 ans a confi\u00e9 \u00e0 plusieurs reprises qu&rsquo;elle ne se trouvait pas belle, \u00e9tant plus jeune. <\/strong>Mais avec les ann\u00e9es,\u00a0<strong><a href=\"https:\/\/www.journaldesfemmes.fr\/people\/audrey-fleurot\/\" title=\"Audrey Fleurot\">Audrey Fleurot<\/a> <\/strong>a r\u00e9ussi \u00e0\u00a0se sentir bien dans sa peau.<\/p>\n<h2>Audrey Fleurot \u00e9tait complex\u00e9e par son physique : \u00ab\u00a0J&rsquo;\u00e9tais tr\u00e8s laide\u00a0\u00bb<\/h2>\n<p>L&rsquo;actrice de <em>HPI <\/em>a simplement affirm\u00e9 \u00e0 <em>Gala <\/em>en mars 2016 : <strong>\u00ab\u00a0<em>Adolescente, j&rsquo;\u00e9tais tr\u00e8s laide<\/em>\u00ab\u00a0<\/strong>. Puis, elle a expliqu\u00e9\u00a0plus en d\u00e9tails pourquoi elle ne se trouvait pas jolie\u00a0:\u00a0\u00ab\u00a0<em>Comme je suis myope, <strong>je portais des lunettes avec des verres \u00e9pais comme des culs de bouteille qui me faisaient des yeux minuscules, deux appareils dentaires, je faisais trente kilos de plus<\/strong> et je me lan\u00e7ais dans des recherches capillaires improbables<\/em>\u00ab\u00a0. Quelques ann\u00e9es plus tard, Audrey Fleurot a confi\u00e9\u00a0au magazine <em>ELLE<\/em> : \u00ab\u00a0<em><strong>\u00c0 16\u00a0ans, j&rsquo;\u00e9tais laide. Vraiment laide.<\/strong> (\u2026) J&rsquo;avais (&#8230;) un appareil dentaire et des coupes de cheveux approximatives<\/em>\u00ab\u00a0.<\/p>\n<p>Elle a aussi r\u00e9v\u00e9l\u00e9 que l&rsquo;adolescence n&rsquo;avait pas \u00e9t\u00e9 la p\u00e9riode la plus facile de sa vie.\u00a0\u00ab\u00a0<em><strong>\u00c0 ce niveau-l\u00e0, mon adolescence a \u00e9t\u00e9 dure.<\/strong> Je me souviens de mes cousines, toutes plus ravissantes les unes que les autres ; et moi, en p\u00e2moison devant des gar\u00e7ons pour le moins d\u00e9sagr\u00e9ables ; je me souviens d&rsquo;humiliations<\/em>\u00ab\u00a0. L&rsquo;actrice a m\u00eame avou\u00e9, qu&rsquo;elle\u00a0avait<strong> \u00ab\u00a0<em>d\u00e9truit toutes ses photos d&rsquo;avant<\/em>\u00ab\u00a0. <\/strong><\/p>\n<h2>Audrey Fleurot \u00ab\u00a0moche rigolote\u00a0\u00bb : sa technique\u00a0pour ne pas \u00eatre harcel\u00e9e<\/h2>\n<p>En mai 2020, c&rsquo;est au magazine <em>Psychologies<\/em> qu&rsquo;elle s&rsquo;est livr\u00e9e un peu plus sur ses complexes. Elle avait d\u00e9taill\u00e9 : \u00ab\u00a0<em>J&rsquo;\u00e9tais rousse, ronde, myope, avec des lunettes \u00e0 triple foyer, et j&rsquo;ai port\u00e9 des bagues pendant je ne sais combien de temps<\/em>\u00ab\u00a0.\u00a0Elle estime qu&rsquo;elle avait \u00ab\u00a0<em>tout pour devenir le souffre-douleur de l&rsquo;\u00e9cole<\/em>\u00ab\u00a0. Alors, elle a cherch\u00e9 des \u00ab\u00a0<em>parades<\/em>\u00a0\u00bb pour ne pas se faire harceler\u00a0:\u00a0\u00ab\u00a0<em><strong>J&rsquo;ai fait le clown<\/strong>, j&rsquo;ai eu les cheveux en brosse, j&rsquo;ai port\u00e9 des lunettes de secr\u00e9taire des ann\u00e9es 1950\u00a0totalement improbables \u00e0 8\u00a0ans&#8230; <strong>Quitte \u00e0 ne pas passer inaper\u00e7ue, revendiquons-le. Donc je me suis construite comme la moche rigolote<\/strong><\/em>\u00ab\u00a0.<\/p>\n<h2>Audrey Fleurot : ce qui l&rsquo;a aid\u00e9e \u00e0 \u00ab\u00a0r\u00e9gler son probl\u00e8me de boulimie\u00a0\u00bb<\/h2>\n<p>Plus tard, Audrey Fleurot a rencontr\u00e9 quelqu&rsquo;un<i>\u00a0<\/i>qui l&rsquo;a aid\u00e9e \u00e0 se sentir mieux dans sa peau.\u00a0<strong>\u00ab\u00a0<em>Le transfert affectif m&rsquo;a permis de r\u00e9gler mon probl\u00e8me de boulimie et j&rsquo;ai commenc\u00e9 \u00e0 mincir<\/em><\/strong>\u00ab\u00a0, a-t-elle expliqu\u00e9.\u00a0La com\u00e9die a aussi eu un r\u00f4le dans ce grand changement dans sa vie, elle a d\u00e9clar\u00e9 : \u00ab\u00a0<em>Ensuite, quand je suis entr\u00e9e \u00e0 l&rsquo;\u00e9cole de th\u00e9\u00e2tre, j&rsquo;ai vite compris que si je ne voulais pas \u00eatre cantonn\u00e9e aux r\u00f4les de grands-m\u00e8res ou de m\u00e8res, il allait falloir perdre encore du poids et <strong>je me suis mise au sport. Depuis, j&rsquo;en fais quasiment tous les jours<\/strong><\/em>\u00ab\u00a0.\u00a0<\/p>\n<\/p><\/div>\n<p>[ad_2]<br \/>\n<br \/><a href=\"https:\/\/www.journaldesfemmes.fr\/people\/actus\/2938437-audrey-fleurot-complexee-trente-kilos-de-plus-yeux-minuscules-et-coiffures-improbables\/\">Source link <\/a><\/p>\n","protected":false},"excerpt":{"rendered":"<p>[ad_1] Ce 13\u00a0juillet, TF1\u00a0rediffuse la premi\u00e8re saison de la s\u00e9rie \u00ab\u00a0HPI\u00a0\u00bb, port\u00e9e par la charismatique Audrey Fleurot. Mais saviez-vous que &hellip; <a href=\"http:\/\/www.affinite.fr\/index.php\/2023\/07\/13\/trente-kilos-de-plus-yeux-minuscules-et-coiffures-improbables\/\" class=\"more-link\">Plus <span class=\"screen-reader-text\">\u00ab\u00a0trente kilos de plus\u00a0\u00bb, \u00ab\u00a0yeux minuscules\u00a0\u00bb et coiffures \u00ab\u00a0improbables\u00a0\u00bb<\/span> <span class=\"meta-nav\">&rarr;<\/span><\/a><\/p>\n","protected":false},"author":1,"featured_media":9298,"comment_status":"","ping_status":"open","sticky":false,"template":"","format":"standard","meta":{"_sitemap_exclude":false,"_sitemap_priority":"","_sitemap_frequency":"","footnotes":""},"categories":[1],"tags":[],"class_list":["post-9297","post","type-post","status-publish","format-standard","has-post-thumbnail","hentry","category-tous"],"_links":{"self":[{"href":"http:\/\/www.affinite.fr\/index.php\/wp-json\/wp\/v2\/posts\/9297"}],"collection":[{"href":"http:\/\/www.affinite.fr\/index.php\/wp-json\/wp\/v2\/posts"}],"about":[{"href":"http:\/\/www.affinite.fr\/index.php\/wp-json\/wp\/v2\/types\/post"}],"author":[{"embeddable":true,"href":"http:\/\/www.affinite.fr\/index.php\/wp-json\/wp\/v2\/users\/1"}],"replies":[{"embeddable":true,"href":"http:\/\/www.affinite.fr\/index.php\/wp-json\/wp\/v2\/comments?post=9297"}],"version-history":[{"count":0,"href":"http:\/\/www.affinite.fr\/index.php\/wp-json\/wp\/v2\/posts\/9297\/revisions"}],"wp:featuredmedia":[{"embeddable":true,"href":"http:\/\/www.affinite.fr\/index.php\/wp-json\/wp\/v2\/media\/9298"}],"wp:attachment":[{"href":"http:\/\/www.affinite.fr\/index.php\/wp-json\/wp\/v2\/media?parent=9297"}],"wp:term":[{"taxonomy":"category","embeddable":true,"href":"http:\/\/www.affinite.fr\/index.php\/wp-json\/wp\/v2\/categories?post=9297"},{"taxonomy":"post_tag","embeddable":true,"href":"http:\/\/www.affinite.fr\/index.php\/wp-json\/wp\/v2\/tags?post=9297"}],"curies":[{"name":"wp","href":"https:\/\/api.w.org\/{rel}","templated":true}]}}