{"id":9287,"date":"2023-07-10T16:57:33","date_gmt":"2023-07-10T16:57:33","guid":{"rendered":"https:\/\/www.affinite.fr\/index.php\/2023\/07\/10\/chacun-doit-faire-sa-vie-qui-est-son-ex-femme-de-8-ans-son-ainee\/"},"modified":"2023-07-10T16:57:33","modified_gmt":"2023-07-10T16:57:33","slug":"chacun-doit-faire-sa-vie-qui-est-son-ex-femme-de-8-ans-son-ainee","status":"publish","type":"post","link":"http:\/\/www.affinite.fr\/index.php\/2023\/07\/10\/chacun-doit-faire-sa-vie-qui-est-son-ex-femme-de-8-ans-son-ainee\/","title":{"rendered":"\u00ab\u00a0Chacun doit faire sa vie\u00a0\u00bb&#8230; Qui est son ex-femme (de 8\u00a0ans son a\u00een\u00e9e)\u00a0?"},"content":{"rendered":"<p> [ad_1]<br \/>\n<br \/><img decoding=\"async\" src=\"https:\/\/img-3.journaldesfemmes.fr\/QNnweUAXYtGMpfmp9uJOdHwVfc0=\/1280x\/smart\/fedb7d0e4b6c4c17841a3fa3a5a2dd64\/ccmcms-jdf\/39646754.jpg\" \/><\/p>\n<p>\n                Keen&rsquo;V vient d&rsquo;annoncer \u00e0 \u00ab\u00a0T\u00e9l\u00e9 Loisirs\u00a0\u00bb qu&rsquo;il a divorc\u00e9, apr\u00e8s quinze ans de mariage. Mais qui \u00e9tait donc sa discr\u00e8te ex-\u00e9pouse, de huit ans son a\u00een\u00e9e\u00a0? Avaient-ils des enfants ensemble\u00a0?            <\/p>\n<div>\n<p>C&rsquo;est la fin d&rsquo;une \u00e9poque pour <strong>Keen&rsquo;V <\/strong>! Le chanteur de 40 ans, qui se lance dans l&rsquo;aventure <em>Fort Boyard<\/em> ce 15 juillet sur France 2, a fait une r\u00e9v\u00e9lation sur sa vie priv\u00e9e dans les colonnes de <em>T\u00e9l\u00e9 Loisirs<\/em>&#8230;<\/p>\n<h2>Keen&rsquo;V vient de divorcer : \u00ab\u00a0Chacun doit faire sa vie\u00a0\u00bb<\/h2>\n<p>L&rsquo;interpr\u00e8te de <em>Out\u00e9t\u00e9 <\/em>a annonc\u00e9 qu&rsquo;il s&rsquo;\u00e9tait r\u00e9cemment s\u00e9par\u00e9 de son \u00e9pouse avec qui il \u00e9tait mari\u00e9 depuis plus de 15 ans et dont il n&rsquo;a jamais souhait\u00e9 d\u00e9voiler l&rsquo;identit\u00e9, celle-ci pr\u00e9f\u00e9rant rester \u00e0 l&rsquo;abri des m\u00e9dias. \u00ab\u00a0<strong><em>Nous ne sommes plus mari\u00e9s<\/em><\/strong>\u00ab\u00a0, a-t-il tout simplement d\u00e9clar\u00e9. D&rsquo;ailleurs, sa chanson <em>Merci<\/em>, extrait de son dernier album <em>Equilibre<\/em> sorti le 7 juillet, est d\u00e9di\u00e9e\u00a0\u00e0 son ex-femme. Dans ce morceau, il la \u00ab\u00a0<em>remercie pour tout ce qu&rsquo;elle a pu faire<\/em>\u00a0\u00bb durant cette quinzaine d&rsquo;ann\u00e9es\u00a0pass\u00e9e ensemble.<\/p>\n<p>La page est d\u00e9sormais bien tourn\u00e9e. \u00ab\u00a0<strong>C<em><strong>hacun <\/strong>doit faire sa vie<\/em><\/strong>\u00ab\u00a0, a confi\u00e9 le chanteur quadrag\u00e9naire qui a toutefois pr\u00e9cis\u00e9 qu&rsquo;ils gardaient une \u00ab\u00a0<em>tr\u00e8s bonne relation<\/em>\u00ab\u00a0. <strong>Aucune ranc\u0153ur<\/strong> donc entre l&rsquo;interpr\u00e8te de <em>Ne pars pas<\/em> et celle qu&rsquo;il a aim\u00e9e pendant de nombreuses ann\u00e9es.<\/p>\n<div class=\"ccminsert\">\n<p><template data-type=\"embedtag\" data-tagname=\"youtube\"><iframe loading=\"lazy\" allow=\"accelerometer; autoplay; clipboard-write; encrypted-media; gyroscope; picture-in-picture; web-share\" allowfullscreen=\"\" frameborder=\"0\" height=\"315\" src=\"https:\/\/www.youtube.com\/embed\/BGi-8YfbOII\" title=\"YouTube video player\" width=\"560\"><\/iframe><\/template><\/p>\n<\/div>\n<h2>Comment Keen&rsquo;V a-t-il rencontr\u00e9 son ex-femme (de huit ans son a\u00een\u00e9e) ?<\/h2>\n<p>Si l&rsquo;ex-\u00e9pouse de Keen&rsquo;V a toujours souhait\u00e9 rester discr\u00e8te, on sait toutefois qu&rsquo;elle est <strong>infirmi\u00e8re au service psychiatrique dans un h\u00f4pital de Rouen<\/strong> et qu&rsquo;elle a <strong>huit ans de plus que le chanteur<\/strong>,\u00a0si l&rsquo;on en croit <em>Public.<\/em> A l&rsquo;\u00e9poque de leur rencontre, elle \u00e9tait <strong>barmaid <\/strong>et avait donn\u00e9 \u00e0 la possibilit\u00e9 \u00e0 Keen&rsquo;V, qui n&rsquo;\u00e9tait pas encore connu du grand public, de chanter dans une boite de nuit.<\/p>\n<p>Les tourtereaux avaient d\u00e9cid\u00e9 de se marier environ un an apr\u00e8s leur rencontre.\u00a0Rapidement, la jeune femme avait pris une place immense dans la vie de l&rsquo;artiste.\u00a0Lorsque celui-ci a travers\u00e9 une phase de d\u00e9pression apr\u00e8s la mort de sa grand-m\u00e8re dont il \u00e9tait tr\u00e8s proche, il a pu compter sur le soutien de sa moiti\u00e9.\u00a0\u00ab\u00a0<strong><em>Elle m&rsquo;a aid\u00e9 \u00e0 remonter la pente. Gr\u00e2ce \u00e0 elle je n&rsquo;ai pas sombr\u00e9 dans les m\u00e9dicaments<\/em><\/strong>\u00ab\u00a0, avait-il confi\u00e9 \u00e0 <em>Closer.<\/em><\/p>\n<h2>Keen&rsquo;V, face \u00e0 la paternit\u00e9 : est-il st\u00e9rile ?<\/h2>\n<p>Keen&rsquo;V et son ex-\u00e9pouse <strong>n&rsquo;ont jamais eu d&rsquo;enfant ensemble<\/strong>.\u00a0Lorsqu&rsquo;il l&rsquo;a rencontr\u00e9e, celle-ci \u00e9tait d\u00e9j\u00e0 m\u00e8re de deux enfants n\u00e9s d&rsquo;une pr\u00e9c\u00e9dente relation.\u00a0Mais le chanteur, lui, a toujours r\u00eav\u00e9 d&rsquo;\u00eatre p\u00e8re, sans succ\u00e8s. \u00ab\u00a0<em>Au d\u00e9but tu trouves pas \u00e7a juste de pas avoir d&rsquo;enfants. Tu trouves pas \u00e7a juste et puis apr\u00e8s tu te fais une raison. Tu te dis que si tu dois pas en avoir, c&rsquo;est que&#8230; Et puis en vrai, on r\u00e9fl\u00e9chit. <strong>Peut-\u00eatre que j&rsquo;adopterai. Si un jour je me sens vraiment trop en manque, j&rsquo;adopterai<\/strong><\/em>\u00ab\u00a0, avait-il expliqu\u00e9 dans <em>50&prime; Inside.<\/em><\/p>\n<p>Est-il st\u00e9rile ? \u00ab\u00a0<em><strong>Je pense que je suis st\u00e9rile<\/strong>, parce que bon, \u00e7a fait quinze ans que je couche avec la m\u00eame femme sans me prot\u00e9ger<\/em>\u00ab\u00a0, avait-il consenti aupr\u00e8s de <em>Public<\/em>.\u00a0Mais l&rsquo;interpr\u00e8te de <em>Tahiti<\/em> ne souhaite pas avoir la confirmation de cette hypoth\u00e8se :\u00a0\u00ab\u00a0<em>Je n&rsquo;ai pas fait de tests, parce que \u00e7a va me rendre triste. Je pr\u00e9f\u00e8re \u00eatre dans le d\u00e9ni\u00a0\u00bb.<\/em><\/p>\n<\/p><\/div>\n<p>[ad_2]<br \/>\n<br \/><a href=\"https:\/\/www.journaldesfemmes.fr\/people\/actus\/2937355-keen-v-divorce-femme-rupture\/\">Source link <\/a><\/p>\n","protected":false},"excerpt":{"rendered":"<p>[ad_1] Keen&rsquo;V vient d&rsquo;annoncer \u00e0 \u00ab\u00a0T\u00e9l\u00e9 Loisirs\u00a0\u00bb qu&rsquo;il a divorc\u00e9, apr\u00e8s quinze ans de mariage. Mais qui \u00e9tait donc sa &hellip; <a href=\"http:\/\/www.affinite.fr\/index.php\/2023\/07\/10\/chacun-doit-faire-sa-vie-qui-est-son-ex-femme-de-8-ans-son-ainee\/\" class=\"more-link\">Plus <span class=\"screen-reader-text\">\u00ab\u00a0Chacun doit faire sa vie\u00a0\u00bb&#8230; Qui est son ex-femme (de 8\u00a0ans son a\u00een\u00e9e)\u00a0?<\/span> <span class=\"meta-nav\">&rarr;<\/span><\/a><\/p>\n","protected":false},"author":1,"featured_media":9288,"comment_status":"","ping_status":"open","sticky":false,"template":"","format":"standard","meta":{"_sitemap_exclude":false,"_sitemap_priority":"","_sitemap_frequency":"","footnotes":""},"categories":[1],"tags":[],"class_list":["post-9287","post","type-post","status-publish","format-standard","has-post-thumbnail","hentry","category-tous"],"_links":{"self":[{"href":"http:\/\/www.affinite.fr\/index.php\/wp-json\/wp\/v2\/posts\/9287"}],"collection":[{"href":"http:\/\/www.affinite.fr\/index.php\/wp-json\/wp\/v2\/posts"}],"about":[{"href":"http:\/\/www.affinite.fr\/index.php\/wp-json\/wp\/v2\/types\/post"}],"author":[{"embeddable":true,"href":"http:\/\/www.affinite.fr\/index.php\/wp-json\/wp\/v2\/users\/1"}],"replies":[{"embeddable":true,"href":"http:\/\/www.affinite.fr\/index.php\/wp-json\/wp\/v2\/comments?post=9287"}],"version-history":[{"count":0,"href":"http:\/\/www.affinite.fr\/index.php\/wp-json\/wp\/v2\/posts\/9287\/revisions"}],"wp:featuredmedia":[{"embeddable":true,"href":"http:\/\/www.affinite.fr\/index.php\/wp-json\/wp\/v2\/media\/9288"}],"wp:attachment":[{"href":"http:\/\/www.affinite.fr\/index.php\/wp-json\/wp\/v2\/media?parent=9287"}],"wp:term":[{"taxonomy":"category","embeddable":true,"href":"http:\/\/www.affinite.fr\/index.php\/wp-json\/wp\/v2\/categories?post=9287"},{"taxonomy":"post_tag","embeddable":true,"href":"http:\/\/www.affinite.fr\/index.php\/wp-json\/wp\/v2\/tags?post=9287"}],"curies":[{"name":"wp","href":"https:\/\/api.w.org\/{rel}","templated":true}]}}