{"id":9250,"date":"2023-06-26T16:25:47","date_gmt":"2023-06-26T16:25:47","guid":{"rendered":"https:\/\/www.affinite.fr\/index.php\/2023\/06\/26\/entree-gratuite-dates-et-liste-des-exposants\/"},"modified":"2023-06-26T16:25:47","modified_gmt":"2023-06-26T16:25:47","slug":"entree-gratuite-dates-et-liste-des-exposants","status":"publish","type":"post","link":"http:\/\/www.affinite.fr\/index.php\/2023\/06\/26\/entree-gratuite-dates-et-liste-des-exposants\/","title":{"rendered":"entr\u00e9e gratuite, dates et liste des exposants&#8230;"},"content":{"rendered":"<p> [ad_1]<br \/>\n<\/p>\n<p>\n                Avant de vous rendre aux Journ\u00e9es des Plantes de Chantilly, voici toutes les infos \u00e0 conna\u00eetre. Horaires, dates, liste des exposants, tarifs, parrain et programme de ce grand \u00e9v\u00e8nement jardin, sans oublier nos astuces pour obtenir une entr\u00e9e gratuite. Tout pour pr\u00e9parer votre visite\u00a0!            <\/p>\n<div>\n<aside class=\"ccmsummary marqueur_module ccmcss_cms_summary ccmcss_cms_summary--right\">\n<p>Sommaire<\/p>\n<\/aside>\n<p>N\u00e9e\u00a0\u00e0 Courson en 1983, cette manifestation majeure a \u00e9t\u00e9\u00a0d\u00e9plac\u00e9e, depuis 2015, dans un autre cadre idyllique, celui du parc du Domaine de Chantilly.\u00a0Lieu privil\u00e9gi\u00e9 d&rsquo;\u00e9change et de partage,<strong> les Journ\u00e9es des Plantes de Chantilly<\/strong> <strong>rassemblent, en mai puis en octobre, des amoureux du jardin<\/strong>, qu&rsquo;ils soient\u00a0amateurs ou confirm\u00e9s. Les Journ\u00e9es des Plantes de Chantilly seront \u00e0 nouveau de retour en 2023 pour leur \u00e9dition automnale, et ce, pour le plus grand plaisir des amateurs de jardin !<\/p>\n<h2 id=\"quels-sont-les-dates-et-horaires-des-journees-des-plantes-\">Quels sont les dates et horaires des Journ\u00e9es des Plantes 2023 ?<\/h2>\n<p>Les 16\u00e8mes Journ\u00e9es des Plantes de Chantilly vont se d\u00e9rouler\u00a0<strong>du 6\u00a0au\u00a08 octobre 2023,\u00a0<\/strong>apr\u00e8s avoir accueillis le public du 12 au 14 mai\u00a0dernier.<strong>\u00a0<\/strong>Durant ces trois jours de festivit\u00e9s, les portes ouvriront de 10h \u00e0 18h (fermeture de la billetterie \u00e0 17h30).<\/p>\n<h2 id=\"quel-est-le-programme-des-journees-des-plantes-de-chantilly-\">Quel est le programme des Journ\u00e9es des Plantes de Chantilly\u00a0en 2023 ?<\/h2>\n<p>Pour cette nouvelle \u00e9dition, les Journ\u00e9es des Plantes de Chantilly auront pour th\u00e9matique\u00a0<strong>La magie des couleurs d&rsquo;automne. <\/strong>Rouge, violet, orang\u00e9, bronze et cuivre seront \u00e0 l&rsquo;honneur pour faire d\u00e9couvrir aux amateurs du jardin une palette chaude et vibrante. Ce sera l&rsquo;occasion de d\u00e9couvrir le r\u00f4le de la couleur au jardin et d&rsquo;apprendre \u00e0 l&rsquo;apprivoiser.<\/p>\n<p>Le th\u00e8me de l&rsquo;\u00e9dition pr\u00e9c\u00e9dente \u00e9tait quant \u00e0 lui <em>Cultiver le bien-\u00eatre<\/em>\u00a0pour\u00a0(re)mettre l&rsquo;accent sur les bienfaits apport\u00e9s par les plantes et fleurs mais aussi leur culture, moment de d\u00e9tente \u00e0 part enti\u00e8re, activit\u00e9 physique aussi et facteur de lien social.<\/p>\n<div style=\"text-align:center\">\n<figure class=\"image\" style=\"display:inline-block\"><img decoding=\"async\" alt=\"palmares-plantes-journees-des-plantes-chantilly\" src=\"https:\/\/img-3.journaldesfemmes.fr\/TNgtWiZj0tFLcFP8mx-4o6SEo68=\/1080x\/smart\/4b5405c0cabf4db69ce14df5b9269da2\/ccmcms-jdf\/39640562.jpg\"\/><figcaption data-credit=\"Journal des Femmes\"><small>\u00a9\u00a0Journal des Femmes<\/small><\/figcaption><\/figure>\n<\/div>\n<p>Cette ann\u00e9e encore,\u00a0nombreux seront les\u00a0<strong>p\u00e9pini\u00e9ristes et exposants<\/strong>\u00a0qui\u00a0r\u00e9pondront encore\u00a0pr\u00e9sents afin de vous d\u00e9voiler leurs esp\u00e8ces pr\u00e9f\u00e9r\u00e9es et vous conseiller pour en prendre soin.\u00a0Mais les Journ\u00e9es des Plantes de Chantilly c&rsquo;est aussi et surtout une <strong>grande exposition-vente de plantes<\/strong>, qu&rsquo;elles soient de collection ou plus classiques et l&rsquo;occasion r\u00eav\u00e9e de\u00a0participer \u00e0 des <strong>ateliers pratiques<\/strong>\u00a0pour petits et grands.\u00a0Le tout gratuitement\u00a0!<\/p>\n<div style=\"text-align:center\">\n<figure class=\"image\" style=\"display:inline-block\"><img decoding=\"async\" alt=\"vente-journee-des-plantes-chantilly\" src=\"https:\/\/img-3.journaldesfemmes.fr\/z0hJUNMz2cIbEJGQEkdTmT-Gpgo=\/1080x\/smart\/8d36b9f7b31d4476a3c1a7568a6d97f0\/ccmcms-jdf\/39640563.jpg\"\/><figcaption data-credit=\"Journal des Femmes\"><small>\u00a9\u00a0Journal des Femmes<\/small><\/figcaption><\/figure>\n<\/div>\n<h2 id=\"qui-est-le-parrain-des-prochaines-journees-des-plantes-\">Qui est le parrain des Journ\u00e9es des Plantes en octobre\u00a0?<\/h2>\n<p>Apr\u00e8s la journaliste culinaire\u00a0<a href=\"https:\/\/cuisine.journaldesfemmes.fr\/chefs-et-gastronomie\/2805207-julie-andrieu-sort-un-nouveau-livre-qui-va-vous-faire-voyager\/\" title=\"Julie Andrieu\">Julie Andrieu<\/a> puis\u00a0le botaniste et inventeur du mur v\u00e9g\u00e9tal,\u00a0<strong>Patrick Blanc<\/strong>, ce sera au tour de l&rsquo;artiste<strong>\u00a0Jean-Michel Othoniel d&rsquo;\u00eatre\u00a0le parrain des<\/strong>\u00a0<strong>Journ\u00e9es des Plantes de Chantilly en octobre 2023<\/strong>.\u00a0<\/p>\n<p>\u00c9lu \u00e0 l&rsquo;Acad\u00e9mie des Beaux-Arts en 2018\u00a0dans la section sculpture, Jean-Michel Othoniel utilise le verre et la couleur comme personne pour cr\u00e9er des installations po\u00e9tiques et d\u00e9licates.\u00a0Ses oeuvres trouvent aussi bien leur place dans les jardins du Ch\u00e2teau de Versailles que dans les mus\u00e9es ou les sites historiques.\u00a0<\/p>\n<h2 id=\"quels-sont-les-exposants-presents-aux-journees-des-plantes-a-chantilly-\">Qui sont les exposants pr\u00e9sents aux Journ\u00e9es des Plantes \u00e0 Chantilly ?<\/h2>\n<p>Tri\u00e9s sur le volet par les diff\u00e9rents Comit\u00e9s de S\u00e9lection selon des crit\u00e8res d\u00e9finis par la Charte des Exposants, plus de<strong>\u00a0200 invit\u00e9s &#8211; associations, \u00e9coles, institutions, paysagistes, p\u00e9pini\u00e9ristes confondus <\/strong>&#8211; devraient <a href=\"http:\/\/www.affinite.fr\/index.php\/2023\/07\/29\/changer-de-vie-voyager-complement-de-retraite-devenez-vendeur-de-glace-a-litalienne\/\">investir<\/a> le parc du Domaine de Chantilly trois jours durant.\u00a0Et puisqu&rsquo;il est trop long de tous les citer, voici la <a href=\"https:\/\/journees-des-plantes.chateaudechantilly.fr\/fr\/les-exposants\/\" target=\"_blank\" rel=\"noopener\">liste<\/a>\u00a0des exposants rassembl\u00e9s lors de la derni\u00e8re \u00e9dition.\u00a0Parmi eux, des marques de mobilier, d&rsquo;accessoires et de\u00a0v\u00eatements pour le jardin, des fabricants de\u00a0bassins, cascades,\u00a0fontaines, ruches ou serres, sans oublier un espace Saveurs pour faire fr\u00e9tiller les papilles.\u00a0<\/p>\n<p>Les exposants r\u00e9unis \u00e0 Chantilly\u00a0disposent bien souvent d&rsquo;un certain nombre d&rsquo;<strong>invitations pour\u00a0les Journ\u00e9es des Plantes<\/strong>. On vous recommande donc de vous rapprocher de celles et ceux dont le stand vous botte le plus, en consultant la liste ci-dessus. Qui sait, avec un peu de bagout, ils acc\u00e8deront peut-\u00eatre \u00e0 votre demande. On croise les doigts pour vous !<\/p>\n<h2 id=\"quels-sont-les-prix-des-billets-\">Quels sont les prix des billets ?<\/h2>\n<p>Comme \u00e0 son habitude, le Domaine de Chantilly met en\u00a0place un tarif de lancement \u00e0 16 euros\u00a0(au lieu de 18 euros) et \u00e0 15 euros versus 16 en tarif r\u00e9duit, jusqu&rsquo;\u00e0 la veille de l&rsquo;\u00e9v\u00e8nement. Une fois cette date pass\u00e9e, vous pouvez acheter votre billet en ligne sur le site d\u00e9di\u00e9\u00a0et voici <strong>les tarifs des billets pour les Journ\u00e9es des\u00a0Plantes de Chantilly <\/strong>:\u00a0<\/p>\n<ul>\n<li>18\u00a0euros plein tarif\u00a0et 16 euros tarif r\u00e9duit<strong>\u00a0<\/strong>sur place et en ligne pendant les 3 journ\u00e9es des plantes,<\/li>\n<li>30 euros le pass 2 jours.<\/li>\n<\/ul>\n<aside class=\"cke-aside\">\n<p>\u00c0 savoir\u00a0: le billet donne acc\u00e8s aux Journ\u00e9es des Plantes le jour de votre choix, \u00e0 la totalit\u00e9 du parc, au ch\u00e2teau, aux expositions temporaires, aux Grandes \u00c9curies ainsi qu&rsquo;aux animations \u00e9questres, aux parkings, consignes et conf\u00e9rences gratuites.<\/p>\n<p><strong>Site <\/strong>:\u00a0<a href=\"https:\/\/journees-des-plantes.chateaudechantilly.fr\/fr\/\" target=\"_blank\" rel=\"noopener\">journees-des-plantes.chateaudechantilly.fr<\/a><\/p>\n<\/aside><\/div>\n<p>[ad_2]<br \/>\n<br \/><a href=\"https:\/\/www.journaldesfemmes.fr\/jardin\/conseils-amenagement\/2564312-journees-des-plantes-de-chantilly-2023\/\">Source link <\/a><\/p>\n","protected":false},"excerpt":{"rendered":"<p>[ad_1] Avant de vous rendre aux Journ\u00e9es des Plantes de Chantilly, voici toutes les infos \u00e0 conna\u00eetre. Horaires, dates, liste &hellip; <a href=\"http:\/\/www.affinite.fr\/index.php\/2023\/06\/26\/entree-gratuite-dates-et-liste-des-exposants\/\" class=\"more-link\">Plus <span class=\"screen-reader-text\">entr\u00e9e gratuite, dates et liste des exposants&#8230;<\/span> <span class=\"meta-nav\">&rarr;<\/span><\/a><\/p>\n","protected":false},"author":1,"featured_media":9251,"comment_status":"","ping_status":"open","sticky":false,"template":"","format":"standard","meta":{"_sitemap_exclude":false,"_sitemap_priority":"","_sitemap_frequency":"","footnotes":""},"categories":[1],"tags":[],"class_list":["post-9250","post","type-post","status-publish","format-standard","has-post-thumbnail","hentry","category-tous"],"_links":{"self":[{"href":"http:\/\/www.affinite.fr\/index.php\/wp-json\/wp\/v2\/posts\/9250"}],"collection":[{"href":"http:\/\/www.affinite.fr\/index.php\/wp-json\/wp\/v2\/posts"}],"about":[{"href":"http:\/\/www.affinite.fr\/index.php\/wp-json\/wp\/v2\/types\/post"}],"author":[{"embeddable":true,"href":"http:\/\/www.affinite.fr\/index.php\/wp-json\/wp\/v2\/users\/1"}],"replies":[{"embeddable":true,"href":"http:\/\/www.affinite.fr\/index.php\/wp-json\/wp\/v2\/comments?post=9250"}],"version-history":[{"count":0,"href":"http:\/\/www.affinite.fr\/index.php\/wp-json\/wp\/v2\/posts\/9250\/revisions"}],"wp:featuredmedia":[{"embeddable":true,"href":"http:\/\/www.affinite.fr\/index.php\/wp-json\/wp\/v2\/media\/9251"}],"wp:attachment":[{"href":"http:\/\/www.affinite.fr\/index.php\/wp-json\/wp\/v2\/media?parent=9250"}],"wp:term":[{"taxonomy":"category","embeddable":true,"href":"http:\/\/www.affinite.fr\/index.php\/wp-json\/wp\/v2\/categories?post=9250"},{"taxonomy":"post_tag","embeddable":true,"href":"http:\/\/www.affinite.fr\/index.php\/wp-json\/wp\/v2\/tags?post=9250"}],"curies":[{"name":"wp","href":"https:\/\/api.w.org\/{rel}","templated":true}]}}