{"id":9228,"date":"2023-06-17T15:54:15","date_gmt":"2023-06-17T15:54:15","guid":{"rendered":"https:\/\/www.affinite.fr\/index.php\/2023\/06\/17\/pour-rester-mince-michele-laroque-est-fan-de-ce-sport-quon-a-presque-tous-pratique-pendant-notre-enfance\/"},"modified":"2023-06-17T15:54:15","modified_gmt":"2023-06-17T15:54:15","slug":"pour-rester-mince-michele-laroque-est-fan-de-ce-sport-quon-a-presque-tous-pratique-pendant-notre-enfance","status":"publish","type":"post","link":"http:\/\/www.affinite.fr\/index.php\/2023\/06\/17\/pour-rester-mince-michele-laroque-est-fan-de-ce-sport-quon-a-presque-tous-pratique-pendant-notre-enfance\/","title":{"rendered":"Pour rester mince, Mich\u00e8le Laroque est fan de ce sport qu&rsquo;on a presque tous pratiqu\u00e9 pendant notre enfance"},"content":{"rendered":"<p> [ad_1]<br \/>\n<br \/><img decoding=\"async\" src=\"https:\/\/img-3.journaldesfemmes.fr\/JOywRoVvlYZTzFb9I39i3foDtuk=\/1280x\/smart\/39321f32d5854474947696ceeab4c15b\/ccmcms-jdf\/39636149.jpg\" \/><\/p>\n<p>\n                Le 15\u00a0juin dernier, Mich\u00e8le Laroque a f\u00eat\u00e9 ses 63\u00a0ans\u00a0! L&rsquo;occasion de d\u00e9couvrir son secret pour rester belle et mince\u00a0: le sport, et notamment une discipline bien connue. Confidences.            <\/p>\n<div>\n<p>Apr\u00e8s avoir brill\u00e9 sur le tapis rouge du Festival de Cannes 2023, <a href=\"https:\/\/www.journaldesfemmes.fr\/people\/personnalites\/2930081-michele-laroque-age-vie-privee-accident\/\" title=\"Mich\u00e8le Laroque\">Mich\u00e8le Laroque<\/a> a souffl\u00e9 sa 63 \u00e8me bougie.\u00a0La Fran\u00e7aise doit sa belle silhouette et sa taille fine \u00e0 un sport particulier : la danse classique.<\/p>\n<h2>Mich\u00e8le Laroque fait du yoga et de la danse classique<\/h2>\n<p>Outre sa beaut\u00e9 toujours \u00e9clatante, marqu\u00e9e par des beauty looks impeccables et des coiffures rajeunissantes, Mich\u00e8le Laroque plait avec son physique avantageux qu&rsquo;elle a su pr\u00e9server au fil des ann\u00e9es. A plus de 60 ans, la com\u00e9dienne affiche un corps mince et tonique qu&rsquo;elle garde gr\u00e2ce \u00e0 deux activit\u00e9s sportives.\u00a0\u00ab\u00a0<em><strong>Je suis tr\u00e8s sportive : je fais du <a href=\"https:\/\/www.journaldesfemmes.fr\/beaute\/conseils-forme-et-minceur\/2439924-yoga\/\" title=\"Yoga\">yoga<\/a> chaque matin<\/strong> et j\u2019essaie de marcher au moins trente minutes par jour. <strong>Sans oublier la danse classique que je pratique depuis toujours<\/strong>\u2026 Cette discipline muscle le dos et sollicite l\u2019ensemble du corps, c\u2019est top ! Quand je ne suis pas en tournage, j\u2019y vais deux fois par semaine\u00a0\u00bb<\/em>, a-t-elle confi\u00e9 \u00e0 <a href=\"https:\/\/www.gala.fr\/beaute\/beaute_de_star\/michele_laroque_l_actrice_et_compagne_de_francois_baroin_nous_devoile_ses_secrets_de_beaute_385698\" target=\"_blank\" rel=\"noopener\"><em>Gala<\/em><\/a>. On avait d&rsquo;ailleurs pu voir les talents de danseuse classique de Mich\u00e8le Laroque\u00a0dans le film<em> Brillantissime<\/em> qu&rsquo;elle a elle-m\u00eame r\u00e9alis\u00e9 en 2018.<\/p>\n<h2>Mich\u00e8le Laroque est fan\u00a0des cures de jus pour rester mince<\/h2>\n<p>Dans ce m\u00eame entretien avec <em>Gala<\/em>, Mich\u00e8le Laroque avait \u00e9galement r\u00e9v\u00e9l\u00e9 sa routine alimentaire, qui lui permet de garder la ligne.\u00a0<strong>Son secret minceur : la cure de jus<\/strong>. <em>\u00ab\u00a0Une journ\u00e9e par semaine, je m\u2019offre une cure de jus Bojus. J\u2019adore \u00e7a, je trouve que \u00e7a fait un bien fou \u00e0 la peau et \u00e0 l\u2019organisme en g\u00e9n\u00e9ral. Mais comme je suis tr\u00e8s gourmande, je m\u2019autorise des \u00e9carts. Avec cette m\u00e9thode, je ne prends pas de poids. Pendant les tournages, je fais en revanche tr\u00e8s attention. Je mange super \u00e9quilibr\u00e9 pour conserver un maximum d\u2019\u00e9nergie<\/em>\u00ab\u00a0, a avou\u00e9 la maman d&rsquo;Oriane Deschamps. Ainsi, gr\u00e2ce \u00e0 une pratique sportive r\u00e9guli\u00e8re\u00a0et \u00e0 une alimentation surveill\u00e9e, Mich\u00e8le Laroque a r\u00e9ussi \u00e0 conserver son corps de r\u00eave qui la rend \u00e9poustouflante \u00e0 l&rsquo;\u00e2ge de 63 ans !<\/p>\n<\/p><\/div>\n<p>[ad_2]<br \/>\n<br \/><a href=\"https:\/\/www.journaldesfemmes.fr\/beaute\/magazine\/2930255-michele-laroque-sports-pour-rester-jeune-et-mince-a-63-ans-yoga-danse-classique\/\">Source link <\/a><\/p>\n","protected":false},"excerpt":{"rendered":"<p>[ad_1] Le 15\u00a0juin dernier, Mich\u00e8le Laroque a f\u00eat\u00e9 ses 63\u00a0ans\u00a0! L&rsquo;occasion de d\u00e9couvrir son secret pour rester belle et mince\u00a0: &hellip; <a href=\"http:\/\/www.affinite.fr\/index.php\/2023\/06\/17\/pour-rester-mince-michele-laroque-est-fan-de-ce-sport-quon-a-presque-tous-pratique-pendant-notre-enfance\/\" class=\"more-link\">Plus <span class=\"screen-reader-text\">Pour rester mince, Mich\u00e8le Laroque est fan de ce sport qu&rsquo;on a presque tous pratiqu\u00e9 pendant notre enfance<\/span> <span class=\"meta-nav\">&rarr;<\/span><\/a><\/p>\n","protected":false},"author":1,"featured_media":9229,"comment_status":"","ping_status":"open","sticky":false,"template":"","format":"standard","meta":{"_sitemap_exclude":false,"_sitemap_priority":"","_sitemap_frequency":"","footnotes":""},"categories":[1],"tags":[],"class_list":["post-9228","post","type-post","status-publish","format-standard","has-post-thumbnail","hentry","category-tous"],"_links":{"self":[{"href":"http:\/\/www.affinite.fr\/index.php\/wp-json\/wp\/v2\/posts\/9228"}],"collection":[{"href":"http:\/\/www.affinite.fr\/index.php\/wp-json\/wp\/v2\/posts"}],"about":[{"href":"http:\/\/www.affinite.fr\/index.php\/wp-json\/wp\/v2\/types\/post"}],"author":[{"embeddable":true,"href":"http:\/\/www.affinite.fr\/index.php\/wp-json\/wp\/v2\/users\/1"}],"replies":[{"embeddable":true,"href":"http:\/\/www.affinite.fr\/index.php\/wp-json\/wp\/v2\/comments?post=9228"}],"version-history":[{"count":0,"href":"http:\/\/www.affinite.fr\/index.php\/wp-json\/wp\/v2\/posts\/9228\/revisions"}],"wp:featuredmedia":[{"embeddable":true,"href":"http:\/\/www.affinite.fr\/index.php\/wp-json\/wp\/v2\/media\/9229"}],"wp:attachment":[{"href":"http:\/\/www.affinite.fr\/index.php\/wp-json\/wp\/v2\/media?parent=9228"}],"wp:term":[{"taxonomy":"category","embeddable":true,"href":"http:\/\/www.affinite.fr\/index.php\/wp-json\/wp\/v2\/categories?post=9228"},{"taxonomy":"post_tag","embeddable":true,"href":"http:\/\/www.affinite.fr\/index.php\/wp-json\/wp\/v2\/tags?post=9228"}],"curies":[{"name":"wp","href":"https:\/\/api.w.org\/{rel}","templated":true}]}}