{"id":9218,"date":"2023-06-14T15:29:05","date_gmt":"2023-06-14T15:29:05","guid":{"rendered":"https:\/\/www.affinite.fr\/index.php\/2023\/06\/14\/cheesecake-leger-a-la-myrtille\/"},"modified":"2023-06-14T15:29:05","modified_gmt":"2023-06-14T15:29:05","slug":"cheesecake-leger-a-la-myrtille","status":"publish","type":"post","link":"http:\/\/www.affinite.fr\/index.php\/2023\/06\/14\/cheesecake-leger-a-la-myrtille\/","title":{"rendered":"Cheesecake l\u00e9ger \u00e0 la myrtille"},"content":{"rendered":"<p> [ad_1]<br \/>\n<\/p>\n<div>\n<p><a class=\"asset-img-link\" href=\"https:\/\/scally.typepad.com\/.a\/6a00d8341c676f53ef02c1a6ca80f4200b-pi\"><img decoding=\"async\" alt=\"Cheesecake myrtilles\" border=\"0\" class=\"asset  asset-image at-xid-6a00d8341c676f53ef02c1a6ca80f4200b image-full img-responsive\" src=\"https:\/\/scally.typepad.com\/.a\/6a00d8341c676f53ef02c1a6ca80f4200b-800wi\" style=\"display: block; margin-left: auto; margin-right: auto;\" title=\"Cheesecake myrtilles\"\/><\/a><\/p>\n<p>Les premi\u00e8res myrtilles bio sont arriv\u00e9es dans ma boutique pr\u00e9f\u00e9r\u00e9e. C&rsquo;est le moment de vous partager ce cheesecake l\u00e9ger \u00e0 la myrtille. J\u2019ai longtemps \u00e9t\u00e9 folle du <a href=\"https:\/\/scally.typepad.com\/cest_moi_qui_lai_fait\/2015\/07\/comment-faire-un-ny-cheesecake-avec-des-graham-crackers.html\" rel=\"noopener\" target=\"_blank\">New York Cheesecake<\/a>. Sa texture ultra cr\u00e9meuse qui s\u2019accorde bien avec la base biscuit\u00e9e me faisait compl\u00e8tement craquer.<\/p>\n<p>Aujourd\u2019hui, je pr\u00e9f\u00e8re les desserts plus l\u00e9gers. Cette version est tr\u00e8s chouette et plus l\u00e9g\u00e8re. J\u2019ai utilis\u00e9 du fromage blanc et de la ricotta \u00e0 la place du duo cr\u00e8me liquide et cream cheese et j\u2019ai remplac\u00e9 le beurre par de l\u2019huile de coco. On reste toujours dans l\u2019esprit du cheesecake mais avec un texture un peu plus mousseuse. Pour tout vous dire, j\u2019ai fait une sorte de m\u00e9lange entre le New York cheesecake et le <a href=\"https:\/\/scally.typepad.com\/cest_moi_qui_lai_fait\/2014\/02\/g%C3%A2teau-au-fromage-blanc-kasekuchen-comme-dans-lest-en-deux-versions.html\" rel=\"noopener\" target=\"_blank\">g\u00e2teau au fromage blanc<\/a> de l\u2019est de la France.<\/p>\n<p><span style=\"text-decoration: underline;\"><strong>Cheesecake l\u00e9ger aux myrtilles<\/strong><\/span><\/p>\n<p><em><strong>Les ingr\u00e9dients pour 4 \u00e0 6 personnes<\/strong><\/em><\/p>\n<p>180 g de digestive biscuit (ou sp\u00e9culos ou petit beurre)<br \/>30 g d&rsquo;huile de noix de coco<br \/>500 g yaourt grec (choisissez un bon yaourt grec, le plus \u00e9pais possible)<br \/>150 g de ricotta<br \/>65 g de sucre de canne blond non raffin\u00e9<br \/>2 oeufs<br \/>35 g de f\u00e9cule de ma\u00efs<br \/>\u00bd c. \u00e0 c. de levure chimique<br \/>1 citron bio<br \/>Sel <br \/>Huile pour le moule<\/p>\n<p><em>Pour le m\u00e9lange aux myrtilles<\/em><\/p>\n<p>200 g de myrtilles<br \/>1 citron<br \/>Sucre<\/p>\n<p><em><strong>Comment faire ?<\/strong><\/em><\/p>\n<p>Huilez un moule en m\u00e9tal \u00e0 charni\u00e8re de 20 \u00e0 21 cm de diam\u00e8tre puis tapissez le fond et les c\u00f4t\u00e9s de papier cuisson.<br \/>Mixez les biscuits en chapelure, versez-les dans un bol, ajoutez l\u2019huile de coco l\u00e9g\u00e8rement fondue et m\u00e9langez.<br \/>R\u00e9partissez le m\u00e9lange dans le fond du moule, tassez l\u00e9g\u00e8rement \u00e0 l\u2019aide du dos d\u2019une cuill\u00e8re, tout en en faisant l\u00e9g\u00e8rement remonter le m\u00e9lange sur les c\u00f4t\u00e9s. Mettez le moule au frais.<\/p>\n<p>Pr\u00e9chauffez le four \u00e0 150\u00b0C.<br \/>Dans un bol, fouettez les jaunes, le sucre et le zeste du citron.<br \/>Ajoutez la f\u00e9cule de ma\u00efs, la levure, un peu de sel, la ricotta et fouettez.<br \/>Ajoutez le yaourt grec et fouettez \u00e0 nouveau.<br \/>Battez les blancs en neige puis incorporez-les d\u00e9licatement \u00e0 la pr\u00e9paration.<br \/>Versez sur le fond aux biscuits, tapez le moule contre le plan de travail pour bien r\u00e9partir la pr\u00e9paration puis enfournez pendant une cinquantaine de minutes.<br \/>Le m\u00e9lange doit \u00eatre pris mais, quand vous bougez le moule, le centre doit encore trembloter.<br \/>\u00c9teignez le four puis laissez-y le cheesecake pendant 15 minutes avec la porte l\u00e9g\u00e8rement entrouverte (gr\u00e2ce \u00e0 une cuill\u00e8re en bois).<br \/>Laissez ti\u00e9dir puis laissez reposer au frais pendant au moins 4 heures, avant de le d\u00e9mouler.<\/p>\n<p>15 minutes avant de servir, mettez les myrtilles dans une casserole avec 1 cuill\u00e8re \u00e0 soupe de jus de citron, 1 cuill\u00e8re \u00e0 caf\u00e9 de sucre et faites cuire pendant quelques minutes, juste le temps de faire \u201ctomber\u201d un peu les myrtilles. Versez dans un bol et laissez refroidir \u00e0 temp\u00e9rature ambiante.<\/p>\n<p>Servez le cheesecake avec les myrtilles.<\/p>\n<\/p><\/div>\n<p>[ad_2]<br \/>\n<br \/><a href=\"https:\/\/scally.typepad.com\/cest_moi_qui_lai_fait\/2023\/06\/cheesecake-leger-myrtille.html\">Source link <\/a><\/p>\n","protected":false},"excerpt":{"rendered":"<p>[ad_1] Les premi\u00e8res myrtilles bio sont arriv\u00e9es dans ma boutique pr\u00e9f\u00e9r\u00e9e. C&rsquo;est le moment de vous partager ce cheesecake l\u00e9ger &hellip; <a href=\"http:\/\/www.affinite.fr\/index.php\/2023\/06\/14\/cheesecake-leger-a-la-myrtille\/\" class=\"more-link\">Plus <span class=\"screen-reader-text\">Cheesecake l\u00e9ger \u00e0 la myrtille<\/span> <span class=\"meta-nav\">&rarr;<\/span><\/a><\/p>\n","protected":false},"author":1,"featured_media":9219,"comment_status":"","ping_status":"open","sticky":false,"template":"","format":"standard","meta":{"_sitemap_exclude":false,"_sitemap_priority":"","_sitemap_frequency":"","footnotes":""},"categories":[1],"tags":[],"class_list":["post-9218","post","type-post","status-publish","format-standard","has-post-thumbnail","hentry","category-tous"],"_links":{"self":[{"href":"http:\/\/www.affinite.fr\/index.php\/wp-json\/wp\/v2\/posts\/9218"}],"collection":[{"href":"http:\/\/www.affinite.fr\/index.php\/wp-json\/wp\/v2\/posts"}],"about":[{"href":"http:\/\/www.affinite.fr\/index.php\/wp-json\/wp\/v2\/types\/post"}],"author":[{"embeddable":true,"href":"http:\/\/www.affinite.fr\/index.php\/wp-json\/wp\/v2\/users\/1"}],"replies":[{"embeddable":true,"href":"http:\/\/www.affinite.fr\/index.php\/wp-json\/wp\/v2\/comments?post=9218"}],"version-history":[{"count":0,"href":"http:\/\/www.affinite.fr\/index.php\/wp-json\/wp\/v2\/posts\/9218\/revisions"}],"wp:featuredmedia":[{"embeddable":true,"href":"http:\/\/www.affinite.fr\/index.php\/wp-json\/wp\/v2\/media\/9219"}],"wp:attachment":[{"href":"http:\/\/www.affinite.fr\/index.php\/wp-json\/wp\/v2\/media?parent=9218"}],"wp:term":[{"taxonomy":"category","embeddable":true,"href":"http:\/\/www.affinite.fr\/index.php\/wp-json\/wp\/v2\/categories?post=9218"},{"taxonomy":"post_tag","embeddable":true,"href":"http:\/\/www.affinite.fr\/index.php\/wp-json\/wp\/v2\/tags?post=9218"}],"curies":[{"name":"wp","href":"https:\/\/api.w.org\/{rel}","templated":true}]}}