{"id":916,"date":"2020-03-21T03:09:40","date_gmt":"2020-03-21T03:09:40","guid":{"rendered":"https:\/\/www.affinite.fr\/index.php\/2020\/03\/21\/le-patron-dorange-demande-le-report-du-lancement-de-disney\/"},"modified":"2020-03-21T03:09:40","modified_gmt":"2020-03-21T03:09:40","slug":"le-patron-dorange-demande-le-report-du-lancement-de-disney","status":"publish","type":"post","link":"http:\/\/www.affinite.fr\/index.php\/2020\/03\/21\/le-patron-dorange-demande-le-report-du-lancement-de-disney\/","title":{"rendered":"Le patron d\u2019Orange demande le report du lancement de Disney+"},"content":{"rendered":"<p> [ad_1]<br \/>\n<br \/>D\u2019apr\u00e8s lui, il ne serait pas tr\u00e8s raisonnable d\u2019ouvrir ce service de SVOD le 24 mars prochain, \u00e0 l\u2019heure o\u00f9 les r\u00e9seaux europ\u00e9ens sont d\u00e9j\u00e0 sous tension.  <\/p>\n<p> <img decoding=\"async\" src=\"https:\/\/img.bfmtv.com\/c\/150\/100\/ce3\/de688a27bbd4d8b88e3ce8b744fc9.jpeg\" \/><br \/>\n<br \/>[ad_2]<br \/>\n<br \/><a href=\"https:\/\/www.01net.com\/actualites\/le-patron-d-orange-demande-le-report-du-lancement-de-disney-1878978.html\">Source link <\/a><\/p>\n","protected":false},"excerpt":{"rendered":"<p>[ad_1] D\u2019apr\u00e8s lui, il ne serait pas tr\u00e8s raisonnable d\u2019ouvrir ce service de SVOD le 24 mars prochain, \u00e0 l\u2019heure &hellip; <a href=\"http:\/\/www.affinite.fr\/index.php\/2020\/03\/21\/le-patron-dorange-demande-le-report-du-lancement-de-disney\/\" class=\"more-link\">Plus <span class=\"screen-reader-text\">Le patron d\u2019Orange demande le report du lancement de Disney+<\/span> <span class=\"meta-nav\">&rarr;<\/span><\/a><\/p>\n","protected":false},"author":1,"featured_media":917,"comment_status":"open","ping_status":"open","sticky":false,"template":"","format":"standard","meta":{"_sitemap_exclude":false,"_sitemap_priority":"","_sitemap_frequency":"","footnotes":""},"categories":[1],"tags":[],"class_list":["post-916","post","type-post","status-publish","format-standard","has-post-thumbnail","hentry","category-tous"],"_links":{"self":[{"href":"http:\/\/www.affinite.fr\/index.php\/wp-json\/wp\/v2\/posts\/916"}],"collection":[{"href":"http:\/\/www.affinite.fr\/index.php\/wp-json\/wp\/v2\/posts"}],"about":[{"href":"http:\/\/www.affinite.fr\/index.php\/wp-json\/wp\/v2\/types\/post"}],"author":[{"embeddable":true,"href":"http:\/\/www.affinite.fr\/index.php\/wp-json\/wp\/v2\/users\/1"}],"replies":[{"embeddable":true,"href":"http:\/\/www.affinite.fr\/index.php\/wp-json\/wp\/v2\/comments?post=916"}],"version-history":[{"count":0,"href":"http:\/\/www.affinite.fr\/index.php\/wp-json\/wp\/v2\/posts\/916\/revisions"}],"wp:featuredmedia":[{"embeddable":true,"href":"http:\/\/www.affinite.fr\/index.php\/wp-json\/wp\/v2\/media\/917"}],"wp:attachment":[{"href":"http:\/\/www.affinite.fr\/index.php\/wp-json\/wp\/v2\/media?parent=916"}],"wp:term":[{"taxonomy":"category","embeddable":true,"href":"http:\/\/www.affinite.fr\/index.php\/wp-json\/wp\/v2\/categories?post=916"},{"taxonomy":"post_tag","embeddable":true,"href":"http:\/\/www.affinite.fr\/index.php\/wp-json\/wp\/v2\/tags?post=916"}],"curies":[{"name":"wp","href":"https:\/\/api.w.org\/{rel}","templated":true}]}}