{"id":9130,"date":"2023-05-15T21:52:07","date_gmt":"2023-05-15T21:52:07","guid":{"rendered":"https:\/\/www.affinite.fr\/index.php\/2023\/05\/15\/asperges-blanches-laquees-au-miso\/"},"modified":"2023-05-15T21:52:07","modified_gmt":"2023-05-15T21:52:07","slug":"asperges-blanches-laquees-au-miso","status":"publish","type":"post","link":"http:\/\/www.affinite.fr\/index.php\/2023\/05\/15\/asperges-blanches-laquees-au-miso\/","title":{"rendered":"Asperges blanches laqu\u00e9es au miso"},"content":{"rendered":"<p> [ad_1]<br \/>\n<\/p>\n<div>\n<div class=\"photo-wrap photo-xid-6a00d8341c676f53ef02b7518087b2200b photo-full \" id=\"photo-xid-6a00d8341c676f53ef02b7518087b2200b\" style=\"display: block; margin-left: auto; margin-right: auto;\"><a class=\"asset-img-link\" href=\"https:\/\/scally.typepad.com\/.a\/6a00d8341c676f53ef02b7518087b2200b-pi\"><img decoding=\"async\" alt=\"Asperges miso\" border=\"0\" class=\"asset  asset-image at-xid-6a00d8341c676f53ef02b7518087b2200b image-full img-responsive\" src=\"https:\/\/scally.typepad.com\/.a\/6a00d8341c676f53ef02b7518087b2200b-800wi\" title=\"Asperges miso\"\/><\/a><\/p>\n<p>Asperges laqu\u00e9es au miso<\/p>\n<\/div>\n<p>Peu importe tout ce qu\u2019on dit sur les r\u00e9seaux sociaux. Ce que je choisis de voir, c\u2019est la g\u00e9n\u00e9rosit\u00e9 de toutes ces personnes qui partagent leur cuisine, qu\u2019elles soient chefs, cheffes ou non.<\/p>\n<p>Rien ne me fait plus plaisir que de d\u00e9couvrir un nouvel ingr\u00e9dient ou, encore mieux, une nouvelle mani\u00e8re de le cuisiner. J\u2019ai l\u2019impression d\u2019agrandir ma culture culinaire et mon r\u00e9pertoire. Le plaisir continue lorsque je vous partage mes d\u00e9couvertes et que vous pr\u00e9parez chez vous mes recettes. C\u2019est ce qui n\u2019anime depuis des ann\u00e9es.<\/p>\n<p>Cette recette d\u2019asperges blanches laqu\u00e9es au miso est un bon exemple. Je l\u2019ai d\u00e9couverte sur le compte Instagram de <a href=\"https:\/\/www.instagram.com\/juliensebbag\/?hl=fr\" rel=\"noopener\" target=\"_blank\">Julien S\u00e9bag<\/a>, un jeune chef autodidacte. Il vient tout juste de sortir un <a href=\"http:\/\/www.affinite.fr\/index.php\/2023\/08\/24\/lart-de-la-glace-transforme-en-business-la-vision-unique-de-fabien-gris\/\">livre<\/a> de cuisine chez Hachette. Je n\u2019ai jamais go\u00fbt\u00e9 \u00e0 sa cuisine mais celle qu\u2019il partage en vid\u00e9o sur son compte Instagram m\u2019inspire, notamment gr\u00e2ce \u00e0 sa fa\u00e7on de pr\u00e9parer les l\u00e9gumes.<\/p>\n<p>Cette recette met tr\u00e8s bien en valeur les asperges blanches. Elles deviennent ultra-fondantes et pas du tout aqueuses. Le miso apporte beaucoup de profondeur aux asperges.<\/p>\n<p><span style=\"text-decoration: underline;\"><strong>Asperges blanches laqu\u00e9es au miso<\/strong><\/span><\/p>\n<p><em><strong>Les ingr\u00e9dients pour 2 personnes<\/strong><\/em><\/p>\n<ul>&#13;<\/p>\n<li>8 asperges blanches<\/li>\n<p>&#13;<\/p>\n<li>15 g de beurre \u00bd sel<\/li>\n<p>&#13;<\/p>\n<li>2 c. \u00e0 soupe bomb\u00e9es de miso blanc<\/li>\n<p>&#13;<\/p>\n<li>1 c. \u00e0 caf\u00e9 de miel<\/li>\n<p>&#13;<\/p>\n<li>\u00bd citron<\/li>\n<p>&#13;<\/p>\n<li>1 \u0153uf dur<\/li>\n<p>&#13;<\/p>\n<li>Persil plat<\/li>\n<p>&#13;\n<\/ul>\n<p><em><strong>Comment faire ?<\/strong><\/em><\/p>\n<p>Pelez les asperges et retirez les extr\u00e9mit\u00e9s.<br \/>Mettez-les dans une grande po\u00eale pour qu&rsquo;elles soient sur une seule couche. Ajoutez de l\u2019eau pour qu\u2019elle arrive \u00e0 mi-hauteur des asperges puis le beurre coup\u00e9 en parcelles.<br \/>Portez \u00e0 \u00e9bullition, ajoutez le miso et le miel. Nul besoin de saler, le sel est apport\u00e9 par le miso et par le beurre \u00bd sel. Faites cuire pendant 1 dizaine de minutes, en retournant les asperges de temps en temps en en les arisant avec le jus de cuisson.<\/p>\n<p>Au d\u00e9part, il ne se passe quasiment rien puis, au fil de la cuisson, le liquide devient plus \u00e9pais. Quand il n\u2019en reste presque plus, ajoutez une lichette de jus de citron. Surveillez bien la fin de la cuisson, quand il ne reste plus de liquide. Les asperges doivent \u00eatre bien fondantes.<\/p>\n<p>Pendant la cuisson, r\u00e2pez l\u2019\u0153uf dur, ciseler le persil et m\u00e9langez les deux.<br \/>Servez les asperges avec ce m\u00e9lange.<\/p>\n<p><strong>Note sur les ingr\u00e9dients<\/strong> : le miso est un ingr\u00e9dient typiquement japonais que vous avez forc\u00e9ment go\u00fbt\u00e9 au moins une fois dans la soupe miso. Il a largement d\u00e9pass\u00e9 les fronti\u00e8res du japon. On le trouve facilement dans les boutique bio. Il s\u2019agit d\u2019une p\u00e2te ferment\u00e9e \u00e0 base de soja et de riz (ou \u00e0 base de soja et d\u2019une autre c\u00e9r\u00e9ale). C\u2019est un condiment indispensable \u00e0 la cuisine japonaise mais il fait merveille aussi chez nous, comme dans ces <a href=\"https:\/\/scally.typepad.com\/cest_moi_qui_lai_fait\/2022\/09\/aubergines-laquees-miso-.html\" rel=\"noopener\" target=\"_blank\">aubergines laqu\u00e9es au miso.<\/a><\/p>\n<\/p><\/div>\n<p><script async defer src=\"https:\/\/platform.instagram.com\/en_US\/embeds.js\"><\/script><br \/>\n<br \/>[ad_2]<br \/>\n<br \/><a href=\"https:\/\/scally.typepad.com\/cest_moi_qui_lai_fait\/2023\/05\/asperges-blanches-laquees-miso-.html\">Source link <\/a><\/p>\n","protected":false},"excerpt":{"rendered":"<p>[ad_1] Asperges laqu\u00e9es au miso Peu importe tout ce qu\u2019on dit sur les r\u00e9seaux sociaux. Ce que je choisis de &hellip; <a href=\"http:\/\/www.affinite.fr\/index.php\/2023\/05\/15\/asperges-blanches-laquees-au-miso\/\" class=\"more-link\">Plus <span class=\"screen-reader-text\">Asperges blanches laqu\u00e9es au miso<\/span> <span class=\"meta-nav\">&rarr;<\/span><\/a><\/p>\n","protected":false},"author":1,"featured_media":9131,"comment_status":"","ping_status":"open","sticky":false,"template":"","format":"standard","meta":{"_sitemap_exclude":false,"_sitemap_priority":"","_sitemap_frequency":"","footnotes":""},"categories":[1],"tags":[],"class_list":["post-9130","post","type-post","status-publish","format-standard","has-post-thumbnail","hentry","category-tous"],"_links":{"self":[{"href":"http:\/\/www.affinite.fr\/index.php\/wp-json\/wp\/v2\/posts\/9130"}],"collection":[{"href":"http:\/\/www.affinite.fr\/index.php\/wp-json\/wp\/v2\/posts"}],"about":[{"href":"http:\/\/www.affinite.fr\/index.php\/wp-json\/wp\/v2\/types\/post"}],"author":[{"embeddable":true,"href":"http:\/\/www.affinite.fr\/index.php\/wp-json\/wp\/v2\/users\/1"}],"replies":[{"embeddable":true,"href":"http:\/\/www.affinite.fr\/index.php\/wp-json\/wp\/v2\/comments?post=9130"}],"version-history":[{"count":0,"href":"http:\/\/www.affinite.fr\/index.php\/wp-json\/wp\/v2\/posts\/9130\/revisions"}],"wp:featuredmedia":[{"embeddable":true,"href":"http:\/\/www.affinite.fr\/index.php\/wp-json\/wp\/v2\/media\/9131"}],"wp:attachment":[{"href":"http:\/\/www.affinite.fr\/index.php\/wp-json\/wp\/v2\/media?parent=9130"}],"wp:term":[{"taxonomy":"category","embeddable":true,"href":"http:\/\/www.affinite.fr\/index.php\/wp-json\/wp\/v2\/categories?post=9130"},{"taxonomy":"post_tag","embeddable":true,"href":"http:\/\/www.affinite.fr\/index.php\/wp-json\/wp\/v2\/tags?post=9130"}],"curies":[{"name":"wp","href":"https:\/\/api.w.org\/{rel}","templated":true}]}}