{"id":9118,"date":"2023-05-10T21:51:51","date_gmt":"2023-05-10T21:51:51","guid":{"rendered":"https:\/\/www.affinite.fr\/index.php\/2023\/05\/10\/quand-debutent-les-promotions-dates-et-duree\/"},"modified":"2023-05-10T21:51:51","modified_gmt":"2023-05-10T21:51:51","slug":"quand-debutent-les-promotions-dates-et-duree","status":"publish","type":"post","link":"http:\/\/www.affinite.fr\/index.php\/2023\/05\/10\/quand-debutent-les-promotions-dates-et-duree\/","title":{"rendered":"quand d\u00e9butent les promotions\u00a0? Dates et dur\u00e9e"},"content":{"rendered":"<p> [ad_1]<br \/>\n<br \/><img decoding=\"async\" src=\"https:\/\/img-3.journaldesfemmes.fr\/NUh7hNbRQlbi7fURegqAcn5IZKE=\/1280x\/smart\/5bd33b4ac2fb49c6afadf91d01464fc4\/ccmcms-jdf\/39580885.jpg\" \/><\/p>\n<p>\n                Les soldes d&rsquo;\u00e9t\u00e9 2023\u00a0reviennent dans quelques semaines. En attendant le d\u00e9but des promotions, voici toutes les infos sur la p\u00e9riode pr\u00e9f\u00e9r\u00e9e des modeuses.            <\/p>\n<div>\n<aside class=\"ccmsummary marqueur_module ccmcss_cms_summary ccmcss_cms_summary--right\">\n<p>Sommaire<\/p>\n<\/aside>\n<p>Plus que quelques semaines avant le d\u00e9but des <strong>soldes d&rsquo;\u00e9t\u00e9 2023<\/strong>. Pour ne rien rater de cette folle p\u00e9riode de r\u00e9ductions et acheter\u00a0<strong>les v\u00eatements<\/strong> qui nous ont fait de l&rsquo;\u0153il toute la saison, suivez le guide !\u00a0Une robe imprim\u00e9e, un tailleur color\u00e9, une paire de baskets blanches ou des mules cosy \u00e0 petits prix en surfant sur les soldes de<strong> La Redoute<\/strong>, de <strong>Kiabi<\/strong>, de <strong>Damart <\/strong>ou encore sur les soldes de <strong>Birkenstock<\/strong>, <strong>Amazon <\/strong>et Zalando&#8230; Mais au fait, c&rsquo;est quoi exactement, les soldes\u00a0? Quelle est l&rsquo;histoire des soldes\u00a0? Leur dur\u00e9e\u00a0? Et les prochaines dates des soldes \u00e0 ne pas louper\u00a0?<\/p>\n<h2 id=\"quelle-est-la-date-des-soldes-dete-2022-par-region-\">Quelles sont les dates des soldes d&rsquo;\u00e9t\u00e9 2023 ?<\/h2>\n<p>Les <strong>soldes d&rsquo;\u00e9t\u00e9\u00a02023<\/strong>\u00a0d\u00e9buteront le mercredi 28 juin et s&rsquo;ach\u00e8veront le mardi 25\u00a0juillet 2023\u00a0dans la plupart des r\u00e9gions hexagonales\u00a0comme l&rsquo;<strong>Alsace<\/strong>, l&rsquo;\u00cele-de-France, la Bretagne, etc.. Dans certains d\u00e9partements fran\u00e7ais, comme les <strong>Alpes-Maritimes<\/strong> et\u00a0les <strong>Pyr\u00e9n\u00e9es Orientales <\/strong>la p\u00e9riode de r\u00e9ductions s&rsquo;\u00e9talera du mercredi 5 juillet au mardi 1<sup>er<\/sup> ao\u00fbt 2023, tandis qu&rsquo;en\u00a0<strong>Corse<\/strong>, elle durera du mercredi 12 juillet au mardi 8 ao\u00fbt 2023.<\/p>\n<h2 id=\"quelle-est-la-duree-des-soldes-dhiver-2023\"><span style=\"font-size: 1.25rem; font-weight: 700;\">Quelle est la dur\u00e9e des soldes d&rsquo;hiver <\/span>2023\u00a0<span style=\"font-size: 1.25rem; font-weight: 700;\">?<\/span><\/h2>\n<p>Entre le <strong>mercredi 28 juin et le\u00a0mardi 25 juillet 2023<\/strong>, ce sont <strong>quatre semaines<\/strong> qui permettront aux fans de mode de refaire leur garde-robe \u00e0 petits prix. En fait, cette dur\u00e9e est fix\u00e9e par <strong>l&rsquo;arr\u00eat\u00e9 du 27 mai 2019 <\/strong>et n&rsquo;a pas vocation a \u00eatre allong\u00e9e sauf cas exceptionnel. Les soldes d&rsquo;hiver 2021\u00a0avaient par exemple \u00e9t\u00e9 \u00e9tendus de plus de deux semaines afin de permettre aux commer\u00e7ants\u00a0dont les magasins jug\u00e9s non essentiels avaient \u00e9t\u00e9 ferm\u00e9s pendant l&rsquo;automne, d&rsquo;\u00e9couler leurs stocks. Par ailleurs, chaque saison avant les soldes, les marques qui le d\u00e9sirent organisent ce qu&rsquo;elles appellent des <strong>ventes priv\u00e9es<\/strong>. Mais qu&rsquo;est-ce que c&rsquo;est, au juste ?<\/p>\n<h2 id=\"quest-ce-que-cest-les-ventes-privees-\">Qu&rsquo;est-ce que c&rsquo;est, les ventes priv\u00e9es ?<\/h2>\n<p>G\u00e9n\u00e9ralement organis\u00e9es quelques semaines avant les soldes officiels, les <strong>ventes priv\u00e9es <\/strong>permettent aux clientes et clients de s&rsquo;offrir des v\u00eatements \u00e0 prix remis\u00e9s sans craindre la rupture de stock. Parfois aussi int\u00e9ressantes que la premi\u00e8re d\u00e9marque des soldes, ces ventes priv\u00e9es sont la plupart du temps r\u00e9serv\u00e9es aux<strong> fid\u00e8les <\/strong>de la marque. Signal\u00e9es par des pastilles sur les \u00e9tiquettes des v\u00eatements en boutique ou figurant dans une rubrique sp\u00e9ciale sur le site Internet, elles sont l&rsquo;occasion de vraies bonnes affaires.<\/p>\n<h2 id=\"quelles-astuces-pour-reussir-les-soldes-\">Quelles astuces pour r\u00e9ussir les soldes ?<\/h2>\n<p>Ce qui est g\u00e9nial avec les soldes, c&rsquo;est la possibilit\u00e9 de s&rsquo;offrir (et d&rsquo;offrir) les v\u00eatements de la saison \u00e0 prix barr\u00e9. Quelques conseils pour shopper efficacement.<\/p>\n<h3>Conna\u00eetre ses besoins pour \u00e9viter les achats impulsifs<\/h3>\n<p>Il faut, en premier, <strong>d\u00e9terminer ce dont on a besoin<\/strong>. Parce que <strong>les v\u00eatements achet\u00e9s sur un coup de t\u00eate<\/strong> \u00e0 cause de leur prix riquiqui, les placards en d\u00e9bordent. Surtout, ce mode de consommation induit une surproduction qui n&rsquo;est pas sans cons\u00e9quences pour la plan\u00e8te. Selon les chiffres du minist\u00e8re de la transition \u00e9cologique, <strong>600\u00a0000\u00a0tonnes de textile sont mises sur le march\u00e9 chaque ann\u00e9e en France<\/strong>, soit pr\u00e8s de 10 kilos par habitant et par an. C&rsquo;est \u00e9norme ! Alors, autant essayer de limiter les achats impulsifs et de <strong>se concentrer sur les pi\u00e8ces qui nous font vraiment envie<\/strong>.<\/p>\n<h3>Toujours essayer les v\u00eatements<\/h3>\n<p>C&rsquo;est l&rsquo;\u00e9cueil classique. Les soldes ont enfin d\u00e9but\u00e9, on a 30 minutes montre en main pour d\u00e9goter de bonnes affaires et&#8230; <strong>la queue aux cabines d&rsquo;essayage est infinie<\/strong>. La tentation de s&rsquo;offrir cette petite robe \u00e0 fleurs \u00e0 -50 % sans voir comment elle tombe sur nous est forte, mais <strong>il faut r\u00e9sister<\/strong>. Parce que devoir revenir en magasin pour\u00a0l&rsquo;\u00e9changer fait partie des pires corv\u00e9es qui peuvent nous incomber. Le risque : <strong>garder cette pi\u00e8ce et ne jamais la porter.<\/strong> Ou comment transformer les bonnes affaires en gouffre financier. Conclusion, pendant les soldes, <strong>on prend toujours le temps d&rsquo;essayer<\/strong>.<\/p>\n<h3>Aller fouiner dans les magasins multimarques ind\u00e9pendants<\/h3>\n<p>Et si, pour une fois, vous d\u00e9laissiez les grandes enseignes\u00a0pour <strong>aller faire un tour dans les magasins multimarques ind\u00e9pendants<\/strong> ? Ferm\u00e9s \u00e0 de nombreuses reprises ces\u00a0derniers mois \u00e0 cause de la pand\u00e9mie de coronavirus, <strong>ils ont besoin du soutien des consommateurs pour continuer \u00e0 exister<\/strong>. Surtout qu&rsquo;ils pr\u00e9sentent des avantages dont les boutiques de fast fashion ne disposent pas : <strong>une large s\u00e9lection de marques pointues<\/strong>, des employ\u00e9s et employ\u00e9es habitu\u00e9es \u00e0 conseiller les clients, des pi\u00e8ces singuli\u00e8res qu&rsquo;on ne croisera pas \u00e0 chaque coin de rue. <strong>\u00c0 Paris, rendez-vous chez Les boudeuses, Biba ou The Frankie Shop<\/strong>, \u00e0 Lille, cap sur S\u00e9rie Noire, \u00e0 Saint-Jean-de-Luz, passez au Vestiaire, <strong>\u00e0 Arcachon et Bordeaux, direction Pia Pia<\/strong>&#8230; Vous \u00eates s\u00fbres d&rsquo;y trouver votre bonheur.\u00a0<\/p>\n<h2 id=\"fait-on-vraiment-de-bonnes-affaires-pendant-les-soldes-\">Y a-t-il de fausses r\u00e9ductions pendant les soldes ?<\/h2>\n<p>Pour l&rsquo;application gratuite Eden by France V\u00e9rif, qui s&rsquo;est donn\u00e9e pour mission de \u00ab\u00a0<em>transformer n&rsquo;importe quel consommateur en meilleur acheteur<\/em>\u00ab\u00a0,<strong>\u00a047\u00a0% des promotions sont fausses pendant la p\u00e9riode des soldes<\/strong>. Des r\u00e9ductions trompeuses qui prennent plusieurs formes\u00a0: elles peuvent \u00e9maner de <strong>sites frauduleux<\/strong>, qui copient exactement de grands acteurs du e-commerce, \u00e0 l&rsquo;exception de la premi\u00e8re page du site, pr\u00e9sentant une r\u00e9duction plus importante que celle du site authentique. R\u00e9sultat, le produit command\u00e9 et pay\u00e9 <strong>n&rsquo;arrivera jamais<\/strong> jusqu&rsquo;\u00e0 l&rsquo;acheteur.euse. Pire, les donn\u00e9es bancaires de celui ou celle-ci peuvent \u00eatre pirat\u00e9es. \u00ab\u00a0<em>La dur\u00e9e de vie moyenne d&rsquo;un site frauduleux est de 12\u00a0jours<\/em>\u00ab\u00a0, pr\u00e9vient Laurent Amar, co-fondateur de l&rsquo;application.<\/p>\n<p>Les sites l\u00e9gitimes peuvent de leur c\u00f4t\u00e9, d&rsquo;apr\u00e8s Laurent Amar, <strong>mentir sur les promotions<\/strong> : \u00ab\u00a0<em>On sait bien que les sites marchands n&rsquo;ont pas un prix de vente unique pour un produit, mais plusieurs<\/em>\u00ab\u00a0. Le co-fondateur d&rsquo;Eden by France V\u00e9rif explique\u00a0:\u00a0\u00bb<em>En fonction de votre profil marketing <\/em>[une femme entre 18-35\u00a0ans, par exemple]<em>, un prix et une promotion s&rsquo;afficheront<\/em>\u00ab\u00a0. Un homme entre 35\u00a0et 50\u00a0ans aura droit, lui, \u00e0 un prix et une r\u00e9duction diff\u00e9rents. Les premi\u00e8res victimes de ces r\u00e9ductions trompeuses\u00a0?<strong>\u00a0Les jeunes<\/strong>, qui ach\u00e8tent beaucoup sur Internet, et les seniors, moins habitu\u00e9.e.s au web. Verdict\u00a0: il faut continuer \u00e0 \u00eatre particuli\u00e8rement vigilant.e et ne pas h\u00e9siter \u00e0 utiliser des outils d\u00e9di\u00e9s pour d\u00e9m\u00ealer le vrai du faux.<\/p>\n<h2 id=\"quelles-dates-pour-les-soldes-en-2023et-2024\">Quelles dates pour les soldes en 2023\u00a0et 2024\u00a0?<\/h2>\n<p>En France, les soldes sont encadr\u00e9s par une l\u00e9gislation stricte\u00a0: leurs dates de d\u00e9but (le deuxi\u00e8me mercredi de janvier et le dernier mercredi de juin) et leur dur\u00e9e (quatre semaines) sont fix\u00e9es par le gouvernement. Des circonstances exceptionnelles, comme l&rsquo;\u00e9pid\u00e9mie de coronavirus, peuvent cependant chambouler ce calendrier bien \u00e9tabli. N\u00e9anmoins, sauf arr\u00eat\u00e9 gouvernemental, les prochaines p\u00e9riodes de soldes devraient avoir lieu \u00e0 ces dates\u00a0:<\/p>\n<ul>\n<li><strong>Soldes d&rsquo;\u00e9t\u00e9 2023 : <\/strong>du mercredi 28 juin 2023 au mardi 25 juillet 2023.<\/li>\n<li><strong>Soldes d&rsquo;hiver 2024 : <\/strong>du mercredi 10 janvier au mardi 6 f\u00e9vrier 2024.\u00a0<\/li>\n<li><strong>Soldes d&rsquo;\u00e9t\u00e9 2024\u00a0: <\/strong>du mercredi 26\u00a0juin au mardi 23\u00a0juillet 2024.<\/li>\n<\/ul>\n<h2 id=\"quelle-est-lorigine-et-lhistoire-des-soldes-\">Quelle est l&rsquo;origine et l&rsquo;histoire des soldes ?<\/h2>\n<p>C&rsquo;est <strong>\u00e0 Paris, dans les ann\u00e9es 1830, que les soldes voient le jour. <\/strong>\u00c0 l&rsquo;origine, Simon Mannoury, un Normand qui ouvre un magasin d&rsquo;\u00e9toffes et de confection dans le VII<sup>\u00e8me<\/sup> arrondissement de la capitale. Nomm\u00e9e Au Petit Saint Thomas, cette boutique est un lieu d&rsquo;exp\u00e9rimentation pour l&rsquo;entrepreneur, qui affiche les prix de ses produits, invite les clients \u00e0 d\u00e9ambuler entre les rayons et instaure <strong>la vente par correspondance<\/strong>, autant de pratiques peu r\u00e9pandues \u00e0 cette \u00e9poque. Comme il rencontre le succ\u00e8s, il agrandit son catalogue de vente pour proposer toujours plus de r\u00e9f\u00e9rences aux consommateur.ice.s, mais finit par se retrouver \u00e0 la fin de chaque saison avec un sacr\u00e9 lot d&rsquo;invendus sur les bras. Ce qui n&rsquo;arrange pas ses affaires, puisqu&rsquo;il souhaite renouveler l&rsquo;offre de son \u00e9choppe fr\u00e9quemment.<\/p>\n<p>La solution qu&rsquo;il trouve pour faire place nette \u00e0 chaque d\u00e9but de saison\u00a0? <strong>Brader les pi\u00e8ces de la pr\u00e9c\u00e9dente juste avant d&rsquo;installer la nouvelle collection. <\/strong>Une v\u00e9ritable\u00a0r\u00e9ussite pour Simon Mannoury, qui vient d&rsquo;<strong>inventer les soldes<\/strong>.\u00a0Rapidement imit\u00e9 par les concurrents du commer\u00e7ant, le concept\u00a0se popularise au cours du XX<sup>\u00e8me<\/sup> si\u00e8cle avec l&rsquo;essor de la soci\u00e9t\u00e9 de consommation, les grands magasins, les enseignes et d\u00e9sormais, Internet.<\/p>\n<h2 id=\"pourquoi-y-a-t-il-debat-sur-la-periode-des-soldes-\">Pourquoi y a-t-il d\u00e9bat sur la p\u00e9riode des soldes ?<\/h2>\n<p>Depuis plusieurs ann\u00e9es, le mod\u00e8le des soldes est remis en cause. Et pour cause\u00a0: <strong>si les soldes ne repr\u00e9sentent en tout que huit semaines par an, les marques peuvent proposer leurs collections \u00e0 prix r\u00e9duits \u00e0 diff\u00e9rentes occasions tout au long de l&rsquo;ann\u00e9e. <\/strong>Le seul imp\u00e9ratif\u00a0:<strong> ne pas utiliser le mot \u00ab\u00a0soldes\u00a0\u00bb <\/strong>dans leur communication. Elles parlent alors de <em>\u00ab\u00a0Journ\u00e9es privil\u00e8ges\u00a0\u00bb<\/em>, <em>\u00ab\u00a0Offres exceptionnelles\u00a0\u00bb<\/em>, <em>\u00ab\u00a0Ventes priv\u00e9es\u00a0\u00bb<\/em> ou bien de <em>\u00ab\u00a0Black Friday\u00a0\u00bb<\/em>, de <em>\u00ab\u00a0Cyber Monday\u00a0\u00bb<\/em> et de <em>\u00ab\u00a0Boxing Day\u00a0\u00bb<\/em>. De quoi encourager les consommateurs \u00e0 attendre l&rsquo;une de ces nombreuses p\u00e9riodes de promotions pour acheter les v\u00eatements qui leur font de l&rsquo;\u0153il. D&rsquo;ailleurs en France, selon Kantar Worldpanel, 47 % des v\u00eatements, chaussures, sacs et linges de maison est achet\u00e9\u00a0pendant les p\u00e9riodes de prix cass\u00e9s.<\/p>\n<p>Ces diff\u00e9rentes semaines de remises sont aussi un excellent moyen pour les enseignes de provoquer l&rsquo;acte d&rsquo;achat. C&rsquo;est s\u00fbr qu&rsquo;avec 50 % de r\u00e9duction, n&rsquo;importe quelle jupe Zara devient 1\u00a0000\u00a0fois\u00a0plus flatteuse\u00a0! Le seul hic, c&rsquo;est que si les marques jouent avec ce syst\u00e8me de remises pour<strong> favoriser la consommation<\/strong>, cela signifie qu&rsquo;elles ont int\u00e9gr\u00e9 ce mod\u00e8le de vente \u00e0 leur business plan. Et donc, que pendant les p\u00e9riodes sans r\u00e9ductions, <strong>elles vendent des produits \u00e0 des prix bien plus \u00e9lev\u00e9s que ce qu&rsquo;ils devraient \u00eatre<\/strong>. Autre limite induite par ces remises\u00a0en cascade\u00a0: elles encouragent les marques\u00a0\u00e0 <strong>proposer de plus en plus de produits<\/strong>, de collections et donc \u00e0 tendre vers une surproduction. Ce qui n&rsquo;est \u00e9videmment pas bon pour la plan\u00e8te, dont les ressources sont utilis\u00e9es de fa\u00e7on intensive par la mode, consid\u00e9r\u00e9e comme l&rsquo;une des industries les plus polluantes de la plan\u00e8te.<\/p>\n<p>C&rsquo;est donc<strong> tout le syst\u00e8me des promotions qui est point\u00e9 du doigt<\/strong>. Dans une lettre ouverte publi\u00e9e le 12\u00a0mai 2021 sur le site sp\u00e9cialis\u00e9\u00a0<em>Business of Fashion<\/em>,\u00a0de\u00a0grandes maisons internationales comme Marine Serre,\u00a0Thom Browne ou encore Dries Van Noten (qui porte le projet), r\u00e9clamaient un d\u00e9calage des saisons abord\u00e9 pr\u00e9c\u00e9demment en 2016. Ce dernier m\u00e8nerait notamment \u00e0 <strong>la disparition du <em>Black friday<\/em><\/strong> qui <em>\u00ab\u00a0\u00e9rode la rentabilit\u00e9\u00a0\u00bb<\/em>.\u00a0En France, l&rsquo;op\u00e9ration\u00a0de relance post-confinement 2020 initi\u00e9e par des grands groupes et nomm\u00e9e <strong>\u00ab\u00a0French days\u00a0\u00bb fait pol\u00e9mique<\/strong>, jug\u00e9e agressive pour les plus petits commerces.<\/p>\n<h2 id=\"quelles-alternatives-aux-soldes-\">Quelles alternatives aux soldes ?<\/h2>\n<p>Les d\u00e9tracteur.ice.s des soldes, remises et rabais offrent\u00a0plusieurs alternatives \u00e0 ce mod\u00e8le aujourd&rsquo;hui \u00e0 bout de souffle. Parmi celles-ci, <strong>proposer un vestiaire restreint de basiques immuables<\/strong> accompagn\u00e9\u00a0d&rsquo;une s\u00e9rie de pi\u00e8ces qui r\u00e9pondent plus sp\u00e9cifiquement aux tendances de la saison, comme le fait tr\u00e8s justement Maison Standards.<\/p>\n<p>Autre possibilit\u00e9 :\u00a0<strong>produire en petites quantit\u00e9s uniquement<\/strong> et renouveler le stock une fois qu&rsquo;il est \u00e9puis\u00e9, comme le propose Les R\u00e9cup\u00e9rables. Balzac Paris applique un principe diff\u00e9rent.\u00a0En fin de saison, les invendus ne sont pas sold\u00e9s.\u00a0Ils seront propos\u00e9s \u00e0 prix r\u00e9duit un an plus tard, en m\u00eame temps que la collection de l&rsquo;ann\u00e9e en cours.\u00a0<\/p>\n<p>Enfin, et cette technique fait de plus en plus d&rsquo;adeptes :\u00a0<strong>cr\u00e9er \u00e0 la commande. <\/strong>C&rsquo;est le parti pris de MaisonCl\u00e9o ou encore R\u00e9uni, qui proposent r\u00e9guli\u00e8rement de nouveaux mod\u00e8les dont la production ne d\u00e9marre qu&rsquo;une fois que des clients les ont achet\u00e9s. Pour l&rsquo;instant, cette fa\u00e7on de faire \u00e0 la demande s\u00e9duit surtout les marques digitales qui peuvent \u00eatre agiles en termes de production, mais ce syst\u00e8me pourrait bien faire des \u00e9mules\u00a0!<\/p>\n<\/p><\/div>\n<p>[ad_2]<br \/>\n<br \/><a href=\"https:\/\/www.journaldesfemmes.fr\/mode\/conseils-mode\/2636975-soldes-ete-2023-quel-calendrier-dates-duree-conseils\/\">Source link <\/a><\/p>\n","protected":false},"excerpt":{"rendered":"<p>[ad_1] Les soldes d&rsquo;\u00e9t\u00e9 2023\u00a0reviennent dans quelques semaines. En attendant le d\u00e9but des promotions, voici toutes les infos sur la &hellip; <a href=\"http:\/\/www.affinite.fr\/index.php\/2023\/05\/10\/quand-debutent-les-promotions-dates-et-duree\/\" class=\"more-link\">Plus <span class=\"screen-reader-text\">quand d\u00e9butent les promotions\u00a0? Dates et dur\u00e9e<\/span> <span class=\"meta-nav\">&rarr;<\/span><\/a><\/p>\n","protected":false},"author":1,"featured_media":9119,"comment_status":"","ping_status":"open","sticky":false,"template":"","format":"standard","meta":{"_sitemap_exclude":false,"_sitemap_priority":"","_sitemap_frequency":"","footnotes":""},"categories":[1],"tags":[],"class_list":["post-9118","post","type-post","status-publish","format-standard","has-post-thumbnail","hentry","category-tous"],"_links":{"self":[{"href":"http:\/\/www.affinite.fr\/index.php\/wp-json\/wp\/v2\/posts\/9118"}],"collection":[{"href":"http:\/\/www.affinite.fr\/index.php\/wp-json\/wp\/v2\/posts"}],"about":[{"href":"http:\/\/www.affinite.fr\/index.php\/wp-json\/wp\/v2\/types\/post"}],"author":[{"embeddable":true,"href":"http:\/\/www.affinite.fr\/index.php\/wp-json\/wp\/v2\/users\/1"}],"replies":[{"embeddable":true,"href":"http:\/\/www.affinite.fr\/index.php\/wp-json\/wp\/v2\/comments?post=9118"}],"version-history":[{"count":0,"href":"http:\/\/www.affinite.fr\/index.php\/wp-json\/wp\/v2\/posts\/9118\/revisions"}],"wp:featuredmedia":[{"embeddable":true,"href":"http:\/\/www.affinite.fr\/index.php\/wp-json\/wp\/v2\/media\/9119"}],"wp:attachment":[{"href":"http:\/\/www.affinite.fr\/index.php\/wp-json\/wp\/v2\/media?parent=9118"}],"wp:term":[{"taxonomy":"category","embeddable":true,"href":"http:\/\/www.affinite.fr\/index.php\/wp-json\/wp\/v2\/categories?post=9118"},{"taxonomy":"post_tag","embeddable":true,"href":"http:\/\/www.affinite.fr\/index.php\/wp-json\/wp\/v2\/tags?post=9118"}],"curies":[{"name":"wp","href":"https:\/\/api.w.org\/{rel}","templated":true}]}}