{"id":9108,"date":"2023-05-06T21:45:01","date_gmt":"2023-05-06T21:45:01","guid":{"rendered":"https:\/\/www.affinite.fr\/index.php\/2023\/05\/06\/en-normandie-un-pretre-vire-de-leglise-par-le-pape-pour-avoir-eu-un-enfant\/"},"modified":"2023-05-06T21:45:01","modified_gmt":"2023-05-06T21:45:01","slug":"en-normandie-un-pretre-vire-de-leglise-par-le-pape-pour-avoir-eu-un-enfant","status":"publish","type":"post","link":"http:\/\/www.affinite.fr\/index.php\/2023\/05\/06\/en-normandie-un-pretre-vire-de-leglise-par-le-pape-pour-avoir-eu-un-enfant\/","title":{"rendered":"En Normandie, un pr\u00eatre vir\u00e9 de l&rsquo;Eglise par le Pape&#8230; pour avoir eu un enfant\u00a0!"},"content":{"rendered":"<p> [ad_1]<br \/>\n<br \/><img decoding=\"async\" src=\"https:\/\/img-3.journaldesfemmes.fr\/GrMvmmD3AnLpJd8TrJ68X2hG_2w=\/1280x\/smart\/20ce17a5788842bab48161e280ad72fd\/ccmcms-jdf\/39619059.jpg\" \/><\/p>\n<p>\n                L&rsquo;abb\u00e9 Wenceslas Munyeshyaka a \u00e9t\u00e9 exclu de l&rsquo;\u00e9tat cl\u00e9rical apr\u00e8s avoir reconnu la paternit\u00e9 d&rsquo;un enfant. Il esp\u00e9rait peut-\u00eatre la cl\u00e9mence du souverain pontife&#8230;. mais le pape Fran\u00e7ois a d\u00e9cid\u00e9 de lui retirer d\u00e9finitivement son \u00ab\u00a0\u00e9tat cl\u00e9rical\u00a0\u00bb.            <\/p>\n<div>\n<p>C&rsquo;est une nouvelle affaire qui risque de faire grand bruit au sein de l&rsquo;Eglise. <strong>L&rsquo;abb\u00e9 Wenceslas Munyeshyaka avait \u00e9t\u00e9 vir\u00e9 de son \u00e9glise \u00e0 Gisors, en <a href=\"http:\/\/www.affinite.fr\/index.php\/2024\/11\/21\/construire-votre-maison-en-normandie\/\">Normandie<\/a>, apr\u00e8s avoir reconnu la paternit\u00e9 d&rsquo;un enfant en 2021.\u00a0<\/strong>Cette fois, le pape Fran\u00e7ois a d\u00e9cid\u00e9 de lui retirer d\u00e9finitivement son \u00ab\u00a0\u00e9tat cl\u00e9rical\u00a0\u00bb. Pour rappel, les pr\u00eatres sont soumis \u00e0 la r\u00e8gle du c\u00e9libat. Or, cet abb\u00e9 avait reconnu avoir eu une \u00ab\u00a0<em>liaison<\/em>\u00a0\u00bb avec la m\u00e8re de l&rsquo;enfant.\u00a0<\/p>\n<h2>L&rsquo;abb\u00e9 exclu par le pape\u00a0: ce qu&rsquo;il doit \u00ab\u00a0\u00e9viter\u00a0\u00bb<\/h2>\n<p>L&rsquo;abb\u00e9 Wenceslas Munyeshyaka a reconnu la paternit\u00e9 de l&rsquo;enfant lorsque celui-ci \u00e9tait \u00e2g\u00e9 de 11\u00a0ans. A l&rsquo;\u00e9poque, le dioc\u00e8se d&rsquo;Evreux avait, d&rsquo;apr\u00e8s <em>BFMTV<\/em>, annonc\u00e9 qu&rsquo;il privait le pr\u00eatre de ses fonctions. L&rsquo;homme avait \u00ab\u00a0<em>le 6\u00a0septembre 2021, fait inscrire dans les registres d&rsquo;\u00e9tat civil de Gisors (Eure) <strong>une reconnaissance de paternit\u00e9 sur un fils, n\u00e9 en juillet 2010, d&rsquo;une liaison qu&rsquo;il a entretenue \u00e0 Gisors<\/strong><\/em>\u00ab\u00a0, dixit un communiqu\u00e9 du dioc\u00e8se. Il \u00e9tait alors administrateur de la paroisse de Saint-Martin-de-la-Risle \u00e0 Brionne, apr\u00e8s avoir offici\u00e9 pendant 20\u00a0ans en tant que pr\u00eatre \u00e0 Gisors.<\/p>\n<p>C&rsquo;est par un communiqu\u00e9 officiel du dioc\u00e8se d&rsquo;Evreux que\u00a0la nouvelle a \u00e9t\u00e9 annonc\u00e9e. \u00ab\u00a0<em>Par d\u00e9cret dat\u00e9 du 23\u00a0mars 2023, le Souverain Pontife le\u00a0<\/em><strong><em>Pape Fran\u00e7ois<\/em><\/strong><em>, par sa d\u00e9cision supr\u00eame et sans appel qui n&rsquo;est susceptible d&rsquo;aucun recours, a renvoy\u00e9 in p\u0153nam de l&rsquo;\u00e9tat cl\u00e9rical l&rsquo;Abb\u00e9\u00a0<\/em><strong><em>Wenceslas Munyeshyaka<\/em><\/strong><em>, incardin\u00e9 dans l&rsquo;archidioc\u00e8se de Kigali (Rwanda) et r\u00e9sidant actuellement dans le dioc\u00e8se d&rsquo;Evreux\u00a0\u00bb<\/em>, lit-on.\u00a0Concr\u00e8tement, cette sanction retire toutes les obligations religieuses au pr\u00eatre et le prive aussi de tous ses droits au sein de l&rsquo;\u00c9glise<em>. \u00ab\u00a0<strong>Il doit \u00e9viter les lieux o\u00f9 son statut ant\u00e9rieur est connu<\/strong><\/em>\u00ab\u00a0,<em> <\/em>pr\u00e9cise le dioc\u00e8se dans<em> <\/em><em>Oise Hebdo<\/em><em>.\u00a0<\/em>Toujours d&rsquo;apr\u00e8s le journal, il aurait peut-\u00eatre eu d&rsquo;autres relations avec des femmes.\u00a0<\/p>\n<h2>Wenceslas Munyeshyaka : son terrible r\u00f4le dans le g\u00e9nocide au Rwanda<\/h2>\n<p>Mais l&rsquo;abb\u00e9 n&rsquo;est pas uniquement connu pour son penchant pour les femmes.\u00a0Il aurait surtout jou\u00e9 un r\u00f4le tr\u00e8s malsain dans les ann\u00e9es 90\u00a0au Rwanda au moment du terrible g\u00e9nocide des Tutsis, selon <a href=\"https:\/\/www.oisehebdo.fr\/2023\/05\/03\/gisors-pape-renvoie-pere-wneceslas-munyeshyaka-enfants\/\" target=\"_blank\" rel=\"noopener\"><em>Oise Hebdo<\/em><\/a>. Il aurait \u00e9t\u00e9 accus\u00e9 d&rsquo;avoir \u00ab\u00a0<em>livr\u00e9 aux miliciens Interahamwe des dizaines, voire des centaines d&rsquo;hommes tutsis r\u00e9fugi\u00e9s dans l&rsquo;\u00e9glise et d&rsquo;avoir prot\u00e9g\u00e9 des femmes ou jeunes filles en \u00e9change de faveurs sexuelles<\/em>\u00ab\u00a0,\u00a0\u00a0a assur\u00e9 le journaliste Jean-Fran\u00e7ois Dupaquier, sp\u00e9cialiste du g\u00e9nocide rwandais.<\/p>\n<p>L&rsquo;abb\u00e9 Wenceslas Munyeshyaka a \u00e9t\u00e9 condamn\u00e9 par la justice sur place en 2006, mais selon l&rsquo;hebdomadaire r\u00e9gional, il a b\u00e9n\u00e9fici\u00e9 d&rsquo;un non-lieu en France, en 2019. Depuis, il a m\u00eame obtenu le statut de r\u00e9fugi\u00e9 politique. C&rsquo;est justement dans le cadre de cette\u00a0affaire que\u00a0sa double-vie a \u00e9t\u00e9 r\u00e9v\u00e9l\u00e9e.<\/p>\n<\/p><\/div>\n<p>[ad_2]<br \/>\n<br \/><a href=\"https:\/\/www.journaldesfemmes.fr\/societe\/actu\/2918141-pretre-exclu-eglise-enfant-pere-abbe\/\">Source link <\/a><\/p>\n","protected":false},"excerpt":{"rendered":"<p>[ad_1] L&rsquo;abb\u00e9 Wenceslas Munyeshyaka a \u00e9t\u00e9 exclu de l&rsquo;\u00e9tat cl\u00e9rical apr\u00e8s avoir reconnu la paternit\u00e9 d&rsquo;un enfant. Il esp\u00e9rait peut-\u00eatre &hellip; <a href=\"http:\/\/www.affinite.fr\/index.php\/2023\/05\/06\/en-normandie-un-pretre-vire-de-leglise-par-le-pape-pour-avoir-eu-un-enfant\/\" class=\"more-link\">Plus <span class=\"screen-reader-text\">En Normandie, un pr\u00eatre vir\u00e9 de l&rsquo;Eglise par le Pape&#8230; pour avoir eu un enfant\u00a0!<\/span> <span class=\"meta-nav\">&rarr;<\/span><\/a><\/p>\n","protected":false},"author":1,"featured_media":9109,"comment_status":"","ping_status":"open","sticky":false,"template":"","format":"standard","meta":{"_sitemap_exclude":false,"_sitemap_priority":"","_sitemap_frequency":"","footnotes":""},"categories":[1],"tags":[],"class_list":["post-9108","post","type-post","status-publish","format-standard","has-post-thumbnail","hentry","category-tous"],"_links":{"self":[{"href":"http:\/\/www.affinite.fr\/index.php\/wp-json\/wp\/v2\/posts\/9108"}],"collection":[{"href":"http:\/\/www.affinite.fr\/index.php\/wp-json\/wp\/v2\/posts"}],"about":[{"href":"http:\/\/www.affinite.fr\/index.php\/wp-json\/wp\/v2\/types\/post"}],"author":[{"embeddable":true,"href":"http:\/\/www.affinite.fr\/index.php\/wp-json\/wp\/v2\/users\/1"}],"replies":[{"embeddable":true,"href":"http:\/\/www.affinite.fr\/index.php\/wp-json\/wp\/v2\/comments?post=9108"}],"version-history":[{"count":0,"href":"http:\/\/www.affinite.fr\/index.php\/wp-json\/wp\/v2\/posts\/9108\/revisions"}],"wp:featuredmedia":[{"embeddable":true,"href":"http:\/\/www.affinite.fr\/index.php\/wp-json\/wp\/v2\/media\/9109"}],"wp:attachment":[{"href":"http:\/\/www.affinite.fr\/index.php\/wp-json\/wp\/v2\/media?parent=9108"}],"wp:term":[{"taxonomy":"category","embeddable":true,"href":"http:\/\/www.affinite.fr\/index.php\/wp-json\/wp\/v2\/categories?post=9108"},{"taxonomy":"post_tag","embeddable":true,"href":"http:\/\/www.affinite.fr\/index.php\/wp-json\/wp\/v2\/tags?post=9108"}],"curies":[{"name":"wp","href":"https:\/\/api.w.org\/{rel}","templated":true}]}}