{"id":908,"date":"2020-03-20T22:03:12","date_gmt":"2020-03-20T22:03:12","guid":{"rendered":"https:\/\/www.affinite.fr\/index.php\/2020\/03\/20\/disney-sous-pression-pour-repousser-son-lancement-en-france\/"},"modified":"2020-03-20T22:03:12","modified_gmt":"2020-03-20T22:03:12","slug":"disney-sous-pression-pour-repousser-son-lancement-en-france","status":"publish","type":"post","link":"http:\/\/www.affinite.fr\/index.php\/2020\/03\/20\/disney-sous-pression-pour-repousser-son-lancement-en-france\/","title":{"rendered":"Disney+ sous pression pour repousser son lancement en France"},"content":{"rendered":"<p> [ad_1]<br \/>\n<br \/><img decoding=\"async\" src=\"https:\/\/img.bfmtv.com\/i\/0\/0\/cb6\/37977ae0776475d55c9eb6532a95b.jpeg\" \/><\/p>\n<div itemprop=\"articleBody\">\n<p>\u00c0 l\u2019heure o\u00f9 <a href=\"https:\/\/www.01net.com\/actualites\/coronavirus-netflix-va-reduire-sa-qualite-video-pour-diminuer-le-trafic-internet-1878445.html\" target=\"_blank\" rel=\"noopener noreferrer\">Netflix r\u00e9duit la qualit\u00e9 de son flux <\/a>pour d\u00e9sengorger Internet, Disney+ pr\u00e9pare son lancement en fanfare, toujours pr\u00e9vu pour le 24 mars. Une op\u00e9ration qui est manifestement vue d\u2019un tr\u00e8s mauvais \u0153il de la part des op\u00e9rateurs.\u00a0<\/p>\n<h3 style=\"color:#333; font-family:arial,helvetica,sans-serif; font-size:23px; font-weight:700\">Disney+ en qualit\u00e9 d\u00e9grad\u00e9e ?\u00a0<\/h3>\n<p>D\u2019apr\u00e8s les \u00c9chos, ils ont en effet demand\u00e9 au gouvernement de faire pression sur Disney pour reporter le lancement de son service de SVOD. \u00ab <em>Nous leur avons demand\u00e9 d&rsquo;ajuster leur arriv\u00e9e sur le march\u00e9<\/em> \u00bb, a confirm\u00e9 une source gouvernementale au quotidien \u00e9conomique.\u00a0<\/p>\n<aside class=\"bg-color-0 padding-inside-all-s bloc border-s\">\n<h4 class=\"box-txt-normal\">\n<p><strong>A d\u00e9couvrir aussi en vid\u00e9o<\/strong><\/p>\n<\/h4>\n<\/aside>\n<p>Mais la soci\u00e9t\u00e9 am\u00e9ricaine a refus\u00e9 et maintient donc pour l&rsquo;instant la date de ce lancement. Reste \u00e0 voir si Disney acceptera par exemple d\u2019ouvrir son service avec une qualit\u00e9 vid\u00e9o d\u00e9grad\u00e9e. Au del\u00e0 de Netflix, YouTube a lui aussi\u00a0annonc\u00e9 qu\u2019il\u00a0allait r\u00e9duire la qualit\u00e9 de ses flux\u00a0pour moins surcharger les r\u00e9seaux.\u00a0<\/p>\n<p><strong>Source : <a href=\"https:\/\/www.lesechos.fr\/tech-medias\/hightech\/coronavirus-netflix-degrade-disney-menace-1187073\" target=\"_blank\" rel=\"noopener noreferrer\">Les Echos<\/a><\/strong><\/p>\n<\/p><\/div>\n<p><script>\n         !function(f,b,e,v,n,t,s){if(f.fbq)return;n=f.fbq=function()\n         {n.callMethod? n.callMethod.apply(n,arguments):n.queue.push(arguments)}\n         ;if(!f._fbq)f._fbq=n;\n             n.push=n;n.loaded=!0;n.version='2.0';n.queue=[];t=b.createElement(e);t.async=!0;\n             t.src=v;s=b.getElementsByTagName(e)[0];s.parentNode.insertBefore(t,s)}(window,\n                 document,'script','https:\/\/connect.facebook.net\/en_US\/fbevents.js');\n         fbq('init', '1065890633454496');\n         fbq('track', 'PageView');\n     <\/script><br \/>\n<br \/>[ad_2]<br \/>\n<br \/><a href=\"https:\/\/www.01net.com\/actualites\/surcharge-des-reseaux-disney-sous-pression-pour-repousser-son-lancement-en-france-1878484.html\">Source link <\/a><\/p>\n","protected":false},"excerpt":{"rendered":"<p>[ad_1] \u00c0 l\u2019heure o\u00f9 Netflix r\u00e9duit la qualit\u00e9 de son flux pour d\u00e9sengorger Internet, Disney+ pr\u00e9pare son lancement en fanfare, &hellip; <a href=\"http:\/\/www.affinite.fr\/index.php\/2020\/03\/20\/disney-sous-pression-pour-repousser-son-lancement-en-france\/\" class=\"more-link\">Plus <span class=\"screen-reader-text\">Disney+ sous pression pour repousser son lancement en France<\/span> <span class=\"meta-nav\">&rarr;<\/span><\/a><\/p>\n","protected":false},"author":1,"featured_media":909,"comment_status":"open","ping_status":"open","sticky":false,"template":"","format":"standard","meta":{"_sitemap_exclude":false,"_sitemap_priority":"","_sitemap_frequency":"","footnotes":""},"categories":[1],"tags":[],"class_list":["post-908","post","type-post","status-publish","format-standard","has-post-thumbnail","hentry","category-tous"],"_links":{"self":[{"href":"http:\/\/www.affinite.fr\/index.php\/wp-json\/wp\/v2\/posts\/908"}],"collection":[{"href":"http:\/\/www.affinite.fr\/index.php\/wp-json\/wp\/v2\/posts"}],"about":[{"href":"http:\/\/www.affinite.fr\/index.php\/wp-json\/wp\/v2\/types\/post"}],"author":[{"embeddable":true,"href":"http:\/\/www.affinite.fr\/index.php\/wp-json\/wp\/v2\/users\/1"}],"replies":[{"embeddable":true,"href":"http:\/\/www.affinite.fr\/index.php\/wp-json\/wp\/v2\/comments?post=908"}],"version-history":[{"count":0,"href":"http:\/\/www.affinite.fr\/index.php\/wp-json\/wp\/v2\/posts\/908\/revisions"}],"wp:featuredmedia":[{"embeddable":true,"href":"http:\/\/www.affinite.fr\/index.php\/wp-json\/wp\/v2\/media\/909"}],"wp:attachment":[{"href":"http:\/\/www.affinite.fr\/index.php\/wp-json\/wp\/v2\/media?parent=908"}],"wp:term":[{"taxonomy":"category","embeddable":true,"href":"http:\/\/www.affinite.fr\/index.php\/wp-json\/wp\/v2\/categories?post=908"},{"taxonomy":"post_tag","embeddable":true,"href":"http:\/\/www.affinite.fr\/index.php\/wp-json\/wp\/v2\/tags?post=908"}],"curies":[{"name":"wp","href":"https:\/\/api.w.org\/{rel}","templated":true}]}}