{"id":9067,"date":"2023-04-22T21:26:49","date_gmt":"2023-04-22T21:26:49","guid":{"rendered":"https:\/\/www.affinite.fr\/index.php\/2023\/04\/22\/victoria-beckham-craque-pour-une-robe-ultra-glamour-et-cest-elle-qui-la-creee\/"},"modified":"2023-04-22T21:26:49","modified_gmt":"2023-04-22T21:26:49","slug":"victoria-beckham-craque-pour-une-robe-ultra-glamour-et-cest-elle-qui-la-creee","status":"publish","type":"post","link":"http:\/\/www.affinite.fr\/index.php\/2023\/04\/22\/victoria-beckham-craque-pour-une-robe-ultra-glamour-et-cest-elle-qui-la-creee\/","title":{"rendered":"Victoria Beckham craque pour une robe ultra glamour (et c&rsquo;est elle qui l&rsquo;a cr\u00e9\u00e9e)"},"content":{"rendered":"<p> [ad_1]<br \/>\n<\/p>\n<p>\n                Quelle sera la couleur star du printemps 2023\u00a0? Un indice\u00a0: elle se trouve dans le dernier post Instagram de Victoria Beckham.            <\/p>\n<div>\n<aside class=\"ccmsummary marqueur_module ccmcss_cms_summary ccmcss_cms_summary--right\">\n<p>Sommaire<\/p>\n<\/aside>\n<p><strong><a href=\"https:\/\/www.journaldesfemmes.fr\/people\/victoria-beckham\/\" title=\"Victoria Beckham\">Victoria Beckham<\/a><\/strong> \u00e9tait de sortie\u00a0le jeudi 20 avril 2023. Sur son compte Instagram, la styliste de mode britannique a film\u00e9 son look de soir\u00e9e et l&rsquo;a partag\u00e9 avec sa communaut\u00e9 sur Instagram. Face au miroir de son dressing, la star arbore une \u00e9l\u00e9gante tenue pastel.<\/p>\n<p>Son <em>outfit <\/em>? Une longue robe fluide \u00e0 volants et bretelles\u00a0<strong>lilas,\u00a0<\/strong>ainsi qu&rsquo;une pochette assortie en daim et cha\u00eene dor\u00e9e, qu&rsquo;elle porte dans sa main gauche. Ces deux pi\u00e8ces glamour viennent de la collection Pastel\u00a0de la marque<b>\u00a0<\/b>\u00e0 laquelle Victoria Beckham a donn\u00e9 son nom. Deux v\u00e9ritables hits mode.<\/p>\n<p>\u200b\u200b\u200b\u200b\u200bQ<span style=\"font-size: 1rem;\">uand on pense \u00e0 <\/span><strong style=\"font-size: 1rem;\">Victoria Beckham<\/strong><span style=\"font-size: 1rem;\">, c&rsquo;est son surnom, Posh, qui nous revient en t\u00eate, et on remonte le temps \u00e0 vitesse grand V jusqu&rsquo;aux ann\u00e9es 90. D\u00e9couverte en 1994\u00a0avec l&rsquo;iconique et<\/span><em style=\"font-size: 1rem;\"> so british girls band <\/em><span style=\"font-size: 1rem;\">des <\/span><strong style=\"font-size: 1rem;\">Spice Girls<\/strong><span style=\"font-size: 1rem;\">, Victoria Beckham cultive \u00e0 ses d\u00e9buts un look ultra <\/span><strong style=\"font-size: 1rem;\">nineties<\/strong><span style=\"font-size: 1rem;\"> \u00e0 grand renfort de crop tops et minijupes.<\/span><\/p>\n<p>Puis elle rencontre David Beckham, non moins c\u00e9l\u00e8bre joueur de foot britannique, et lance le <strong>style WAG&rsquo;s<\/strong> (acronyme signifiant\u00a0<em>Wives and girlfriends <\/em>en anglais), celui des femmes de footballeur. Lunettes XXL et talons aiguilles, jupes crayons et sacs \u00e0 main Herm\u00e8s d\u00e9clin\u00e9s dans toutes les peaux et les couleurs\u2026 Une allure alors souvent qualifi\u00e9e de <strong>bling bling et tape \u00e0 l&rsquo;\u0153il<\/strong>. Des qualificatifs qui ne cesseront de coller \u00e0 la semelle de ses escarpins compens\u00e9s lorsqu&rsquo;elle d\u00e9cidera de lancer sa propre<strong> marque de mode<\/strong>. Et ce, m\u00eame si dans les ann\u00e9es 2010, elle \u00e9pouse un style beaucoup plus business chic et low profile. Pour autant, aujourd&rsquo;hui, ses cr\u00e9ations sont pl\u00e9biscit\u00e9es par les modeuses, qui adh\u00e8rent \u00e0 ses cr\u00e9ations \u00e9pur\u00e9es et minimalistes.<\/p>\n<h2 id=\"quel-etait-le-style-de-victoria-beckham-a-lepoque-des-spice-girls-\">Quel \u00e9tait le style de Victoria Beckham \u00e0 l&rsquo;\u00e9poque des Spice Girls ?<\/h2>\n<p>Aux c\u00f4t\u00e9s de Baby Spice ou Sporty Spice, <strong>Posh<\/strong> portait bien son nom. Souvent v\u00eatue de noir, elle cultivait une tocade pour les robes mini, les bustiers, le satin, les colliers chokers et les escarpins \u00e0 bouts pointus.<\/p>\n<figure class=\"image\" style=\"float:right\"><a class=\"fancy\" href=\"https:\/\/img-3.journaldesfemmes.fr\/ngZq9iQVvyQNFapGu5-ASz24lFM=\/1080x\/smart\/295c9d38a3dc46519ca28db4e4bd58eb\/ccmcms-jdf\/39451348.jpg\" target=\"_blank\" rel=\"noopener\"><img decoding=\"async\" alt=\"victoria-beckham-robe-courte\" src=\"https:\/\/img-3.journaldesfemmes.fr\/qco1KcWLaxFBm5O1VGL2gYlu46A=\/300x\/smart\/19d4801a6ad34ddc9c5379c576c9807c\/ccmcms-jdf\/39451349.jpg\"\/><\/a><figcaption data-credit=\"All Action\/ABACA\" data-legend=\"Victoria Beckham \u00e0 Londres le 26 septembre 2000\">Victoria Beckham \u00e0 Londres le 26\u00a0septembre 2000 <small>\u00a9\u00a0All Action\/ABACA<\/small><\/figcaption><\/figure>\n<p>Elle aimait d\u00e9j\u00e0 la mode et suivait toutes les tendances.\u00a0Coupes de cheveux \u00e9tonnantes, douches auto-bronzantes, <strong>pantalons taille tr\u00e8s basse<\/strong>\u00a0en total look jean, chapeaux de cow-boy, etc. Son credo\u00a0? \u00catre toujours perch\u00e9e sur au moins 12 cm : \u00ab\u00a0<em>Je ne peux pas me concentrer si je suis \u00e0 plat<\/em>\u00ab\u00a0, d\u00e9clarait-elle alors. Une fa\u00e7on de compenser sa taille de 1m63 ?\u00a0En 2004, alors qu&rsquo;elle met fin \u00e0 sa carri\u00e8re de chanteuse, elle devient la muse de<strong> Marc Jacobs <\/strong>qui l&rsquo;encourage \u00e0 monter sa propre marque, tout comme le cr\u00e9ateur Roland Mouret dont elle porte r\u00e9guli\u00e8rement les cr\u00e9ations.<\/p>\n<h2 id=\"quel-est-le-style-de-victoria-beckham-aujourdhui\">Quel est le style de Victoria Beckham aujourd&rsquo;hui\u00a0?<\/h2>\n<p>Il faudra attendre 2008\u00a0pour qu&rsquo;elle pr\u00e9sente <strong>sa premi\u00e8re collection<\/strong> lors de la Fashion week de New York. D\u00e8s lors, celle dont la discr\u00e9tion n&rsquo;\u00e9tait pas le principal atout adopte une <strong>panoplie minimaliste<\/strong> et d\u00e9contract\u00e9e. Ses pi\u00e8ces f\u00e9tiches deviennent le tailleur pantalon choisi dans toutes les couleurs, le <strong>pull \u00e0 col roul\u00e9<\/strong>, les robes fluides, mais \u00e9galement les sneakers qui font une apparition dans sa penderie, sans oublier ses sempiternels talons hauts. Une allure m\u00ealant f\u00e9minin et masculin qui, en plus d&rsquo;\u00eatre confortable et \u00e9l\u00e9gante, est pile dans l&rsquo;air du temps. On ne se refait pas.<\/p>\n<h2 id=\"a-quoi-ressemblent-ses-looks-de-tapis-rouge\">\u00c0 quoi ressemblent ses looks de tapis rouge\u00a0?<\/h2>\n<p>Pour les grandes occasions, la femme d&rsquo;affaires mise \u00e9galement sur des<strong> pi\u00e8ces intemporelles<\/strong>, mais toujours sensuelles et sophistiqu\u00e9es : smoking blanc, noir ou bleu marine, robe du soir drap\u00e9e en soie noire\u2026 <em>Less is more<\/em> avec Victoria Beckham.<\/p>\n<h2 id=\"quel-est-son-style-casual\">Quel est son style casual\u00a0?<\/h2>\n<p>Pour les vacances ou ses week-ends en famille, la cr\u00e9atrice n\u00e9e en 1974 mise sur un uniforme constitu\u00e9 d&rsquo;un legging, d&rsquo;une casquette, de ses lunettes de soleil XXL,\u00a0de\u00a0sneakers et d&rsquo;un sweatshirt, le tout de couleur noire. <strong>Discr\u00e9tion et confort <\/strong>pour celle qui a quatre enfants et ne d\u00e9roge jamais \u00e0 sa routine sportive.<\/p>\n<figure class=\"image\" style=\"float:left\"><a class=\"fancy\" href=\"https:\/\/img-3.journaldesfemmes.fr\/6YeDys_gtouGlU7jVPLBR1_t7j0=\/1080x\/smart\/6b733f7e82ee4e7e9ec8128f98d73695\/ccmcms-jdf\/39451346.jpg\"><img decoding=\"async\" alt=\"victoria-beckham-robe-bleue\" src=\"https:\/\/img-3.journaldesfemmes.fr\/RrzaKB1Zrz82XIgTZXOyXuRKmIc=\/300x\/smart\/6b733f7e82ee4e7e9ec8128f98d73695\/ccmcms-jdf\/39451346.jpg\"\/><\/a><figcaption data-credit=\" Ramales Felipe\/Splash News\/ABACA\" data-legend=\"Victoria Beckham \u00e0 New York le 12 octobre 2022\">Victoria Beckham \u00e0 New York le 12 octobre 2022 <small>\u00a9\u00a0 Ramales Felipe\/Splash News\/ABACA<\/small><\/figcaption><\/figure>\n<h2 id=\"quelles-sont-ses-marques-preferees\">Quelles sont ses marques pr\u00e9f\u00e9r\u00e9es\u00a0?<\/h2>\n<p>Elle porte r\u00e9guli\u00e8rement des pi\u00e8ces de sa marque <strong>Victoria Beckham <\/strong>dont elle est l&rsquo;ambassadrice \u00e9vidente. Pour le mariage de son fils Brooklyn avec Nicola Peltz en 2022, elle arborait d&rsquo;ailleurs une slip dress en soie argent\u00e9e unique et sign\u00e9e de sa griffe. Cependant, elle continue d&rsquo;affectionner les v\u00eatements de ses cr\u00e9ateurs pr\u00e9f\u00e9r\u00e9s tels que Prada ou<strong> Stella McCartney<\/strong>, avec qui elle est amie.\u00a0<\/p>\n<p>Pour un rendez-vous, on s&rsquo;offre <strong>un tailleur pantalon monochrome aux lignes fluides\u00a0<\/strong>\u00e0 porter \u00e0 m\u00eame la peau ou sur une chemise en soie, des lunettes de soleil XL aux verres noirs ou fum\u00e9s ainsi que des talons aiguilles. En journ\u00e9e, on opte pour un pantalon large ou encore <strong>une jupe longue pliss\u00e9e<\/strong>, que l&rsquo;on associe \u00e0 un T-shirt blanc et un col roul\u00e9 en cachemire, ainsi qu&rsquo;\u00e0 des sneakers ou des escarpins.<\/p>\n<\/p><\/div>\n<p>[ad_2]<br \/>\n<br \/><a href=\"https:\/\/www.journaldesfemmes.fr\/mode\/styles-de-people\/2875465-victoria-beckham-craque-pour-une-robe-ultra-glamour-et-c-est-elle-qui-l-a-creee\/\">Source link <\/a><\/p>\n","protected":false},"excerpt":{"rendered":"<p>[ad_1] Quelle sera la couleur star du printemps 2023\u00a0? Un indice\u00a0: elle se trouve dans le dernier post Instagram de &hellip; <a href=\"http:\/\/www.affinite.fr\/index.php\/2023\/04\/22\/victoria-beckham-craque-pour-une-robe-ultra-glamour-et-cest-elle-qui-la-creee\/\" class=\"more-link\">Plus <span class=\"screen-reader-text\">Victoria Beckham craque pour une robe ultra glamour (et c&rsquo;est elle qui l&rsquo;a cr\u00e9\u00e9e)<\/span> <span class=\"meta-nav\">&rarr;<\/span><\/a><\/p>\n","protected":false},"author":1,"featured_media":9068,"comment_status":"","ping_status":"open","sticky":false,"template":"","format":"standard","meta":{"_sitemap_exclude":false,"_sitemap_priority":"","_sitemap_frequency":"","footnotes":""},"categories":[1],"tags":[],"class_list":["post-9067","post","type-post","status-publish","format-standard","has-post-thumbnail","hentry","category-tous"],"_links":{"self":[{"href":"http:\/\/www.affinite.fr\/index.php\/wp-json\/wp\/v2\/posts\/9067"}],"collection":[{"href":"http:\/\/www.affinite.fr\/index.php\/wp-json\/wp\/v2\/posts"}],"about":[{"href":"http:\/\/www.affinite.fr\/index.php\/wp-json\/wp\/v2\/types\/post"}],"author":[{"embeddable":true,"href":"http:\/\/www.affinite.fr\/index.php\/wp-json\/wp\/v2\/users\/1"}],"replies":[{"embeddable":true,"href":"http:\/\/www.affinite.fr\/index.php\/wp-json\/wp\/v2\/comments?post=9067"}],"version-history":[{"count":0,"href":"http:\/\/www.affinite.fr\/index.php\/wp-json\/wp\/v2\/posts\/9067\/revisions"}],"wp:featuredmedia":[{"embeddable":true,"href":"http:\/\/www.affinite.fr\/index.php\/wp-json\/wp\/v2\/media\/9068"}],"wp:attachment":[{"href":"http:\/\/www.affinite.fr\/index.php\/wp-json\/wp\/v2\/media?parent=9067"}],"wp:term":[{"taxonomy":"category","embeddable":true,"href":"http:\/\/www.affinite.fr\/index.php\/wp-json\/wp\/v2\/categories?post=9067"},{"taxonomy":"post_tag","embeddable":true,"href":"http:\/\/www.affinite.fr\/index.php\/wp-json\/wp\/v2\/tags?post=9067"}],"curies":[{"name":"wp","href":"https:\/\/api.w.org\/{rel}","templated":true}]}}