{"id":9061,"date":"2023-04-20T21:12:09","date_gmt":"2023-04-20T21:12:09","guid":{"rendered":"https:\/\/www.affinite.fr\/index.php\/2023\/04\/20\/salade-thailandaise-aux-champignons-menthe-et-coriandre\/"},"modified":"2023-04-20T21:12:09","modified_gmt":"2023-04-20T21:12:09","slug":"salade-thailandaise-aux-champignons-menthe-et-coriandre","status":"publish","type":"post","link":"http:\/\/www.affinite.fr\/index.php\/2023\/04\/20\/salade-thailandaise-aux-champignons-menthe-et-coriandre\/","title":{"rendered":"Salade tha\u00eflandaise aux champignons, menthe et coriandre"},"content":{"rendered":"<p> [ad_1]<br \/>\n<\/p>\n<div>\n<div class=\"photo-wrap photo-xid-6a00d8341c676f53ef02b7517d2d4d200b photo-full \" id=\"photo-xid-6a00d8341c676f53ef02b7517d2d4d200b\" style=\"display: block; margin-left: auto; margin-right: auto;\"><a class=\"asset-img-link\" href=\"https:\/\/scally.typepad.com\/.a\/6a00d8341c676f53ef02b7517d2d4d200b-pi\"><img decoding=\"async\" alt=\"Salade champignons thai\" border=\"0\" class=\"asset  asset-image at-xid-6a00d8341c676f53ef02b7517d2d4d200b image-full img-responsive\" src=\"https:\/\/scally.typepad.com\/.a\/6a00d8341c676f53ef02b7517d2d4d200b-800wi\" title=\"Salade champignons thai\"\/><\/a><\/p>\n<p>Salade de champignons \u00e0 la thai<\/p>\n<\/div>\n<p>C\u2019est toujours bon signe quand mes repas au restaurant m\u2019inspirent. C\u2019est ce qui s\u2019est pass\u00e9 avec cette salade de champignons, assaisonn\u00e9e comme on le fait en Tha\u00eflande ou au Laos.\u00a0<\/p>\n<p>Tout a commenc\u00e9 par une balade dans le parc de Belleville. J\u2019habite \u00e0 Paris dans le vingti\u00e8me depuis 3 ans et j\u2019aime beaucoup y marcher. Mon petit plaisir quand je d\u00e9serte mon quartier situ\u00e9 entre Saint-Blaise et la place de la R\u00e9union : prendre un caf\u00e9 chez Monc\u0153ur Belleville, on se croirait dans un village avec une superbe vue sur Paris. Je ne d\u00e9sesp\u00e8re pas d\u2019y boire un verre le soir mais les places sont ch\u00e8res.\u00a0<\/p>\n<p>En d\u00e9but de semaine, j\u2019ai enfin test\u00e9 une des nombreuses adresses sauvegard\u00e9es sur mon <a href=\"https:\/\/www.instagram.com\/pascale_weeks\/?hl=fr\" rel=\"noopener\" target=\"_blank\">compte Instagram<\/a>. Vous aussi vous passez votre temps \u00e0 sauvegarder des choses pour ensuite les oublier ?<\/p>\n<p>A deux pas de la partie haute du parc, se trouve le micro quartier asiatique de Belleville. J\u2019ai jet\u00e9 mon d\u00e9volu sur <a href=\"https:\/\/www.instagram.com\/amasiam.paris\/?hl=fr\" rel=\"noopener\" target=\"_blank\">Ama Siam<\/a>, un restaurant familial avec une carte courte de plats de l\u2019Asie du Sud Est. J\u2019ai eu un coup de c\u0153ur pour leur cuisine parfum\u00e9e et pr\u00e9par\u00e9e avec de tr\u00e8s bons produits. Ce jour-l\u00e0, j\u2019ai mang\u00e9 une divine salade de champignons, inspir\u00e9e de la salade de viande hach\u00e9e que l\u2019on retrouve en Tha\u00eflande et au Laos, des <a href=\"http:\/\/www.affinite.fr\/index.php\/2024\/08\/24\/comment-choisir-le-meilleur-bois-pour-vos-piques-a-brochette\/\">brochettes<\/a> de poulet et du riz.\u00a0<\/p>\n<p>En rentrant \u00e0 la maison, je n\u2019arrivais pas \u00e0 oublier les saveurs de cette salade et je me suis mise en cuisine. Je vous invite \u00e0 refaire cette salade qui change. J\u2019avais oubli\u00e9 comme cet \u00e9quilibre de saveurs entre l\u2019acidul\u00e9, le sal\u00e9 et la tr\u00e8s l\u00e9g\u00e8re pointe de sucre est magique, surtout quand elle est associ\u00e9e \u00e0 des herbes fra\u00eeches.<\/p>\n<div class=\"photo-wrap photo-xid-6a00d8341c676f53ef02b685343ff0200d photo-full \" id=\"photo-xid-6a00d8341c676f53ef02b685343ff0200d\" style=\"display: block; margin-left: auto; margin-right: auto;\"><a class=\"asset-img-link\" href=\"https:\/\/scally.typepad.com\/.a\/6a00d8341c676f53ef02b685343ff0200d-pi\"><img decoding=\"async\" alt=\"Resto ama sima belleville\" border=\"0\" class=\"asset  asset-image at-xid-6a00d8341c676f53ef02b685343ff0200d image-full img-responsive\" src=\"https:\/\/scally.typepad.com\/.a\/6a00d8341c676f53ef02b685343ff0200d-800wi\" title=\"Resto ama sima belleville\"\/><\/a><\/p>\n<p>Resto Ama Siam Belleville<\/p>\n<\/div>\n<p>Chez Ama Siam, la salade \u00e9tait servie avec une poudre de riz grill\u00e9 qui apporte cette petite touche en plus l\u00e9g\u00e8rement croquante. On la trouve dans certaines \u00e9piceries asiatiques mais vous pouvez la faire facilement avec ma recette de <a href=\"https:\/\/scally.typepad.com\/cest_moi_qui_lai_fait\/2016\/07\/condiment-thai-poudre-de-riz-grille-%C3%A0-la-citronnelle.html\" rel=\"noopener\" target=\"_blank\">condiment riz citronnelle<\/a>, souvenir d\u2019un voyage en Tha\u00eflande.\u00a0<\/p>\n<p><span style=\"text-decoration: underline;\"><strong>Salade tha\u00eflandaise aux champignons, menthe et coriandre<\/strong><\/span><\/p>\n<p>Je l\u2019ai faite \u00e0 ma fa\u00e7on, elle n\u2019est certainement pas 100% authentique mais nous avons retrouv\u00e9 ce qui nous a fait craqu\u00e9 lors de notre voyage en Tha\u00eflande.<\/p>\n<p><em><strong>Les ingr\u00e9dients pour 2 personnes<\/strong><\/em><\/p>\n<p><em>Pour la salade<\/em><\/p>\n<ul>&#13;<\/p>\n<li>350 g de champignons de Paris (je prends toujours des bruns que je trouve dans une boutique bio)<\/li>\n<p>&#13;<\/p>\n<li>8 radis<\/li>\n<p>&#13;<\/p>\n<li>1 oignon nouveau<\/li>\n<p>&#13;<\/p>\n<li>3 c. \u00e0 soupe d\u2019oignon rouge coup\u00e9 en tr\u00e8s fines lamelles<\/li>\n<p>&#13;<\/p>\n<li>6 feuilles de menthe<\/li>\n<p>&#13;<\/p>\n<li>2 poign\u00e9es de coriandre\u00a0<\/li>\n<p>&#13;\n<\/ul>\n<p><em>Pour la sauce<\/em><\/p>\n<ul>&#13;<\/p>\n<li>6 c. \u00e0 soupe de jus de citron<\/li>\n<p>&#13;<\/p>\n<li>3 c.\u00e0 soupe de nuoc mam<\/li>\n<p>&#13;<\/p>\n<li>4 c.\u00e0 soupe d\u2019huile v\u00e9g\u00e9tale<\/li>\n<p>&#13;<\/p>\n<li>3 pinc\u00e9es de sucre<\/li>\n<p>&#13;\n<\/ul>\n<p><em>Pour la finition<\/em><\/p>\n<ul>&#13;<\/p>\n<li>Poudre de riz grill\u00e9 (facultatif)<\/li>\n<p>&#13;<\/p>\n<li>1 poign\u00e9e de cacahu\u00e8tes concass\u00e9es<\/li>\n<p>&#13;\n<\/ul>\n<p><strong>Comment faire ?<\/strong><\/p>\n<p>Pr\u00e9parez la sauce en fouettant les ingr\u00e9dients dans un bol.<\/p>\n<p>Ciselez l\u2019oignon nouveau et l\u2019oignon rouge, versez dans la sauce et m\u00e9langez.<\/p>\n<p>Nettoyez les radis puis coupez-les en tranches tr\u00e8s fines.\u00a0<\/p>\n<p>Retirez le pied terreux des champignons, nettoyez-les avec un pinceau humide, coupez-les en tranches et versez-les dans un grand bol. Ajoutez les radis, la sauce et m\u00e9langez bien.<\/p>\n<p><strong>Go\u00fbtez et ajoutez \u00e9ventuellement plus de jus de citron ou de nuoc mam pour avoir l\u2019\u00e9quilibre que vous aimez.<\/strong><\/p>\n<p>Ajoutez les herbes cisel\u00e9es, m\u00e9langez et laissez reposer au frais pendant 1 heure.<\/p>\n<p>Servez avec la poudre de riz grill\u00e9 (facultatif) et les cacahu\u00e8tes concass\u00e9es.<\/p>\n<\/p><\/div>\n<p><script>\nwindow.fbAsyncInit = function() {\n    FB.init( { apiKey: 'a279adbe87e2b3c505e777af99a5260d', xfbml: true, version: 'v2.8' } );\n};\n( function() {\n    var e = document.createElement( 'script' ); e.async = true;\n    e.src = document.location.protocol + '\/\/connect.facebook.net\/en_US\/sdk.js';\n    document.getElementById( 'fb-root' ).appendChild( e );\n} )();\n<\/script><script async defer src=\"https:\/\/platform.instagram.com\/en_US\/embeds.js\"><\/script><br \/>\n<br \/>[ad_2]<br \/>\n<br \/><a href=\"https:\/\/scally.typepad.com\/cest_moi_qui_lai_fait\/2023\/04\/salade-thai-champignons-menthe-et-coriandre.html\">Source link <\/a><\/p>\n","protected":false},"excerpt":{"rendered":"<p>[ad_1] Salade de champignons \u00e0 la thai C\u2019est toujours bon signe quand mes repas au restaurant m\u2019inspirent. C\u2019est ce qui &hellip; <a href=\"http:\/\/www.affinite.fr\/index.php\/2023\/04\/20\/salade-thailandaise-aux-champignons-menthe-et-coriandre\/\" class=\"more-link\">Plus <span class=\"screen-reader-text\">Salade tha\u00eflandaise aux champignons, menthe et coriandre<\/span> <span class=\"meta-nav\">&rarr;<\/span><\/a><\/p>\n","protected":false},"author":1,"featured_media":9062,"comment_status":"","ping_status":"open","sticky":false,"template":"","format":"standard","meta":{"_sitemap_exclude":false,"_sitemap_priority":"","_sitemap_frequency":"","footnotes":""},"categories":[1],"tags":[],"class_list":["post-9061","post","type-post","status-publish","format-standard","has-post-thumbnail","hentry","category-tous"],"_links":{"self":[{"href":"http:\/\/www.affinite.fr\/index.php\/wp-json\/wp\/v2\/posts\/9061"}],"collection":[{"href":"http:\/\/www.affinite.fr\/index.php\/wp-json\/wp\/v2\/posts"}],"about":[{"href":"http:\/\/www.affinite.fr\/index.php\/wp-json\/wp\/v2\/types\/post"}],"author":[{"embeddable":true,"href":"http:\/\/www.affinite.fr\/index.php\/wp-json\/wp\/v2\/users\/1"}],"replies":[{"embeddable":true,"href":"http:\/\/www.affinite.fr\/index.php\/wp-json\/wp\/v2\/comments?post=9061"}],"version-history":[{"count":0,"href":"http:\/\/www.affinite.fr\/index.php\/wp-json\/wp\/v2\/posts\/9061\/revisions"}],"wp:featuredmedia":[{"embeddable":true,"href":"http:\/\/www.affinite.fr\/index.php\/wp-json\/wp\/v2\/media\/9062"}],"wp:attachment":[{"href":"http:\/\/www.affinite.fr\/index.php\/wp-json\/wp\/v2\/media?parent=9061"}],"wp:term":[{"taxonomy":"category","embeddable":true,"href":"http:\/\/www.affinite.fr\/index.php\/wp-json\/wp\/v2\/categories?post=9061"},{"taxonomy":"post_tag","embeddable":true,"href":"http:\/\/www.affinite.fr\/index.php\/wp-json\/wp\/v2\/tags?post=9061"}],"curies":[{"name":"wp","href":"https:\/\/api.w.org\/{rel}","templated":true}]}}