{"id":9053,"date":"2023-04-17T21:19:49","date_gmt":"2023-04-17T21:19:49","guid":{"rendered":"https:\/\/www.affinite.fr\/index.php\/2023\/04\/17\/forcees-de-se-prostituer-a-14-et-15-ans-deux-jeunes-filles-sorties-des-griffes-dun-groupe-dhommes\/"},"modified":"2023-04-17T21:19:49","modified_gmt":"2023-04-17T21:19:49","slug":"forcees-de-se-prostituer-a-14-et-15-ans-deux-jeunes-filles-sorties-des-griffes-dun-groupe-dhommes","status":"publish","type":"post","link":"http:\/\/www.affinite.fr\/index.php\/2023\/04\/17\/forcees-de-se-prostituer-a-14-et-15-ans-deux-jeunes-filles-sorties-des-griffes-dun-groupe-dhommes\/","title":{"rendered":"Forc\u00e9es de se prostituer \u00e0 14\u00a0et 15\u00a0ans, deux jeunes filles sorties des griffes d&rsquo;un groupe d&rsquo;hommes"},"content":{"rendered":"<p> [ad_1]<br \/>\n<br \/><img decoding=\"async\" src=\"https:\/\/img-3.journaldesfemmes.fr\/lRNFmuQ1sZHGKIaN0AG0mn5Cx40=\/1280x\/smart\/c31cd14ee0b8476b8596957710a607be\/ccmcms-jdf\/39611988.jpg\" \/><\/p>\n<p>\n                Des jeunes filles ont \u00e9chapp\u00e9 \u00e0 l&rsquo;enfer. Trois hommes seraient impliqu\u00e9s dans une affaire de prostitution de deux mineures, de 14\u00a0et 15\u00a0ans, entre Paris et Cr\u00e9teil, dans le Val-de-Marne&#8230;            <\/p>\n<div>\n<p>Trois prox\u00e9n\u00e8tes pr\u00e9sum\u00e9s ont \u00e9t\u00e9 arr\u00eat\u00e9s le 13 avril 2023, selon les informations rapport\u00e9es par <a href=\"https:\/\/www.leparisien.fr\/faits-divers\/prostitution-de-paris-a-creteil-la-bande-de-clamart-exploitait-des-adolescentes-de-14-et-15-ans-16-04-2023-3QKURG3RR5EZDAECCAFPGYQVVQ.php\" target=\"_blank\" rel=\"noopener\"><em>Le Parisien<\/em><\/a> le 16 avril 2023.<strong> Les jeunes hommes, \u00e2g\u00e9s de 18 \u00e0 20 ans sont accus\u00e9s de prox\u00e9n\u00e9tisme aggrav\u00e9 et auraient forc\u00e9\u00a0deux jeunes adolescentes, de 14 et 15 ans \u00e0 <a href=\"https:\/\/www.journaldesfemmes.fr\/societe\/guide-pratique\/1963827-prostitution-une-question-de-politique-et-de-sexualite\/\" title=\"Prostitution\">se prostituer<\/a> <\/strong>dans des h\u00f4tels et logements de location, notamment entre le Val-de-Marne et Paris.<\/p>\n<h2>Trois hommes accus\u00e9s de prox\u00e9n\u00e9tisme<\/h2>\n<p>C&rsquo;est en f\u00e9vrier dernier que l&rsquo;une des deux victimes, la plus \u00e2g\u00e9e, d\u00e9cide de rendre dans un commissariat de S\u00e8vres avec sa m\u00e8re.<strong> Elle r\u00e9v\u00e8le alors \u00eatre sous le contr\u00f4le de jeunes hommes de son quartier qui la forcent \u00e0 se prostituer dans des h\u00f4tels dans les alentours.<\/strong>\u00a0Un certain \u00ab\u00a0Youcef\u00a0\u00bb, serait le chef de la bande et serait aid\u00e9 par des amis :\u00a0\u00ab\u00a0Blacko\u00a0\u00bb et \u00ab\u00a0Coyote\u00a0\u00bb. Ces deux derniers assuraient la s\u00e9curit\u00e9 des passes, comme le raconte <em>Le Parisien<\/em>. La jeune fille donne moult d\u00e9tails sur le fonctionnement du syst\u00e8me et <strong>les faits survenus entre le mois de juillet et le mois de septembre 2022. Et explique que les rendez-vous \u00e9taient factur\u00e9s entre 80\u00a0et 150\u00a0euros.<\/strong><\/p>\n<h2>Une victime, oblig\u00e9e d&rsquo;assurer des dizaines de passes par jour<\/h2>\n<p>Les prox\u00e9n\u00e8tes g\u00e9raient\u00a0tout. Ils publiaient des annonces sur des sites sp\u00e9cialis\u00e9s et arrangeaient\u00a0les rendez-vous. Un h\u00f4tel \u00e0 bas prix, situ\u00e9 pr\u00e8s de la sortie de l&rsquo;A86\u00a0\u00e0 Cr\u00e9teil \u00e9tait un de leur\u00a0lieu habituel, parce que pratique.\u00a0Les enqu\u00eateurs retrouvent ensuite une seconde victime sous l&#8217;emprise du m\u00eame r\u00e9seau,\u00a0gr\u00e2ce aux traces laiss\u00e9es par le r\u00e9seau t\u00e9l\u00e9phonique. Une jeune fugueuse de 14\u00a0ans qui n&rsquo;est pas originaire de la r\u00e9gion parisienne<strong>. \u00ab\u00a0<em>Cette derni\u00e8re raconte que ces hommes l&rsquo;obligeaient \u00e0 assurer plusieurs dizaines de passes par jour et \u00e0 privil\u00e9gier celles non prot\u00e9g\u00e9es parce qu&rsquo;elles sont plus lucratives<\/em>\u00ab\u00a0<\/strong>, d\u00e9clare une source proche du dossier au Parisien.<\/p>\n<h2>\u200b\u200b\u200b\u200b\u200bTrois suspects ont \u00e9t\u00e9 mis en examen<\/h2>\n<p>Les trois jeunes hommes\u00a0ont \u00e9t\u00e9 arr\u00eat\u00e9s dans leur domicile \u00e0 Clamart et plac\u00e9s en garde \u00e0 vue \u00e0 Nanterre. <strong>L&rsquo;un d&rsquo;entre eux a m\u00eame reconnu faire la s\u00e9curit\u00e9 en \u00e9change d&rsquo;une petite contribution financi\u00e8re<\/strong>, \u00ab\u00a0<em>un petit billet\u00a0par jour<\/em>\u00ab\u00a0, comme l&rsquo;explique <em>Le Parisien<\/em>,\u00a0lors des auditions. En revanche, les deux autres prox\u00e9n\u00e8tes pr\u00e9sum\u00e9s\u00a0ont ni\u00e9 tous les faits.<\/p>\n<p>Lors de l&rsquo;enqu\u00eate, la police a retrouv\u00e9 dans leurs archives une intervention dans le XVIIe arrondissement de Paris, dans un Airbnb. Une jeune fille avait \u00e9t\u00e9 surprise avec \u00ab\u00a0<em>son souteneur pr\u00e9sum\u00e9<\/em>\u00ab\u00a0, comme le dit <em>Le Parisien<\/em>. Les riverains avaient contact\u00e9\u00a0les forces de l&rsquo;ordre, car d\u00e9rang\u00e9s par le d\u00e9fil\u00e9 de clients. Mais la prostitution avait \u00e9t\u00e9 ni\u00e9e et l&rsquo;affaire n&rsquo;avait donc pas avanc\u00e9.<\/p>\n<h2>\u00ab\u00a0Un \u00e9trange couple en possession d&rsquo;un couteau et de pr\u00e9servatifs\u00a0\u00bb<\/h2>\n<p>Malgr\u00e9 tout, comme le souligne une source proche du dossier \u00e0 nos confr\u00e8res :\u00a0\u00ab\u00a0<em>Les policiers parisiens n&rsquo;avaient pas manqu\u00e9 de remarquer que cet \u00e9trange couple \u00e9tait <strong>en possession d&rsquo;un couteau et de nombreux pr\u00e9servatifs<\/strong><\/em>\u00ab\u00a0. Interrog\u00e9e, la jeune fille avait affirm\u00e9\u00a0que le gar\u00e7on \u00e9tait \u00ab\u00a0<em>le chef de cette \u00e9quipe de souteneurs<\/em>\u00ab\u00a0, d&rsquo;un groupe originaire de Clamart. Par la suite, c\u00e9dant \u00e0 la pression, elle a\u00a0essay\u00e9 de revenir sur ses d\u00e9clarations.<\/p>\n<\/p><\/div>\n<p>[ad_2]<br \/>\n<br \/><a href=\"https:\/\/www.journaldesfemmes.fr\/societe\/actu\/2913139-val-de-marne-prostitution-suspects\/\">Source link <\/a><\/p>\n","protected":false},"excerpt":{"rendered":"<p>[ad_1] Des jeunes filles ont \u00e9chapp\u00e9 \u00e0 l&rsquo;enfer. Trois hommes seraient impliqu\u00e9s dans une affaire de prostitution de deux mineures, &hellip; <a href=\"http:\/\/www.affinite.fr\/index.php\/2023\/04\/17\/forcees-de-se-prostituer-a-14-et-15-ans-deux-jeunes-filles-sorties-des-griffes-dun-groupe-dhommes\/\" class=\"more-link\">Plus <span class=\"screen-reader-text\">Forc\u00e9es de se prostituer \u00e0 14\u00a0et 15\u00a0ans, deux jeunes filles sorties des griffes d&rsquo;un groupe d&rsquo;hommes<\/span> <span class=\"meta-nav\">&rarr;<\/span><\/a><\/p>\n","protected":false},"author":1,"featured_media":9054,"comment_status":"","ping_status":"open","sticky":false,"template":"","format":"standard","meta":{"_sitemap_exclude":false,"_sitemap_priority":"","_sitemap_frequency":"","footnotes":""},"categories":[1],"tags":[],"class_list":["post-9053","post","type-post","status-publish","format-standard","has-post-thumbnail","hentry","category-tous"],"_links":{"self":[{"href":"http:\/\/www.affinite.fr\/index.php\/wp-json\/wp\/v2\/posts\/9053"}],"collection":[{"href":"http:\/\/www.affinite.fr\/index.php\/wp-json\/wp\/v2\/posts"}],"about":[{"href":"http:\/\/www.affinite.fr\/index.php\/wp-json\/wp\/v2\/types\/post"}],"author":[{"embeddable":true,"href":"http:\/\/www.affinite.fr\/index.php\/wp-json\/wp\/v2\/users\/1"}],"replies":[{"embeddable":true,"href":"http:\/\/www.affinite.fr\/index.php\/wp-json\/wp\/v2\/comments?post=9053"}],"version-history":[{"count":0,"href":"http:\/\/www.affinite.fr\/index.php\/wp-json\/wp\/v2\/posts\/9053\/revisions"}],"wp:featuredmedia":[{"embeddable":true,"href":"http:\/\/www.affinite.fr\/index.php\/wp-json\/wp\/v2\/media\/9054"}],"wp:attachment":[{"href":"http:\/\/www.affinite.fr\/index.php\/wp-json\/wp\/v2\/media?parent=9053"}],"wp:term":[{"taxonomy":"category","embeddable":true,"href":"http:\/\/www.affinite.fr\/index.php\/wp-json\/wp\/v2\/categories?post=9053"},{"taxonomy":"post_tag","embeddable":true,"href":"http:\/\/www.affinite.fr\/index.php\/wp-json\/wp\/v2\/tags?post=9053"}],"curies":[{"name":"wp","href":"https:\/\/api.w.org\/{rel}","templated":true}]}}