{"id":9025,"date":"2023-04-07T20:47:41","date_gmt":"2023-04-07T20:47:41","guid":{"rendered":"https:\/\/www.affinite.fr\/index.php\/2023\/04\/07\/la-cheffe-nantaise-de-top-chef\/"},"modified":"2023-04-07T20:47:41","modified_gmt":"2023-04-07T20:47:41","slug":"la-cheffe-nantaise-de-top-chef","status":"publish","type":"post","link":"http:\/\/www.affinite.fr\/index.php\/2023\/04\/07\/la-cheffe-nantaise-de-top-chef\/","title":{"rendered":"la cheffe nantaise de Top Chef"},"content":{"rendered":"<p> [ad_1]<br \/>\n<br \/><img decoding=\"async\" src=\"https:\/\/img-3.journaldesfemmes.fr\/Qx5WYAGwi5lBa75t_y2lJzb0dQU=\/1280x\/smart\/b43b78f437fa4ad7811210f8d8093b42\/ccmcms-jdf\/39476571.jpg\" \/><\/p>\n<p>\n                R\u00e9v\u00e9l\u00e9e au grand public par l&rsquo;\u00e9mission Top Chef, Lucie Berthier Gembara est avant tout la cheffe de son propre restaurant, Sepia, \u00e0 Nantes. Voici sa biographie.            <\/p>\n<div>\n<aside class=\"ccmsummary marqueur_module ccmcss_cms_summary ccmcss_cms_summary--right\">\n<p>Sommaire<\/p>\n<\/aside>\n<p><strong>Lucie Berthier Gembara,<\/strong> r\u00e9v\u00e9l\u00e9e au grand public par l&rsquo;\u00e9mission <strong><a href=\"https:\/\/cuisine.journaldesfemmes.fr\/chefs-et-gastronomie\/1977430-top-chef-2023-voici-ce-que-vous-reserve-l-emission-du-5-avril\/\" title=\"Top Chef\">Top Chef<\/a> <\/strong>sur M6, avait marqu\u00e9 les esprits avec son fameux \u00ab\u00a0poulet de mam\u00e9\u00a0\u00bb lors de l&rsquo;\u00e9preuve propos\u00e9e par Alexandre Gauthier dans son restaurant <em>La Grenouill\u00e8re.\u00a0<\/em>Mais la jeune femme est bien plus qu&rsquo;une candidate de concours. \u00c0 la t\u00eate de son propre restaurant, <strong><em>S\u00e9pia<\/em>, \u00e0 Nantes,<\/strong> elle a \u00e9galement ouvert <strong><em>Popy<\/em><\/strong>, une adresse consacr\u00e9e au hot-dog \u00e0 la fran\u00e7aise.\u00a0Pour en d\u00e9couvrir plus sur la jeune femme, lisez ce qui suit.<\/p>\n<h2 id=\"son-interview-avec-le-journal-des-femmes\">Son interview avec le Journal des Femmes<\/h2>\n<p>La R\u00e9daction du Journal des Femmes a donc souhait\u00e9 en savoir un petit peu plus sur <strong>Lucie Berthier Gembara<\/strong>, ses ambitions et les raisons de sa participation \u00e0 <strong>Top Chef<\/strong>. Et vous allez voir, la jeune femme r\u00e9serve parfois quelques surprises\u00a0!<\/p>\n<h3>Elle n&rsquo;a pas toujours voulu faire de la cuisine<\/h3>\n<p>Contrairement \u00e0 beaucoup de chefs, Lucie n&rsquo;a pas toujours voulu travailler en cuisine. <em>\u00ab\u00a0J&rsquo;ai toujours \u00e9t\u00e9 passionn\u00e9e mais <strong>je ne pensais pas en faire mon m\u00e9tier<\/strong>&#8230; J&rsquo;\u00e9tais davantage int\u00e9ress\u00e9e par les arts plastiques\u00a0\u00bb,<\/em> nous explique-t-elle. Le d\u00e9clic est venu plus tard, lorsque la jeune femme vivait \u00e0<strong> San Diego<\/strong>, aux Etats-Unis. <em>\u00ab\u00a0J&rsquo;\u00e9tais \u00e9tudiante en communication-marketing et je n&rsquo;\u00e9tais pas passionn\u00e9e par ce que je faisais. L\u00e0-bas, je faisais beaucoup \u00e0 manger pour mes colocs et quand je suis revenue en France, je me suis dit qu&rsquo;il y avait un truc \u00e0 faire. J&rsquo;ai donc entam\u00e9 un second parcours \u00e9tudiant \u00e0 <strong>l&rsquo;Institut <a href=\"https:\/\/cuisine.journaldesfemmes.fr\/chefs-et-gastronomie\/2070131-paul-bocuse-legende-de-la-cuisine-francaise\/\" title=\"Paul Bocuse\">Paul Bocuse<\/a> \u00e0 Lyon.\u00a0\u00bb<\/strong><\/em><\/p>\n<h3>Elle a travaill\u00e9 aupr\u00e8s de deux chefs triplement \u00e9toil\u00e9s<\/h3>\n<p>Les t\u00e9l\u00e9spectateurs de Top Chef le savent\u00a0: plus jeune, Lucie a offici\u00e9 au restaurant <strong>AM d&rsquo;<a href=\"https:\/\/cuisine.journaldesfemmes.fr\/chefs-et-gastronomie\/2670753-alexandre-mazzia-artiste-en-cuisine\/\" title=\"Alexandre Mazzia\">Alexandre Mazzia<\/a> \u00e0 Marseille <\/strong>&#8211; qui a d\u00e9croch\u00e9 sa troisi\u00e8me \u00e9toile au Guide Michelin en 2021. Mais ce n&rsquo;est pas tout\u00a0! Lorsqu&rsquo;elle vivait dans la cit\u00e9 phoc\u00e9enne, la jeune cheffe a \u00e9galement travaill\u00e9 aux c\u00f4t\u00e9s de <a href=\"https:\/\/cuisine.journaldesfemmes.fr\/chefs-et-gastronomie\/2640819-gerald-passedat-biographie-restaurants-cuisine-recettes\/\" title=\"G\u00e9rald Pass\u00e9dat\">G\u00e9rald Pass\u00e9dat<\/a>, dans son restaurant triplement \u00e9toil\u00e9 Le Petit Nice.<\/p>\n<h3>Elle aurait pu devenir formatrice<\/h3>\n<p>Apr\u00e8s son aventure marseillaise, Lucie Berthier Gembara s&rsquo;est r\u00e9orient\u00e9e pour devenir <strong>formatrice pour les restaurateurs<\/strong>. La vie l&rsquo;a finalement pouss\u00e9e vers d&rsquo;autres projets.<\/p>\n<h3>Elle est \u00e0 la t\u00eate de son propre restaurant S\u00e9pia \u00e0 Nantes<\/h3>\n<p>Apr\u00e8s son passage \u00e0 Marseille, Lucie Berthier Gembara a donn\u00e9\u00a0naissance \u00e0 son fils et n&rsquo;a pas travaill\u00e9\u00a0pendant deux ans. Apr\u00e8s cette p\u00e9riode, la jeune cheffe a d\u00e9cid\u00e9\u00a0de revenir dans l&rsquo;ouest de la France et d&rsquo;ouvrir son premier restaurant, S\u00e9pia, en plein c\u0153ur de Nantes.<\/p>\n<h3>Sa cuisine est influenc\u00e9e par son passage \u00e0 Marseille<\/h3>\n<p>Dans son restaurant <strong>S\u00e9pia<\/strong>, Lucie propose une cuisine de march\u00e9 \u00e9labor\u00e9e \u00e0 partir de<strong> produits locaux<\/strong> achet\u00e9s en circuits courts. C\u00f4t\u00e9 assiette, la jeune cheffe a ramen\u00e9 des <strong>traceurs de sa vie marseillaise<\/strong> avec des plats aux accents m\u00e9diterran\u00e9ens.\u00a0<\/p>\n<h3>Elle n&rsquo;a pas h\u00e9sit\u00e9 une seconde \u00e0 participer \u00e0 Top Chef<\/h3>\n<p>Avant avant le d\u00e9but de Top Chef saison 13, Lucie a re\u00e7u un message de la production de Top Chef sur Instagram, lui demandant si elle souhaitait <strong>participer au casting <\/strong>de l&rsquo;\u00e9mission. <em>\u00ab\u00a0Au d\u00e9but, je pensais que c&rsquo;\u00e9tait une <strong>blague<\/strong>, je n&rsquo;y croyais pas du tout\u00a0! Quand j&rsquo;ai compris que c&rsquo;\u00e9tait vrai, je n&rsquo;ai pas h\u00e9sit\u00e9. Je me suis dit qu&rsquo;il fallait saisir cette <strong>opportunit\u00e9\u00a0<\/strong>!\u00a0\u00bb<\/em><\/p>\n<h3>Elle connait bien Sarah Mainguy<\/h3>\n<p>Lucie conna\u00eet bien une autre cheffe nantaise, finaliste de la saison 12\u00a0de Top Chef\u00a0:<strong> <a href=\"https:\/\/cuisine.journaldesfemmes.fr\/chefs-et-gastronomie\/2704155-sarah-mainguy-prix-du-jeune-talent-gault-et-millau-pour-la-cheffe-engagee\/\" title=\"Sarah Top chef\">Sarah Mainguy<\/a><\/strong>. Cette derni\u00e8re lui a d&rsquo;ailleurs donn\u00e9 beaucoup de conseils, notamment pour mieux g\u00e9rer l&rsquo;effet \u00ab\u00a0Top Chef\u00a0\u00bb sur les r\u00e9servations dans son restaurant.<em> \u00ab\u00a0On a un logiciel qui permet de n&rsquo;ouvrir les r\u00e9servations que pour le mois en cours. \u00c7a \u00e9vite que les gens soient frustr\u00e9s de ne pas pouvoir venir manger avant plusieurs mois\u00a0\u00bb,<\/em> nous explique Lucie.<\/p>\n<h3>Son poulet de mam\u00e9 \u00e0 la carte de S\u00e9pia<\/h3>\n<p>Durant Top Chef, Lucie s&rsquo;est particuli\u00e8rement illustr\u00e9e lors de l&rsquo;\u00e9preuve autour du poulet r\u00f4ti d&rsquo;<a href=\"https:\/\/cuisine.journaldesfemmes.fr\/chefs-et-gastronomie\/1430684-alexandre-gauthier-va-coacher-les-candidats-de-top-chef\/\" title=\"Alexandre Gauthier\">Alexandre Gauthier<\/a>, \u00e0 tel point que la cheffe proposera son plat, le Puolet de Mam\u00e9, \u00e0 la carte de son restaurant S\u00e9pia d\u00e8s cette semaine.<em> \u00ab\u00a0On est en train de <strong>changer les formules<\/strong> pour laisser libre-court \u00e0 la cr\u00e9ativit\u00e9, et cette assiette s&rsquo;int\u00e9grera parfaitement dans le menu Omakase.\u00a0\u00bb<\/em><\/p>\n<h3>Glenn Viel l&rsquo;a aid\u00e9e \u00e0 se l\u00e2cher<\/h3>\n<p>Le concours Top Chef a aid\u00e9 Lucie \u00e0 <strong>prendre confiance<\/strong> en elle et assumer sa cuisine. Son chef de brigade<strong> <a href=\"https:\/\/cuisine.journaldesfemmes.fr\/chefs-et-gastronomie\/2671963-glenn-viel-ce-livre-vous-explique-ce-qu-il-se-passe-dans-la-tete-du-chef\/\" title=\"Glenn Viel\">Glenn Viel<\/a><\/strong> n&rsquo;est d&rsquo;ailleurs pas \u00e9tranger \u00e0 ce<strong> l\u00e2cher prise.<\/strong> <em>\u00ab\u00a0C&rsquo;est quelqu&rsquo;un de tr\u00e8s bienveillant, il m&rsquo;a donn\u00e9 confiance sur beaucoup de choses et m&rsquo;a surtout r\u00e9p\u00e9t\u00e9 que j&rsquo;avais le droit d&rsquo;\u00eatre qui j&rsquo;\u00e9tais.\u00a0\u00bb<\/em><\/p>\n<h3>Elle a un tatouage en commun avec les autres candidats<\/h3>\n<p>Comme nous l&rsquo;avait confi\u00e9 une autre candidate, <strong>Tania Caddedu,<\/strong> la plupart des <a href=\"https:\/\/cuisine.journaldesfemmes.fr\/chefs-et-gastronomie\/2705033-candidats-de-top-chef-qui-n-a-pas-convaincu-le-jury-ce-mercredi\/\" title=\"Candidat de Top Chef\">candidats de Top Chef<\/a> saison 13\u00a0ont un tatouage en commun. C&rsquo;est le cas de Lucie qui, comme beaucoup d&rsquo;autres, a accept\u00e9 de se faire tatouer le mot \u00ab\u00a0<strong>Treize<\/strong>\u00a0\u00bb par sa camarade Louise. <em>\u00ab\u00a0C&rsquo;est parti d&rsquo;un <strong>gros d\u00e9lire<\/strong>\u00a0! C&rsquo;est une dinguerie qui repr\u00e9sente bien notre aventure, on \u00e9tait tous tr\u00e8s soud\u00e9s\u00a0\u00bb,<\/em> assure Lucie.<\/p>\n<h3>Elle a \u00e9t\u00e9 soulag\u00e9e de parler \u00e0 Alexandre Mazzia<\/h3>\n<p>Si la venue de grands chefs invit\u00e9s sur le plateau a impressionn\u00e9 Lucie, la jeune femme esp\u00e9rait surtout revoir<strong> Alexandre Mazzia<\/strong>. Ce dernier lui avait propos\u00e9 un poste dans son restaurant que la jeune cheffe a refus\u00e9, avant de partir du jour au lendemain sans donner d&rsquo;explication. Une <strong>erreur de jeunesse <\/strong>pour laquelle Lucie tenait \u00e0 s&rsquo;excuser, ce qu&rsquo;elle a pu faire lors de la venue de<strong> la cheffe triplement \u00e9toil\u00e9e<\/strong>. <em>\u00ab\u00a0\u00c7a m&rsquo;a fait beaucoup de bien, j&rsquo;\u00e9tais ravie de le revoir. C&rsquo;\u00e9tait quelque chose que je portais en moi depuis longtemps et le fait de le verbaliser m&rsquo;a lib\u00e9r\u00e9e.\u00a0\u00bb<\/em><\/p>\n<h3>Elle raffole de la coriandre<\/h3>\n<p>Le p\u00e9ch\u00e9 mignon de Lucie\u00a0? La <strong><a href=\"https:\/\/cuisine.journaldesfemmes.fr\/encyclopedie-produits\/1955989-coriandre\/\" title=\"Coriandre\">coriandre<\/a>\u00a0<\/strong>! <em>\u00ab\u00a0J&rsquo;adore en manger simplement avec du pain et du beurre&#8230; Vous devriez essayer, c&rsquo;est super au petit-d\u00e9jeuner ou \u00e0 l&rsquo;ap\u00e9ro\u00a0\u00bb,<\/em> nous soutient-elle. <em>\u00ab\u00a0J&rsquo;en ai toutes les semaines en provenance de chez ma <strong>super mara\u00eech\u00e8re <\/strong>qui me <a href=\"http:\/\/www.affinite.fr\/index.php\/2023\/08\/24\/lart-de-la-glace-transforme-en-business-la-vision-unique-de-fabien-gris\/\">livre<\/a> d&rsquo;\u00e9normes bottes\u00a0\u00bb,<\/em> se r\u00e9jouit-elle.<\/p>\n<h3>Elle a\u00a0regard\u00e9\u00a0l&rsquo;\u00e9mission avec les autres candidats<\/h3>\n<p>Le mercredi soir, Lucie n&rsquo;a pas le temps de regarder les \u00e9pisodes de Top Chef. Mais elle compte bien rattraper son retard lors d&rsquo;une r\u00e9union avec les autres candidats. <em>\u00ab\u00a0On aimerait visionner \u00e7a tous ensemble <strong>une fois que la diffusion sera termin\u00e9e<\/strong>\u00ab\u00a0<\/em>, nous confie-t-elle.\u00a0<\/p>\n<h2 id=\"quel-est-le-parcours-de-sebastien-renard-\">Quel est le parcours de Lucie Berthier Gembara\u00a0?<\/h2>\n<p>Contrairement \u00e0 nombre de chefs, Lucie Berthier Gembara, la trentaine pass\u00e9e, a commenc\u00e9 son apprentissage relativement tard. C&rsquo;est apr\u00e8s un Master en commerce international, alors qu&rsquo;elle vit aux \u00c9tats-Unis, que le d\u00e9clic se produit. <em>\u00ab\u00a0Je travaillais dans le <strong>marketing <\/strong>en tant que chef de projet, mais \u00e7a ne me plaisait pas vraiment<\/em>\u00ab\u00a0. Ses colocs<strong> appr\u00e9cient beaucoup sa<\/strong> <strong>cuisine<\/strong>, et elle d\u00e9cide de suivre son envie profonde\u2026 <em>\u00ab\u00a0J&rsquo;ai saisi l&rsquo;opportunit\u00e9 de reprendre mes \u00e9tudes pour me lancer\u00a0\u00bb<\/em>. <strong>Changement de cap<\/strong>, donc, et direction Lyon o\u00f9 elle int\u00e8gre l&rsquo;Institut Paul Bocuse. Sa premi\u00e8re exp\u00e9rience en cuisine est difficile, dans une brigade o\u00f9 elle souffre de <strong>sexisme<\/strong>, voire de harc\u00e8lement. <em>\u00ab\u00a0<strong>J&rsquo;ai beaucoup pris sur moi<\/strong>. Je savais que ces stages ne dureraient qu&rsquo;un certain temps\u00a0\u00bb.<\/em><\/p>\n<p>Elle poursuit son parcours che<strong>z G\u00e9rald Pass\u00e9dat au Petit Nice<\/strong> (trois \u00e9toiles), puis chez Alexandre Mazzia \u00e0 Marseille (trois \u00e9toiles \u00e9galement), qu&rsquo;elle qualifie de p\u00e8re spirituel.\u00a0 Mais Lucie est peut-\u00eatre encore trop immature et quand le Chef lui propose de prendre des responsabilit\u00e9s dans son \u00e9tablissement,<strong> elle s&rsquo;affole et s&rsquo;en va<\/strong>. Aujourd&rsquo;hui, elle le regrette et r\u00eave de pouvoir lui montrer qu&rsquo;elle a chang\u00e9. C&rsquo;est qu&rsquo;entre-temps, elle est <strong>retourn\u00e9e \u00e0 Nantes<\/strong>, pr\u00e8s de sa famille, a eu un fils et a ouvert son propre restaurant, S\u00e9pia, en juillet 2019. Aujourd&rsquo;hui, avec son compagnon, Martin, mara\u00eecher, elle aimerait proposer une <strong>offre de restauration \u00e0 la ferme <\/strong>et d\u00e9velopper une conserverie pour <a href=\"http:\/\/www.affinite.fr\/index.php\/2023\/07\/29\/valoriser-ses-invendus-une-demarche-ecologique-et-rentable-pour-les-marchands-de-fruits\/\">valoriser<\/a> les reliquats de sa production. Elle r\u00eave aussi d&rsquo;\u00e9toffer sa brigade.\u00a0<\/p>\n<h2 id=\"ou-se-trouve-le-restaurant-de-sebastien-renard-\">O\u00f9 se trouve les restaurants de Lucie Berthier Gembara\u00a0?<\/h2>\n<p>Le Sepia se trouve \u00e0 <strong>Nantes<\/strong>, dans le quartier Bouffay. Son nom lui vient d&rsquo;un souvenir d&rsquo;enfance\u00a0: petite, Lucie passait ses vacances d&rsquo;\u00e9t\u00e9 aupr\u00e8s de son grand-p\u00e8re, restaurateur, \u00e0 p\u00eacher la seiche sur le <strong>bassin d&rsquo;Arcachon<\/strong>. Ensemble, en pr\u00e9parant les seiches, ils pr\u00e9servaient la poche contenant l&rsquo;encre \u2013 la sepia &#8211; pour colorer le riz et les p\u00e2tes. En d\u00e9cembre 2022, la cheffe inaugure une nouvelle adresse, <strong>Popy<\/strong>, o\u00f9 elle propose six recettes de hots-dogs en version bio et locale.<\/p>\n<h2 id=\"quel-est-son-type-de-cuisine-\">Quel est son type de cuisine\u00a0?<\/h2>\n<p>Engag\u00e9e, Lucie pr\u00f4ne une cuisine raisonn\u00e9e. Elle ne s&rsquo;approvisionne, dans son restaurant, qu&rsquo;avec des<strong> mara\u00eechers locaux<\/strong>, et tend vers le z\u00e9ro d\u00e9chet. \u00c0 sa carte, <strong>des plats pr\u00e9cis et d\u00e9licats<\/strong>, avec une pr\u00e9dominance du v\u00e9g\u00e9tal, qu&rsquo;elle adore, mais aussi des notes marines, et des influences m\u00e9diterran\u00e9ennes, fruit de son pass\u00e9 \u00e0 Marseille. <em>\u00ab\u00a0Les \u00e9pices, les traceurs de la cuisine proven\u00e7ale et plus largement levantine sont l&rsquo;ADN de mes plats\u00a0\u00bb<\/em>.\u00a0Dans Top Chef, elle n&rsquo;h\u00e9sitera pas \u00e0 affirmer ses partis pris: \u00ab\u00a0<em>Ce que je veux, c&rsquo;est <strong>percuter les chefs<\/strong><\/em>\u00ab\u00a0.<\/p>\n<h2 id=\"son-instagram\">Son Instagram<\/h2>\n<p>Sur son compte @l<a href=\"https:\/\/www.instagram.com\/lucieberthiergembara\/\">ucieberthiergembara<\/a>,\u00a0Lucie aime mettre en avant les beaux produits qu&rsquo;elle travaille, et salue ses producteurs (sp\u00e9ciale d\u00e9dicace \u00e0 ses poules, Opot et Nugget). Elle poste principalement des <strong>visuels <\/strong>de ses <strong>plats <\/strong>tr\u00e8s <strong>graphiques<\/strong>, dans de la vaisselle en c\u00e9ramique fabriqu\u00e9e par des artisan.es locales, of course. Durant les confinements, son restaurant est rest\u00e9 actif avec des formules \u00e0 emporter, et elle a cuisin\u00e9 pour r\u00e9galer les soignants. M\u00eame dans des barquettes en carton, on valide\u00a0!<\/p>\n<\/p><\/div>\n<p><script async defer src=\"https:\/\/platform.instagram.com\/en_US\/embeds.js\"><\/script><br \/>\n<br \/>[ad_2]<br \/>\n<br \/><a href=\"https:\/\/cuisine.journaldesfemmes.fr\/chefs-et-gastronomie\/2781469-lucie-berthier-gembara-la-top-chef-a-ouvert-une-adresse-street-food\/\">Source link <\/a><\/p>\n","protected":false},"excerpt":{"rendered":"<p>[ad_1] R\u00e9v\u00e9l\u00e9e au grand public par l&rsquo;\u00e9mission Top Chef, Lucie Berthier Gembara est avant tout la cheffe de son propre &hellip; <a href=\"http:\/\/www.affinite.fr\/index.php\/2023\/04\/07\/la-cheffe-nantaise-de-top-chef\/\" class=\"more-link\">Plus <span class=\"screen-reader-text\">la cheffe nantaise de Top Chef<\/span> <span class=\"meta-nav\">&rarr;<\/span><\/a><\/p>\n","protected":false},"author":1,"featured_media":9026,"comment_status":"","ping_status":"open","sticky":false,"template":"","format":"standard","meta":{"_sitemap_exclude":false,"_sitemap_priority":"","_sitemap_frequency":"","footnotes":""},"categories":[1],"tags":[],"class_list":["post-9025","post","type-post","status-publish","format-standard","has-post-thumbnail","hentry","category-tous"],"_links":{"self":[{"href":"http:\/\/www.affinite.fr\/index.php\/wp-json\/wp\/v2\/posts\/9025"}],"collection":[{"href":"http:\/\/www.affinite.fr\/index.php\/wp-json\/wp\/v2\/posts"}],"about":[{"href":"http:\/\/www.affinite.fr\/index.php\/wp-json\/wp\/v2\/types\/post"}],"author":[{"embeddable":true,"href":"http:\/\/www.affinite.fr\/index.php\/wp-json\/wp\/v2\/users\/1"}],"replies":[{"embeddable":true,"href":"http:\/\/www.affinite.fr\/index.php\/wp-json\/wp\/v2\/comments?post=9025"}],"version-history":[{"count":0,"href":"http:\/\/www.affinite.fr\/index.php\/wp-json\/wp\/v2\/posts\/9025\/revisions"}],"wp:featuredmedia":[{"embeddable":true,"href":"http:\/\/www.affinite.fr\/index.php\/wp-json\/wp\/v2\/media\/9026"}],"wp:attachment":[{"href":"http:\/\/www.affinite.fr\/index.php\/wp-json\/wp\/v2\/media?parent=9025"}],"wp:term":[{"taxonomy":"category","embeddable":true,"href":"http:\/\/www.affinite.fr\/index.php\/wp-json\/wp\/v2\/categories?post=9025"},{"taxonomy":"post_tag","embeddable":true,"href":"http:\/\/www.affinite.fr\/index.php\/wp-json\/wp\/v2\/tags?post=9025"}],"curies":[{"name":"wp","href":"https:\/\/api.w.org\/{rel}","templated":true}]}}