{"id":9000,"date":"2023-03-29T20:39:04","date_gmt":"2023-03-29T20:39:04","guid":{"rendered":"https:\/\/www.affinite.fr\/index.php\/2023\/03\/29\/7-choses-que-vous-ne-saviez-pas-sur-la-star-qui-fete-ses-55-ans-on-prend-clairement-les-paris\/"},"modified":"2023-03-29T20:39:04","modified_gmt":"2023-03-29T20:39:04","slug":"7-choses-que-vous-ne-saviez-pas-sur-la-star-qui-fete-ses-55-ans-on-prend-clairement-les-paris","status":"publish","type":"post","link":"http:\/\/www.affinite.fr\/index.php\/2023\/03\/29\/7-choses-que-vous-ne-saviez-pas-sur-la-star-qui-fete-ses-55-ans-on-prend-clairement-les-paris\/","title":{"rendered":"7\u00a0choses que vous ne saviez pas sur la star qui f\u00eate ses 55\u00a0ans\u00a0! (on prend clairement les paris)"},"content":{"rendered":"<p> [ad_1]<br \/>\n<br \/><img decoding=\"async\" src=\"https:\/\/img-3.journaldesfemmes.fr\/WLbRodwihbTtFML7VkHkQ5-LQFE=\/1280x\/smart\/340a3b23519a41238ff0cc2a52e5aa27\/ccmcms-jdf\/39604154.jpg\" \/><\/p>\n<p>\n                C\u00e9line Dion, qui souffre du syndrome de Stiff, ne donne plus de nouvelles mais, ce 30\u00a0mars, la star f\u00eate ses 55\u00a0ans. L&rsquo;occasion en or pour sortir du silence et rassurer ses fans sur son \u00e9tat de sant\u00e9 au coeur de toutes les rumeurs\u00a0? En attendant, voici 7\u00a0choses \u00e0 savoir que la chanteuse\u00a0!            <\/p>\n<div>\n<p>Quelle vie, quelle carri\u00e8re&#8230; Des tubes en pagaille (<em>Pour que tu m&rsquo;aimes encore<\/em>, <em>Parler \u00e0 mon p\u00e8re<\/em>, <em>Encore un soir<\/em>, <em>S&rsquo;il suffisait d&rsquo;aimer, My Heart Will\u00a0Go On<\/em>&#8230;), des r\u00e9compenses aux quatre coins du monde (Grammy Awards, Victoire de la Musique, Juno&#8230;), une histoire d&rsquo;amour culte (avec le d\u00e9funt Ren\u00e9 Ang\u00e9lil), des r\u00e9sidences tr\u00e8s lucratives \u00e0 Las Vegas (au <em>Caesars Palace<\/em>)&#8230; <strong><a href=\"https:\/\/www.journaldesfemmes.fr\/people\/personnalites\/2559600-celine-dion\/\" title=\"C\u00e9line Dion\">C\u00e9line Dion<\/a> <\/strong>s&rsquo;est trac\u00e9e un destin exceptionnel et\u00a0si, depuis ses d\u00e9buts dans le show business dans les ann\u00e9es 1980, le grand public croit tout savoir d&rsquo;elle, il y a encore quelques faits v\u00e9ritablement connus des fans purs et durs&#8230;<\/p>\n<p>Alors que C\u00e9line Dion souffle une bougie de plus ce jeudi 30 mars 2023, voici 7<strong>\u00a0choses que vous ne saviez (peut-\u00eatre) pas sur la diva qu\u00e9b\u00e9coise<\/strong> !\u00a0<\/p>\n<ul>\n<li><strong>C\u00e9line Dion a d\u00e9j\u00e0 chant\u00e9 en espagnol<\/strong>. La diva est connue aux quatre coins du monde et chante en deux langues\u00a0: fran\u00e7ais et anglais. Mais, sur l&rsquo;album <em>A New Day Has Come<\/em>, on peut l&rsquo;entendre aussi chanter en espagnol sur le titre <em>A\u00f9n Existe Amor <\/em>(reprise de <em>L&rsquo;Amour existe encore<\/em>).<\/li>\n<li><strong>C\u00e9line Dion impliqu\u00e9e dans les JO de\u00a0Paris<\/strong>. Non, vous ne r\u00eavez pas, la diva devait bien mettre son grain de sel dans les Jeux Olympiques de Paris mais ceux de&#8230; 2012. Quand la ville \u00e9tait d\u00e9j\u00e0 candidate, elle avait accept\u00e9 d&rsquo;enregistrer une reprise de la chanson <em>A Paris<\/em>, Francis Lemarque. Malheureusement, cela n&rsquo;avait pas suffit pour l&#8217;emporter, le comit\u00e9 pr\u00e9f\u00e9rant\u00a0donner les JO \u00e0 Londres.<\/li>\n<\/ul>\n<ul>\n<li><strong>C\u00e9line Dion a \u00e9t\u00e9 hu\u00e9e sur sc\u00e8ne \u00e0 cause de Ren\u00e9<\/strong>\u00a0! En effet, avant de devenir une star internationale applaudie partout sur la plan\u00e8te, la chanteuse a multipli\u00e9 les petites sc\u00e8nes et les petites salles. En 1988, aux pr\u00e9mices de sa carri\u00e8re am\u00e9ricaine, elle se produit \u00e0 Toronto pour la Saint-Jean-Baptiste. Son manager, Ren\u00e9 Ang\u00e9lil, invite des cadres de Sony-Canada et Sony-USA pour que C\u00e9line d\u00e9voile ses talents en anglais. Tr\u00e8s mauvaise id\u00e9e : elle avait \u00e9t\u00e9 convi\u00e9e \u00e0 chanter par la communaut\u00e9 francophone de Toronto &#8211; au Harbour Front &#8211; et le fait qu&rsquo;elle ne chante pas en fran\u00e7ais lors de cette f\u00eate a \u00e9t\u00e9 tr\u00e8s mal re\u00e7u. \u00ab\u00a0<em><strong>Quand C\u00e9line a chant\u00e9 en anglais, ils l&rsquo;ont copieusement hu\u00e9e (&#8230;) C\u00e9line \u00e9tait visiblement d\u00e9contenanc\u00e9e<\/strong><\/em>\u00ab\u00a0, peut-on lire dans la biographie officielle sign\u00e9e de Georges-H\u00e9bert Germain. Ce qui servira de le\u00e7on \u00e0 Ren\u00e9, lequel mettra toujours le Qu\u00e9bec\u00a0\u00e0 l&rsquo;honneur par la suite dans la carri\u00e8re de la chanteuse.<\/li>\n<li><strong>C\u00e9line Dion est accro au beurre de cacahu\u00e8tes<\/strong> ! R\u00e9put\u00e9e pour sa fine silhouette, qui lui a valu ces derni\u00e8res ann\u00e9es d&rsquo;\u00eatre l&rsquo;objet de rumeurs d&rsquo;anorexie, la chanteuse ne refuse pourtant pas de succomber aux plaisirs de la table. Si l&rsquo;on sait qu&rsquo;avec son d\u00e9funt mari elle aimait manger du couscous &#8211; une r\u00e9v\u00e9lation que l&rsquo;on doit \u00e0 <em>C \u00e0 vous<\/em> &#8211; la diva est surtout accro au beurre de cacahu\u00e8tes, avait-elle confi\u00e9 en 2019 \u00e0 <em>CBS Morning<\/em>. C\u00f4t\u00e9 nourriture, elle est aussi devenue propri\u00e9taire de l&rsquo;enseigne\u00a0<em>Schwartz&rsquo;s<\/em> \u00e0 Montr\u00e9al.<\/li>\n<li><strong>C\u00e9line Dion a \u00e9chapp\u00e9 \u00e0 la mort \u00e0 seulement 2 ans<\/strong>. La diva a v\u00e9cu une enfance heureuse avec ses fr\u00e8res et soeurs dans sa province de Charlemagne, au Qu\u00e9bec, mais, pourtant, elle est pass\u00e9e pas\u00a0loin du drame. \u00ab\u00a0<em>A deux ans, elle est renvers\u00e9e par une voiture dans la cour de la maison <\/em>[le chauffard est un membre de la p\u00e8gre local, ndlr]<em>. Tous la donnent pour morte ; elle n&rsquo;aura qu&rsquo;une l\u00e9g\u00e8re commotion c\u00e9r\u00e9brale m\u00eame si les m\u00e9decins avoueront qu&rsquo;elle n&rsquo;est pas pass\u00e9e loin de la catastrophe<\/em>\u00ab\u00a0, lit-on dans le <a href=\"http:\/\/www.affinite.fr\/index.php\/2023\/08\/24\/lart-de-la-glace-transforme-en-business-la-vision-unique-de-fabien-gris\/\">livre<\/a> <em>C\u00e9line Dion, entre r\u00eave et r\u00e9alit\u00e9<\/em> que lui consacrait Lo\u00efc Tremblay.<\/li>\n<li><strong>C\u00e9line Dion poss\u00e8de un jet priv\u00e9<\/strong>. La star a fait fortune avec ses chansons, ses tourn\u00e9es mais aussi le merchandising et ses multiples contrats avec des marques (L&rsquo;Or\u00e9al, Air Canada, Chrysler&#8230;). Aujourd&rsquo;hui, sa fortune est estim\u00e9e par Forbes \u00e0 470 millions de dollars. Alors, apr\u00e8s avoir longtemps utilis\u00e9 le jet priv\u00e9 du groupe <em>Caesars Palace<\/em>, la star aurait achet\u00e9 un jet de la compagnie Bombardier pour la somme de 42 millions de dollars. Le mod\u00e8le choisi ? Un\u00a0Global Express XRS.<\/li>\n<li><strong>C\u00e9line Dion a autoris\u00e9 qu&rsquo;une de ses chansons serve \u00e0 une campagne \u00e9lectorale<\/strong>. En effet, si la star n&rsquo;a jamais ouvertement pris position en politique, tout porte \u00e0 croire qu&rsquo;elle penche du c\u00f4t\u00e9 des D\u00e9mocrates aux Etats-Unis. Sa chanson\u00a0<em>You and I <\/em>avait ainsi servie de bande-son \u00e0 la campagne de la s\u00e9natrice <a href=\"https:\/\/www.journaldesfemmes.fr\/people\/hillary-clinton\/\" title=\"Hillary Clinton\">Hillary Clinton<\/a>, envie de l&rsquo;\u00e9lection pr\u00e9sidentielle de 2008.<\/li>\n<\/ul><\/div>\n<p>[ad_2]<br \/>\n<br \/><a href=\"https:\/\/www.journaldesfemmes.fr\/people\/actus\/2872955-celine-dion-age-anniversaire-scoops-actualite\/\">Source link <\/a><\/p>\n","protected":false},"excerpt":{"rendered":"<p>[ad_1] C\u00e9line Dion, qui souffre du syndrome de Stiff, ne donne plus de nouvelles mais, ce 30\u00a0mars, la star f\u00eate &hellip; <a href=\"http:\/\/www.affinite.fr\/index.php\/2023\/03\/29\/7-choses-que-vous-ne-saviez-pas-sur-la-star-qui-fete-ses-55-ans-on-prend-clairement-les-paris\/\" class=\"more-link\">Plus <span class=\"screen-reader-text\">7\u00a0choses que vous ne saviez pas sur la star qui f\u00eate ses 55\u00a0ans\u00a0! (on prend clairement les paris)<\/span> <span class=\"meta-nav\">&rarr;<\/span><\/a><\/p>\n","protected":false},"author":1,"featured_media":9001,"comment_status":"","ping_status":"open","sticky":false,"template":"","format":"standard","meta":{"_sitemap_exclude":false,"_sitemap_priority":"","_sitemap_frequency":"","footnotes":""},"categories":[1],"tags":[],"class_list":["post-9000","post","type-post","status-publish","format-standard","has-post-thumbnail","hentry","category-tous"],"_links":{"self":[{"href":"http:\/\/www.affinite.fr\/index.php\/wp-json\/wp\/v2\/posts\/9000"}],"collection":[{"href":"http:\/\/www.affinite.fr\/index.php\/wp-json\/wp\/v2\/posts"}],"about":[{"href":"http:\/\/www.affinite.fr\/index.php\/wp-json\/wp\/v2\/types\/post"}],"author":[{"embeddable":true,"href":"http:\/\/www.affinite.fr\/index.php\/wp-json\/wp\/v2\/users\/1"}],"replies":[{"embeddable":true,"href":"http:\/\/www.affinite.fr\/index.php\/wp-json\/wp\/v2\/comments?post=9000"}],"version-history":[{"count":0,"href":"http:\/\/www.affinite.fr\/index.php\/wp-json\/wp\/v2\/posts\/9000\/revisions"}],"wp:featuredmedia":[{"embeddable":true,"href":"http:\/\/www.affinite.fr\/index.php\/wp-json\/wp\/v2\/media\/9001"}],"wp:attachment":[{"href":"http:\/\/www.affinite.fr\/index.php\/wp-json\/wp\/v2\/media?parent=9000"}],"wp:term":[{"taxonomy":"category","embeddable":true,"href":"http:\/\/www.affinite.fr\/index.php\/wp-json\/wp\/v2\/categories?post=9000"},{"taxonomy":"post_tag","embeddable":true,"href":"http:\/\/www.affinite.fr\/index.php\/wp-json\/wp\/v2\/tags?post=9000"}],"curies":[{"name":"wp","href":"https:\/\/api.w.org\/{rel}","templated":true}]}}