{"id":8996,"date":"2023-03-28T20:36:47","date_gmt":"2023-03-28T20:36:47","guid":{"rendered":"https:\/\/www.affinite.fr\/index.php\/2023\/03\/28\/a-quoi-sert-lunicef-pour-la-sante\/"},"modified":"2023-03-28T20:36:47","modified_gmt":"2023-03-28T20:36:47","slug":"a-quoi-sert-lunicef-pour-la-sante","status":"publish","type":"post","link":"http:\/\/www.affinite.fr\/index.php\/2023\/03\/28\/a-quoi-sert-lunicef-pour-la-sante\/","title":{"rendered":"A quoi sert l&rsquo;Unicef\u00a0? Pour la sant\u00e9\u00a0?"},"content":{"rendered":"<p> [ad_1]<br \/>\n<\/p>\n<p>\n                L&rsquo;Unicef ou Fonds des Nations unies pour l&rsquo;enfance est une association destin\u00e9e \u00e0 la protection des conditions et des droits des enfants. Elle oeuvre notamment pour la sant\u00e9 des enfants dans le monde (vaccination, soins, lutte contre les maladies, transport de m\u00e9dicaments&#8230;).            <\/p>\n<div>\n<aside class=\"ccmsummary marqueur_module ccmcss_cms_summary ccmcss_cms_summary--right\">\n<p>Sommaire<\/p>\n<\/aside>\n<p>L&rsquo;Unicef est la <strong>premi\u00e8re organisation en faveur de l&rsquo;enfance<\/strong> et du respect de ses droits dans le monde. <strong>Fond\u00e9e en 1946<\/strong> (1964 pour la branche fran\u00e7aise) par les Nations Unies, elle est actuellement pr\u00e9sente dans <strong>190 pays et territoires. <\/strong>Ses domaines d&rsquo;action touchent l<strong>&lsquo;\u00e9ducation, la sant\u00e9, la protection des enfants, la nutrition&#8230; <\/strong>L&rsquo;Unicef agit \u00e9galement en situation de crises (conflits, guerre, \u00e9pid\u00e9mie). Quelle est la signification d&rsquo;Unicef ? Quel est le <strong>r\u00f4le de l&rsquo;Unicef<\/strong> ? Ses domaines d&rsquo;intervention ? Comment devenir membre et\/ou <strong>faire un don<\/strong> ?\u00a0<\/p>\n<h2 id=\"cest-quoi-lunicef-\">C&rsquo;est quoi l&rsquo;Unicef ?\u00a0<\/h2>\n<p>L&rsquo;Unicef est cr\u00e9\u00e9 par l&rsquo;Assembl\u00e9e g\u00e9n\u00e9rale des Nations unies le 11 d\u00e9cembre 1946 \u00e0 la sortie de la Deuxi\u00e8me Guerre Mondiale pour prendre soin des enfants victimes du conflit.<strong> Son si\u00e8ge est \u00e0 New York<\/strong>, aux Etats-Unis. L&rsquo;Unicef France (qui fait partie de l&rsquo;Unicef), dont le si\u00e8ge est \u00e0 Paris, est une <strong>association <\/strong>reconnue d&rsquo;utilit\u00e9 publique en d\u00e9cembre 1970.<\/p>\n<p>\u25ba 1951 : <strong>premi\u00e8re campagne de vaccination<\/strong> contre la tuberculose ; 14 millions d&rsquo;enfants vaccin\u00e9s.<\/p>\n<p>\u25ba 1959 : Les Nations unies et l&rsquo;Unicef adoptent la <strong>D\u00e9claration des <a href=\"https:\/\/www.journaldesfemmes.fr\/maman\/guide-des-parents\/2576219-journee-droits-de-l-enfant-pourquoi-est-elle-aussi-importante-2023\/\" title=\"Droits de l'enfant\">droits de l&rsquo;enfant<\/a>.<\/strong><\/p>\n<p>\u25ba 1964 : Cr\u00e9ation de la <strong>branche fran\u00e7aise de l&rsquo;Unicef.<\/strong><\/p>\n<p>\u25ba 1965 : L&rsquo;Unicef re\u00e7oit le <strong>prix Nobel de la paix<\/strong><\/p>\n<p>\u25ba 1989 : Adoption de la <strong>Convention Internationale des Droits de l&rsquo;Enfant<\/strong> (<a href=\"https:\/\/www.unicef.fr\/wp-content\/uploads\/2022\/07\/convention-des-droits-de-lenfant.pdf\" target=\"_blank\" rel=\"noopener\">CIDE<\/a>), trait\u00e9 \u00e0 la base du travail de l&rsquo;Unicef.<\/p>\n<p>Depuis 75 ans, l&rsquo;Unicef fonde son action sur 5 valeurs fondamentales : la bienveillance, le respect, l&rsquo;int\u00e9grit\u00e9, la confiance et la responsabilit\u00e9.\u00a0A date, l&rsquo;Unicef France comptabilise <strong>500\u00a0000\u00a0donateurs, 5500\u00a0b\u00e9n\u00e9voles et 150 entreprises partenaires.<\/strong><\/p>\n<h2 id=\"qui-est-le-fondateurlunicef-\">Qui est le fondateur\u00a0l&rsquo;Unicef ?<\/h2>\n<p>L&rsquo;Unicef est cr\u00e9\u00e9 par l&rsquo;Assembl\u00e9e g\u00e9n\u00e9rale des Nations unies et <strong>Ludwik Rajchman<\/strong> (un m\u00e9decin et bact\u00e9riologiste polonais) qui en fut le premier pr\u00e9sident.<\/p>\n<h2 id=\"que-signifie-unicef\">Que signifie UNICEF\u00a0?<\/h2>\n<p>L&rsquo;acronyme\u00a0Unicef signifie \u00ab\u00a0<strong>United Nations International Children&rsquo;s Emergency Fund<\/strong>\u00ab\u00a0, soit Fonds des Nations unies pour l&rsquo;enfance.<\/p>\n<h2 id=\"quel-est-le-logo-de-lunicef-\">Quel est le logo de l&rsquo;Unicef ?<\/h2>\n<div style=\"text-align:center\">\n<figure class=\"image\" style=\"display:inline-block\"><a class=\"fancy\" href=\"https:\/\/img-3.journaldesfemmes.fr\/Y1O52qnX6VHMjg6IS8KVdxxSQk8=\/1080x\/smart\/2888ccad95994488a2ea5b58f3a3a360\/ccmcms-jdf\/39602848.jpg\"><img decoding=\"async\" alt=\"Logo de l'Unicef\" src=\"https:\/\/img-3.journaldesfemmes.fr\/tGvTl8PcWjVd9IExawXwadYkGEw=\/450x\/smart\/2888ccad95994488a2ea5b58f3a3a360\/ccmcms-jdf\/39602848.jpg\"\/><\/a><figcaption data-credit=\"HERMANN J. KNIPPERTZ\/AP\/SIPA\" data-legend=\"Logo de l'Unicef\">Logo de l&rsquo;Unicef <small>\u00a9\u00a0HERMANN J. KNIPPERTZ\/AP\/SIPA<\/small><\/figcaption><\/figure>\n<\/div>\n<h2 id=\"quel-est-le-role-de-lunicef-\">Quel est le r\u00f4le de l&rsquo;Unicef ?<\/h2>\n<p>L&rsquo;Unicef lutte pour <strong>les droits de chaque enfant\u00a0<\/strong>partout dans le monde.<\/p>\n<h2 id=\"quels-sont-les-domaines-dintervention-de-lunicef-\">Quels sont les domaines d&rsquo;intervention de l&rsquo;Unicef ?<\/h2>\n<p>L&rsquo;Unicef \u0153uvre en faveur de la sant\u00e9 et de la nutrition des enfants, de l&rsquo;eau salubre et de l&rsquo;assainissement, d&rsquo;une \u00e9ducation de qualit\u00e9 et du d\u00e9veloppement des comp\u00e9tences, de la pr\u00e9vention du <a href=\"https:\/\/sante.journaldesfemmes.fr\/fiches-maladies\/2515989-virus-vih-sida-definition-cause-consequence\/\" title=\"Sida\">VIH<\/a> et du traitement des m\u00e8res et de leurs b\u00e9b\u00e9s, ainsi que de la protection des enfants et des adolescents contre la violence et l&rsquo;exploitation. Voici les 7 domaines d&rsquo;action de l&rsquo;Unicef :<\/p>\n<ul>\n<li>La <strong>protection <\/strong>(enfants soldats, travail forc\u00e9, mariage pr\u00e9coce, <a href=\"https:\/\/www.journaldesfemmes.fr\/societe\/guide-pratique\/2687935-violences-sexuelles\/\" title=\"Agression sexuelle\">violences sexuelles<\/a>, maltraitances)<\/li>\n<li><strong>L&rsquo;\u00e9ducation\/\u00e9galit\u00e9\u00a0<\/strong>(fournir du mat\u00e9riel, am\u00e9liorer l&rsquo;acc\u00e8s \u00e0 l&rsquo;\u00e9cole, scolarisation des filles etc)<\/li>\n<li>La <strong>nutrition <\/strong>(lutte contre la <a href=\"https:\/\/sante.journaldesfemmes.fr\/fiches-nutrition\/2804697-malnutrition-symptomes-consequence-cause\/\" title=\"Malnutrition\">malnutrition<\/a> et les carences, allaitement maternel etc)<\/li>\n<li>Les <strong>situations d&rsquo;urgence<\/strong> : conflits, guerre, catastrophes naturelles, \u00e9pid\u00e9mies\u00a0(action humanitaire)<\/li>\n<li>L<strong>&lsquo;inclusion sociale<\/strong> : lutte contre la discrimination, inclusion des enfants handicap\u00e9s<\/li>\n<li>La <strong>sant\u00e9 <\/strong>: vaccination, pr\u00e9vention et soins de la m\u00e8re et du b\u00e9b\u00e9, lutte contre les maladies, transport de m\u00e9dicaments<\/li>\n<li><strong>Eau et hygi\u00e8ne<\/strong> : acc\u00e8s l&rsquo;eau potable, toilettes etc<\/li>\n<\/ul>\n<h2 id=\"qui-sont-les-beneficiaires-\">Qui sont les b\u00e9n\u00e9ficiaires de l&rsquo;Unicef ?<\/h2>\n<p><strong>Tous les enfants qui en ont besoin<\/strong> et plus particuli\u00e8rement les enfants isol\u00e9s, en situation de handicap, victimes des cons\u00e9quences du changement climatique, de crises humanitaires, les enfants d\u00e9racin\u00e9s, les enfants malades ou en situation de pr\u00e9carit\u00e9.<\/p>\n<p>Il est possible de s&rsquo;engager aupr\u00e8s de l&rsquo;Unicef de diff\u00e9rentes fa\u00e7ons :<\/p>\n<ul>\n<li>En devenant <strong>r\u00e9dacteur <\/strong>sur\u00a0<a href=\"https:\/\/france.ureport.in\/about\/\" target=\"_blank\" rel=\"noopener\">U-Report<\/a>, une\u00a0plateforme mondiale qui permet aux jeunes de participer au dialogue social et politique<\/li>\n<li>En rejoignant la <strong>communaut\u00e9 <\/strong><a href=\"https:\/\/www.voicesofyouth.org\/fr\" target=\"_blank\" rel=\"noopener\">La Voix des Jeunes<\/a><\/li>\n<li>En participant \u00e0 la <strong>Journ\u00e9e mondiale de l&rsquo;enfance<\/strong>, le 20 novembre<\/li>\n<li>En devenant <strong><a href=\"https:\/\/www.unicef.org\/careers\/fr\/volontaires-au-sein-de-lunicef\" target=\"_blank\" rel=\"noopener\">volontaire<\/a><\/strong>\u00a0sur des missions de l&rsquo;Unicef\u00a0<\/li>\n<\/ul>\n<p>Pour faire un don \u00e0 l&rsquo;Unicef, il est possible de le <strong>r\u00e9aliser <a href=\"https:\/\/don.unicef.fr\/don-ponctuel-old\/~mon-don?_cv=1\" target=\"_blank\" rel=\"noopener\">en ligne<\/a><\/strong>\u00a0par paiement bancaire. Vous pouvez \u00e9galement faire <strong>un achat sur la <a href=\"https:\/\/boutique-solidaire.com\/unicef\/\" target=\"_blank\" rel=\"noopener\">Boutique solidaire<\/a> <\/strong>de l&rsquo;Unicef.<\/p>\n<p>Source : site de l&rsquo;Unicef.<\/p>\n<\/p><\/div>\n<p>[ad_2]<br \/>\n<br \/><a href=\"https:\/\/sante.journaldesfemmes.fr\/fiches-sante-du-quotidien\/2906441-a-quoi-sert-l-unicef\/\">Source link <\/a><\/p>\n","protected":false},"excerpt":{"rendered":"<p>[ad_1] L&rsquo;Unicef ou Fonds des Nations unies pour l&rsquo;enfance est une association destin\u00e9e \u00e0 la protection des conditions et des &hellip; <a href=\"http:\/\/www.affinite.fr\/index.php\/2023\/03\/28\/a-quoi-sert-lunicef-pour-la-sante\/\" class=\"more-link\">Plus <span class=\"screen-reader-text\">A quoi sert l&rsquo;Unicef\u00a0? Pour la sant\u00e9\u00a0?<\/span> <span class=\"meta-nav\">&rarr;<\/span><\/a><\/p>\n","protected":false},"author":1,"featured_media":8997,"comment_status":"","ping_status":"open","sticky":false,"template":"","format":"standard","meta":{"_sitemap_exclude":false,"_sitemap_priority":"","_sitemap_frequency":"","footnotes":""},"categories":[1],"tags":[],"class_list":["post-8996","post","type-post","status-publish","format-standard","has-post-thumbnail","hentry","category-tous"],"_links":{"self":[{"href":"http:\/\/www.affinite.fr\/index.php\/wp-json\/wp\/v2\/posts\/8996"}],"collection":[{"href":"http:\/\/www.affinite.fr\/index.php\/wp-json\/wp\/v2\/posts"}],"about":[{"href":"http:\/\/www.affinite.fr\/index.php\/wp-json\/wp\/v2\/types\/post"}],"author":[{"embeddable":true,"href":"http:\/\/www.affinite.fr\/index.php\/wp-json\/wp\/v2\/users\/1"}],"replies":[{"embeddable":true,"href":"http:\/\/www.affinite.fr\/index.php\/wp-json\/wp\/v2\/comments?post=8996"}],"version-history":[{"count":0,"href":"http:\/\/www.affinite.fr\/index.php\/wp-json\/wp\/v2\/posts\/8996\/revisions"}],"wp:featuredmedia":[{"embeddable":true,"href":"http:\/\/www.affinite.fr\/index.php\/wp-json\/wp\/v2\/media\/8997"}],"wp:attachment":[{"href":"http:\/\/www.affinite.fr\/index.php\/wp-json\/wp\/v2\/media?parent=8996"}],"wp:term":[{"taxonomy":"category","embeddable":true,"href":"http:\/\/www.affinite.fr\/index.php\/wp-json\/wp\/v2\/categories?post=8996"},{"taxonomy":"post_tag","embeddable":true,"href":"http:\/\/www.affinite.fr\/index.php\/wp-json\/wp\/v2\/tags?post=8996"}],"curies":[{"name":"wp","href":"https:\/\/api.w.org\/{rel}","templated":true}]}}