{"id":8977,"date":"2023-03-22T23:43:57","date_gmt":"2023-03-22T23:43:57","guid":{"rendered":"https:\/\/www.affinite.fr\/index.php\/2023\/03\/22\/crepes-vertes-depinard-garnies-a-la-patate-douce-et-oeuf-sur-le-plat\/"},"modified":"2023-03-22T23:43:57","modified_gmt":"2023-03-22T23:43:57","slug":"crepes-vertes-depinard-garnies-a-la-patate-douce-et-oeuf-sur-le-plat","status":"publish","type":"post","link":"http:\/\/www.affinite.fr\/index.php\/2023\/03\/22\/crepes-vertes-depinard-garnies-a-la-patate-douce-et-oeuf-sur-le-plat\/","title":{"rendered":"Cr\u00eapes vertes d&rsquo;\u00e9pinard, garnies \u00e0 la patate douce et oeuf sur le plat"},"content":{"rendered":"<p> [ad_1]<br \/>\n<\/p>\n<div>\n<p><img itemprop=\"image\" class=\"aligncenter size-full wp-image-43498\" data-src=\"https:\/\/static.chefnini.com\/wp-content\/uploads\/2022\/11\/crepes-epinard-patate-douce-oeuf.jpg\" alt=\"\" width=\"500\" height=\"750\" srcset=\"https:\/\/static.chefnini.com\/wp-content\/uploads\/2022\/11\/crepes-epinard-patate-douce-oeuf.jpg 500w, https:\/\/static.chefnini.com\/wp-content\/uploads\/2022\/11\/crepes-epinard-patate-douce-oeuf-200x300.jpg 200w\" sizes=\"(max-width: 500px) 100vw, 500px\"\/><\/p>\n<p itemprop=\"description\">Ca fait bien longtemps que je ne suis pas pass\u00e9e par ici ! Pour \u00eatre honn\u00eate, j\u2019ai beaucoup de mal \u00e0 revenir et \u00e0 alimenter le blog. Comme j\u2019encha\u00eene les journ\u00e9es de shootings avec mes clients, j\u2019ai besoin de faire autre chose que cuisiner et shooter pendant mon temps libre. Alors forc\u00e9ment, mon blog en p\u00e2tit. Et j\u2019en suis vraiment d\u00e9sol\u00e9e !<\/p>\n<p>Cette recette, je l\u2019ai r\u00e9alis\u00e9e en automne dernier. Les cl\u00e9mentines sont un indice qui ne trompe pas. \ud83d\ude09 Mais la recette que je vous propose peut tout \u00e0 fait \u00eatre encore r\u00e9alis\u00e9e en ce moment.<\/p>\n<p>Ce sont des cr\u00eapes aux \u00e9pinards, ce qui donne cette jolie couleur. A l\u2019int\u00e9rieur : pur\u00e9e de patate douce, mimolette r\u00e2p\u00e9e, jambon et oeuf au plat. Parfait pour un brunch ou simplement pour un soir avec une bonne salade de mesclun \u00e0 c\u00f4t\u00e9.<\/p>\n<p>Vous obtiendrez trop de cr\u00eapes, vous pouvez sans probl\u00e8me les congeler pour un prochain repas.<\/p>\n<p><img itemprop=\"image\" class=\"aligncenter size-full wp-image-43504\" data-src=\"https:\/\/static.chefnini.com\/wp-content\/uploads\/2022\/11\/crepes-epinard-patate-douce-oeuf7.jpg\" alt=\"\" width=\"830\" height=\"553\" srcset=\"https:\/\/static.chefnini.com\/wp-content\/uploads\/2022\/11\/crepes-epinard-patate-douce-oeuf7.jpg 830w, https:\/\/static.chefnini.com\/wp-content\/uploads\/2022\/11\/crepes-epinard-patate-douce-oeuf7-300x200.jpg 300w, https:\/\/static.chefnini.com\/wp-content\/uploads\/2022\/11\/crepes-epinard-patate-douce-oeuf7-768x512.jpg 768w, https:\/\/static.chefnini.com\/wp-content\/uploads\/2022\/11\/crepes-epinard-patate-douce-oeuf7-450x300.jpg 450w\" sizes=\"(max-width: 830px) 100vw, 830px\"\/><\/p>\n<p><img itemprop=\"image\" class=\"aligncenter size-full wp-image-43499\" data-src=\"https:\/\/static.chefnini.com\/wp-content\/uploads\/2022\/11\/crepes-epinard-patate-douce-oeuf2.jpg\" alt=\"\" width=\"500\" height=\"750\" srcset=\"https:\/\/static.chefnini.com\/wp-content\/uploads\/2022\/11\/crepes-epinard-patate-douce-oeuf2.jpg 500w, https:\/\/static.chefnini.com\/wp-content\/uploads\/2022\/11\/crepes-epinard-patate-douce-oeuf2-200x300.jpg 200w\" sizes=\"(max-width: 500px) 100vw, 500px\"\/> <img itemprop=\"image\" class=\"aligncenter size-full wp-image-43500\" data-src=\"https:\/\/static.chefnini.com\/wp-content\/uploads\/2022\/11\/crepes-epinard-patate-douce-oeuf3.jpg\" alt=\"\" width=\"500\" height=\"750\" srcset=\"https:\/\/static.chefnini.com\/wp-content\/uploads\/2022\/11\/crepes-epinard-patate-douce-oeuf3.jpg 500w, https:\/\/static.chefnini.com\/wp-content\/uploads\/2022\/11\/crepes-epinard-patate-douce-oeuf3-200x300.jpg 200w\" sizes=\"(max-width: 500px) 100vw, 500px\"\/><\/p>\n<h3 itemprop=\"recipeYield\">Pour 4 personnes :<\/h3>\n<h3>P\u00e2te \u00e0 cr\u00eapes aux pousses d\u2019\u00e9pinard (une dizaine de cr\u00eapes de 20 cm) :<\/h3>\n<ul>\n<li itemprop=\"ingredients\">2 \u0153ufs<\/li>\n<li itemprop=\"ingredients\">70 g de f\u00e9cule de ma\u00efs<\/li>\n<li itemprop=\"ingredients\">70\u00a0g de farine T45<\/li>\n<li itemprop=\"ingredients\">20 \u00e0 30 cl de lait<\/li>\n<li itemprop=\"ingredients\">200 g de pousses d\u2019\u00e9pinard<\/li>\n<li itemprop=\"ingredients\">1 cuill\u00e8re \u00e0 caf\u00e9 rase de sel<\/li>\n<\/ul>\n<h3>Garniture :<\/h3>\n<ul>\n<li itemprop=\"ingredients\">4 oeufs<\/li>\n<li itemprop=\"ingredients\">2 tranches de jambon<\/li>\n<li itemprop=\"ingredients\">1 morceau de mimolette<\/li>\n<li itemprop=\"ingredients\">400 g de patate douce (environ 2)<\/li>\n<li itemprop=\"ingredients\">10 cl de cr\u00e8me liquide (+ un filet au moment du service)<\/li>\n<li itemprop=\"ingredients\">Quelques cerneaux de noix<\/li>\n<li itemprop=\"ingredients\">Sel, poivre<\/li>\n<\/ul>\n<h3>P\u00e2te \u00e0 cr\u00eapes aux pousses d\u2019\u00e9pinard<\/h3>\n<div itemprop=\"recipeInstructions\">\n<p>1- Versez la farine, la f\u00e9cule et le sel dans un saladier.<\/p>\n<p>2- Ajoutez les \u0153ufs et commencez \u00e0 m\u00e9langer au fouet.<\/p>\n<p>3- Versez petit \u00e0 petit le lait tout en fouettant.<\/p>\n<p>4- Ajoutez les pousses d\u2019\u00e9pinard et mixez avec un blender ou un mixeur plongeant.<\/p>\n<p>5- La p\u00e2te est pr\u00eate lorsqu\u2019elle est nappante. Elle ne doit pas \u00eatre ni trop \u00e9paisse, ni trop liquide. Ajustez dans ce cas soit la quantit\u00e9 de farine ou la quantit\u00e9 de lait.<\/p>\n<p>6- Placez la p\u00e2te au frais pendant 1 heure.<\/p>\n<p>7- Reprenez la p\u00e2te, elle a peut-\u00eatre un peu \u00e9paissi, vous pouvez la d\u00e9tendre avec du lait.<\/p>\n<p>8- Faites chauffer une petite po\u00eale (20 cm de diam\u00e8tre), versez de l\u2019huile et retirez l\u2019exc\u00e9dent avec un papier absorbant (conservez-le pour la cuisson des autres cr\u00eapes).<\/p>\n<p>9- Versez une petite louche de p\u00e2te \u00e0 cr\u00eapes dans la po\u00eale et laissez cuire jusqu\u2019\u00e0 ce que le contour de la p\u00e2te soit dor\u00e9.<\/p>\n<p>10- Retournez la cr\u00eape et laissez cuire quelques secondes.<\/p>\n<p>11- Versez dans une assiette et recommencez avec le reste de p\u00e2te.<\/p>\n<h3>La garniture<\/h3>\n<p>1- Epluchez les patates douces et coupez-les en d\u00e9s.<\/p>\n<p>2- Faites-les cuire 15 \u00e0 20 minutes \u00e0 la vapeur puis \u00e9crasez-les \u00e0 la fourchette. Salez, poivrez.<\/p>\n<p>3- Faites cuire les oeufs au plat. Salez, poivrez.<\/p>\n<p>4- R\u00e9partissez la pur\u00e9e sur 4 cr\u00eapes. Ajoutez la mimolette r\u00e2p\u00e9, les cerneaux de noix concass\u00e9es, le jambon coup\u00e9 en morceau et terminez avec l\u2019oeuf au plat et ajoutez un filet de cr\u00e8me.<\/p>\n<p><img itemprop=\"image\" class=\"aligncenter size-full wp-image-43502\" data-src=\"https:\/\/static.chefnini.com\/wp-content\/uploads\/2022\/11\/crepes-epinard-patate-douce-oeuf5.jpg\" alt=\"\" width=\"830\" height=\"553\" srcset=\"https:\/\/static.chefnini.com\/wp-content\/uploads\/2022\/11\/crepes-epinard-patate-douce-oeuf5.jpg 830w, https:\/\/static.chefnini.com\/wp-content\/uploads\/2022\/11\/crepes-epinard-patate-douce-oeuf5-300x200.jpg 300w, https:\/\/static.chefnini.com\/wp-content\/uploads\/2022\/11\/crepes-epinard-patate-douce-oeuf5-768x512.jpg 768w, https:\/\/static.chefnini.com\/wp-content\/uploads\/2022\/11\/crepes-epinard-patate-douce-oeuf5-450x300.jpg 450w\" sizes=\"(max-width: 830px) 100vw, 830px\"\/><\/p>\n<\/div>\n<p> <!-- recipeInstructions --> \t\t\t\t\t\t\t\t\t<\/div>\n<p>[ad_2]<br \/>\n<br \/><a href=\"https:\/\/www.chefnini.com\/crepes-vertes-depinard-garnies-a-la-patate-douce-et-oeuf-sur-le-plat\/\">Source link <\/a><\/p>\n","protected":false},"excerpt":{"rendered":"<p>[ad_1] Ca fait bien longtemps que je ne suis pas pass\u00e9e par ici ! Pour \u00eatre honn\u00eate, j\u2019ai beaucoup de &hellip; <a href=\"http:\/\/www.affinite.fr\/index.php\/2023\/03\/22\/crepes-vertes-depinard-garnies-a-la-patate-douce-et-oeuf-sur-le-plat\/\" class=\"more-link\">Plus <span class=\"screen-reader-text\">Cr\u00eapes vertes d&rsquo;\u00e9pinard, garnies \u00e0 la patate douce et oeuf sur le plat<\/span> <span class=\"meta-nav\">&rarr;<\/span><\/a><\/p>\n","protected":false},"author":1,"featured_media":8978,"comment_status":"","ping_status":"open","sticky":false,"template":"","format":"standard","meta":{"_sitemap_exclude":false,"_sitemap_priority":"","_sitemap_frequency":"","footnotes":""},"categories":[1],"tags":[],"class_list":["post-8977","post","type-post","status-publish","format-standard","has-post-thumbnail","hentry","category-tous"],"_links":{"self":[{"href":"http:\/\/www.affinite.fr\/index.php\/wp-json\/wp\/v2\/posts\/8977"}],"collection":[{"href":"http:\/\/www.affinite.fr\/index.php\/wp-json\/wp\/v2\/posts"}],"about":[{"href":"http:\/\/www.affinite.fr\/index.php\/wp-json\/wp\/v2\/types\/post"}],"author":[{"embeddable":true,"href":"http:\/\/www.affinite.fr\/index.php\/wp-json\/wp\/v2\/users\/1"}],"replies":[{"embeddable":true,"href":"http:\/\/www.affinite.fr\/index.php\/wp-json\/wp\/v2\/comments?post=8977"}],"version-history":[{"count":0,"href":"http:\/\/www.affinite.fr\/index.php\/wp-json\/wp\/v2\/posts\/8977\/revisions"}],"wp:featuredmedia":[{"embeddable":true,"href":"http:\/\/www.affinite.fr\/index.php\/wp-json\/wp\/v2\/media\/8978"}],"wp:attachment":[{"href":"http:\/\/www.affinite.fr\/index.php\/wp-json\/wp\/v2\/media?parent=8977"}],"wp:term":[{"taxonomy":"category","embeddable":true,"href":"http:\/\/www.affinite.fr\/index.php\/wp-json\/wp\/v2\/categories?post=8977"},{"taxonomy":"post_tag","embeddable":true,"href":"http:\/\/www.affinite.fr\/index.php\/wp-json\/wp\/v2\/tags?post=8977"}],"curies":[{"name":"wp","href":"https:\/\/api.w.org\/{rel}","templated":true}]}}