{"id":8963,"date":"2023-03-19T20:25:22","date_gmt":"2023-03-19T20:25:22","guid":{"rendered":"https:\/\/www.affinite.fr\/index.php\/2023\/03\/19\/dominique-lagrou-sempere-devoile-son-salaire-a-tf1-pas-mirobolant-par-rapport-a-celui-de-jacques-legros\/"},"modified":"2023-03-19T20:25:22","modified_gmt":"2023-03-19T20:25:22","slug":"dominique-lagrou-sempere-devoile-son-salaire-a-tf1-pas-mirobolant-par-rapport-a-celui-de-jacques-legros","status":"publish","type":"post","link":"http:\/\/www.affinite.fr\/index.php\/2023\/03\/19\/dominique-lagrou-sempere-devoile-son-salaire-a-tf1-pas-mirobolant-par-rapport-a-celui-de-jacques-legros\/","title":{"rendered":"Dominique Lagrou-Semp\u00e8re d\u00e9voile son salaire \u00e0 TF1\u00a0(\u00ab\u00a0pas mirobolant\u00a0\u00bb par rapport \u00e0 celui de Jacques Legros)"},"content":{"rendered":"<p> [ad_1]<br \/>\n<br \/><img decoding=\"async\" src=\"https:\/\/img-3.journaldesfemmes.fr\/TYRxvT_PcCzzl2gfMhARWw0VHHc=\/1280x\/smart\/d481fdfbffbd461f8995a5ce1eb4effe\/ccmcms-jdf\/39599324.png\" \/><\/p>\n<p>\n                Une paye \u00ab\u00a0pas mirobolante\u00a0\u00bb\u00a0? Dominique Lagrou-Semp\u00e8re, qui a travaill\u00e9 pendant 20\u00a0ans \u00e0 TF1, a d\u00e9voil\u00e9 le salaire qu&rsquo;elle gagnait sur la premi\u00e8re chaine. Sur le plateau de Jordan De Luxe, la journaliste de 48\u00a0ans a \u00e9galement r\u00e9v\u00e9l\u00e9 les raisons de son d\u00e9part de TF1\u00a0et s&rsquo;est confi\u00e9e sur le deuil \u00e9prouvant de son \u00e9poux&#8230;            <\/p>\n<div>\n<p><b>Dominique Lagrou-Semp\u00e8re\u00a0<\/b>a \u00e9t\u00e9 l&rsquo;une des plus fid\u00e8les amies de Jean-Pierre Pernaut. Pendant des ann\u00e9es, la journaliste l&rsquo;a accompagn\u00e9 dans la construction des JT de 13h de TF1, et notamment des\u00a0op\u00e9rations sp\u00e9ciales\u00a0telles que <em>SOS Villages<\/em> et <em>Votre plus beau march\u00e9<\/em>. Mais en octobre 2021, soit quelques semaines avant le d\u00e9part de Jean-Pierre Pernaut du JT, Dominique Lagrou-Semp\u00e8re a d\u00e9cid\u00e9 de <strong>quitter la premi\u00e8re chaine<\/strong>. Et pour cause, son travail n&rsquo;\u00e9tait gu\u00e8re valoris\u00e9&#8230; et son salaire n&rsquo;\u00e9tait pas des plus \u00e9lev\u00e9s.<\/p>\n<h2>Dominique Lagrou-Semp\u00e8re r\u00e9v\u00e8le son salaire \u00e0 TF1, \u00ab\u00a0pas mirobolant\u00a0\u00bb<\/h2>\n<p><b>Dominique Lagrou-Semp\u00e8re\u00a0<\/b>a r\u00e9v\u00e9l\u00e9 le montant de son salaire \u00e0 TF1, dans l&rsquo;\u00e9mission de Jordan De Luxe.\u00a0Et la journaliste de 48 ans consid\u00e8re que pour son poste et son anciennet\u00e9 (elle a travaill\u00e9 sur la cha\u00eene pendant environ 20 ans), ses revenus \u00e9taient relativement peu \u00e9lev\u00e9s.\u00a0\u00ab\u00a0<strong><em>Je touchais 6000\u00a0euros brut sur TF1, ce qui faisait 4500<\/em>\u00a0euros par mois<\/strong>\u00ab\u00a0, a-t-elle expliqu\u00e9, sur le plateau de Jordan De Luxe, ce 17 mars. Et celui-ci de commenter : \u00ab\u00a0<em><strong>Ce n&rsquo;est pas du tout un salaire mirobolant<\/strong> pour ce que vous faisiez.\u00a0Je rappelle qu&rsquo;un JT de Jacques Legros c&rsquo;est 2.000\u00a0euros par jour en remplacement<\/em> (selon ses confidences sur <em>Non Stop People<\/em> en 2019, ndlr).<em> Vous c&rsquo;est 4.000\u00a0euros par mois<\/em>\u00ab\u00a0.<\/p>\n<h2>Dominique Lagrou-Semp\u00e8re : pourquoi elle a claqu\u00e9 la porte de TF1<\/h2>\n<p>Quant \u00e0 ses comp\u00e9tences, elles n&rsquo;\u00e9taient pas mises en lumi\u00e8re sur la premi\u00e8re chaine.\u00a0Apr\u00e8s le d\u00e9part de Jean-Pierre Pernaut du JT, Dominique Lagrou-Semp\u00e8re aurait \u00e9t\u00e9 <strong>dispos\u00e9e \u00e0 reprendre les r\u00eanes du journal<\/strong> qu&rsquo;elle conna\u00eet si bien.\u00a0Mais c&rsquo;est <strong>Marie-Sophie Lacarreau <\/strong>qui a \u00e9t\u00e9 choisie \u00e0 sa place. De quoi convaincre l&rsquo;amie de JPP de claquer la porte. \u00ab\u00a0<em>J&rsquo;aurais ador\u00e9 prends la suite de Jean-Pierre sur le 13\u00a0h\u00a0! Je m&rsquo;en sentais capable.<\/em>\u00a0<em>Mais on ne me l&rsquo;a pas propos\u00e9<\/em>\u00ab\u00a0, a-t-elle d\u00e9plor\u00e9 dans l&rsquo;\u00e9mission <em>Chez Jordan<\/em>. Et de pr\u00e9ciser :\u00a0\u00ab\u00a0<em><strong>Ces derniers temps, je n&rsquo;\u00e9tais plus heureuse a TF1\u00a0! <\/strong>On ne me proposait\u00a0plus grand chose, je ne regrette pas du tout d&rsquo;\u00eatre partie<\/em>\u00ab\u00a0.<\/p>\n<h2>Dominique Lagrou-Semp\u00e8re, d\u00e9vast\u00e9e par la mort de son \u00e9poux : \u00ab\u00a0On ne fait pas son deuil\u00a0\u00bb<\/h2>\n<p>Quant \u00e0 sa vie sentimentale, elle n&rsquo;est plus la m\u00eame depuis <strong>la mort de son mari, le journaliste Claude Semp\u00e8re<\/strong>, d\u00e9c\u00e9d\u00e9 en novembre 2019 \u00e0 55 ans des suites d&rsquo;un cancer.\u00a0Si elle a aujourd&rsquo;hui retrouv\u00e9 l&rsquo;amour dans les bras d&rsquo;un homme dont elle tait le nom, la journaliste n&rsquo;a pas oubli\u00e9 l&rsquo;amour de sa vie. \u00ab\u00a0<em><strong>On ne fait pas son deuil<\/strong>&#8230; J&rsquo;aime \u00e0 dire qu&rsquo;on fait la cuisine, qu&rsquo;on fait ses courses, qu&rsquo;on fait l&rsquo;amour, mais on ne fait pas son deuil, \u00e7a veut rien dire. On continue, on vit avec et on s&rsquo;accommode de la mort dans la vie. (&#8230;) Donc voil\u00e0, je ne refais pas ma vie, je la continue<\/em>\u00ab\u00a0, a-t-elle expliqu\u00e9.<\/p>\n<p>C&rsquo;est notamment gr\u00e2ce \u00e0 ses enfants, Mathilda, 18 ans, et Esteban, 15\u00a0ans, n\u00e9s de son amour avec Claude Semp\u00e8re, qu&rsquo;elle a pu aller de l&rsquo;avant.\u00a0\u00ab\u00a0<em><strong>C&rsquo;est eux qui m&rsquo;ont redonn\u00e9 le go\u00fbt de la vie<\/strong>. (&#8230;) Ce sont mes enfants, mes petits,\u00a0qui m&rsquo;ont dit\u00a0: &lsquo;Il faut que tu aimes parce que toi cette vie tu ne peux pas la traverser sans aimer<\/em>&lsquo;\u00a0\u00bb, a-t-elle assur\u00e9 \u00e0 Jordan De Luxe.<\/p>\n<\/p><\/div>\n<p>[ad_2]<br \/>\n<br \/><a href=\"https:\/\/www.journaldesfemmes.fr\/people\/actus\/2903757-dominique-lagrou-sempere-salaire-argent-mari-jpp-pernaut\/\">Source link <\/a><\/p>\n","protected":false},"excerpt":{"rendered":"<p>[ad_1] Une paye \u00ab\u00a0pas mirobolante\u00a0\u00bb\u00a0? Dominique Lagrou-Semp\u00e8re, qui a travaill\u00e9 pendant 20\u00a0ans \u00e0 TF1, a d\u00e9voil\u00e9 le salaire qu&rsquo;elle gagnait &hellip; <a href=\"http:\/\/www.affinite.fr\/index.php\/2023\/03\/19\/dominique-lagrou-sempere-devoile-son-salaire-a-tf1-pas-mirobolant-par-rapport-a-celui-de-jacques-legros\/\" class=\"more-link\">Plus <span class=\"screen-reader-text\">Dominique Lagrou-Semp\u00e8re d\u00e9voile son salaire \u00e0 TF1\u00a0(\u00ab\u00a0pas mirobolant\u00a0\u00bb par rapport \u00e0 celui de Jacques Legros)<\/span> <span class=\"meta-nav\">&rarr;<\/span><\/a><\/p>\n","protected":false},"author":1,"featured_media":8964,"comment_status":"","ping_status":"open","sticky":false,"template":"","format":"standard","meta":{"_sitemap_exclude":false,"_sitemap_priority":"","_sitemap_frequency":"","footnotes":""},"categories":[1],"tags":[],"class_list":["post-8963","post","type-post","status-publish","format-standard","has-post-thumbnail","hentry","category-tous"],"_links":{"self":[{"href":"http:\/\/www.affinite.fr\/index.php\/wp-json\/wp\/v2\/posts\/8963"}],"collection":[{"href":"http:\/\/www.affinite.fr\/index.php\/wp-json\/wp\/v2\/posts"}],"about":[{"href":"http:\/\/www.affinite.fr\/index.php\/wp-json\/wp\/v2\/types\/post"}],"author":[{"embeddable":true,"href":"http:\/\/www.affinite.fr\/index.php\/wp-json\/wp\/v2\/users\/1"}],"replies":[{"embeddable":true,"href":"http:\/\/www.affinite.fr\/index.php\/wp-json\/wp\/v2\/comments?post=8963"}],"version-history":[{"count":0,"href":"http:\/\/www.affinite.fr\/index.php\/wp-json\/wp\/v2\/posts\/8963\/revisions"}],"wp:featuredmedia":[{"embeddable":true,"href":"http:\/\/www.affinite.fr\/index.php\/wp-json\/wp\/v2\/media\/8964"}],"wp:attachment":[{"href":"http:\/\/www.affinite.fr\/index.php\/wp-json\/wp\/v2\/media?parent=8963"}],"wp:term":[{"taxonomy":"category","embeddable":true,"href":"http:\/\/www.affinite.fr\/index.php\/wp-json\/wp\/v2\/categories?post=8963"},{"taxonomy":"post_tag","embeddable":true,"href":"http:\/\/www.affinite.fr\/index.php\/wp-json\/wp\/v2\/tags?post=8963"}],"curies":[{"name":"wp","href":"https:\/\/api.w.org\/{rel}","templated":true}]}}