{"id":896,"date":"2020-03-20T13:34:37","date_gmt":"2020-03-20T13:34:37","guid":{"rendered":"https:\/\/www.affinite.fr\/index.php\/2020\/03\/20\/le-ministere-des-armees-propose-10-millions-deuros-pour-toute-solution-innovante-contre-le-covid-19\/"},"modified":"2020-03-20T13:34:37","modified_gmt":"2020-03-20T13:34:37","slug":"le-ministere-des-armees-propose-10-millions-deuros-pour-toute-solution-innovante-contre-le-covid-19","status":"publish","type":"post","link":"http:\/\/www.affinite.fr\/index.php\/2020\/03\/20\/le-ministere-des-armees-propose-10-millions-deuros-pour-toute-solution-innovante-contre-le-covid-19\/","title":{"rendered":"Le minist\u00e8re des Arm\u00e9es propose 10 millions d&rsquo;euros pour toute solution innovante contre le Covid-19"},"content":{"rendered":"<p> [ad_1]<br \/>\n<br \/><img decoding=\"async\" src=\"https:\/\/img.bfmtv.com\/i\/0\/0\/e3b\/d40eb3ae9fd8785346f9f9d3c4dd4.jpg\" \/><\/p>\n<div itemprop=\"articleBody\">\n<p>Dans le cadre de la lutte contre la propagation du Covid-19, l\u2019Agence de l\u2019innovation de d\u00e9fense (AID) du minist\u00e8re des Arm\u00e9es a lanc\u00e9 jeudi 19 mars 2020 un appel \u00e0 projets \u00e0 la recherche de \u00ab\u00a0<em>solutions innovantes, qu&rsquo;elles soient d\u2019ordre technologique, organisationnel, manag\u00e9rial ou d\u2019adaptation de processus industriels<\/em>\u00a0\u00bb. L\u2019objectif ? \u00ab\u00a0<em>Prot\u00e9ger la population, soutenir la prise en charge des malades, tester la population, surveiller l\u2019\u00e9volution de la maladie au niveau individuel et l\u2019\u00e9volution de la pand\u00e9mie, ou aider \u00e0 limiter les contraintes pendant la p\u00e9riode de crise<\/em>\u00a0\u00bb.\u00a0<\/p>\n<h3 style=\"color:#333;font-family:arial,helvetica,sans-serif;font-size:23px;font-weight:700;\">Jusqu&rsquo;au 12 avril 2020<\/h3>\n<p>Tous les domaines sont concern\u00e9s. Et tous les types de structures aussi. De la micro entreprise aux grands groupes, en passant par les \u00ab\u00a0<em>civils et militaires\u00a0<\/em>\u00bb, tout le monde peut participer. Le budget d\u00e9bloqu\u00e9 est de 10 millions d\u2019euros. Quelles sont les conditions ? La solution doit mobilisable tout de suite. C\u2019est \u00e0 dire que la technologie doit \u00eatre mature, que son d\u00e9ploiement doit \u00eatre possible sur tout le territoire et facilement reproductible. La date limite de d\u00e9p\u00f4t des candidatures : le 12 avril 2020.\u00a0<\/p>\n<aside class=\"bg-color-0 padding-inside-all-s bloc border-s\">\n<h4 class=\"box-txt-normal\">\n<p><strong>\u00c0 d\u00e9couvrir aussi en vid\u00e9o<\/strong><\/p>\n<\/h4>\n<\/aside>\n<h3 style=\"color:#333;font-family:arial,helvetica,sans-serif;font-size:23px;font-weight:700;\">Un appel \u00e0 projet pour r\u00e9pondre \u00e0\u00a0\u00ab l&rsquo;urgence\u00a0\u00bb<\/h3>\n<p>Cependant, le caract\u00e8re technologique de la solution propos\u00e9e n\u2019est pas forc\u00e9ment un crit\u00e8re d\u00e9terminant. Le site \u00e9voque l\u2019exemple de la transformation\u00a0\u00ab\u00a0<em>d\u2019une usine de production de parfum pour en faire du gel hydroalcoolique<\/em>\u00a0\u00bb. Compte tenu de \u00ab\u00a0<em>l&rsquo;urgence du projet<\/em>\u00a0\u00bb, le dossier ne devra pas d\u00e9passer 30 pages. Il est d\u00e9mand\u00e9 trois documents uniquement, qui chacun doit \u00eatre \u00ab\u00a0<em>les plus concis et pr\u00e9cis possibles\u00a0<\/em>\u00bb : un descriptif de la solution, un plan projet (planning et prix) et un justificatif de l\u2019impact, la cr\u00e9dibilit\u00e9 et du calendrier de la solution propos\u00e9e. Ces trois derni\u00e8res crit\u00e8res permettront au jury de faire son choix.\u00a0<\/p>\n<p>Si vous \u00eatre une entreprise ou tout autre structure, d\u00e9posez votre projet <a href=\"https:\/\/www.demarches-simplifiees.fr\/commencer\/appel-a-projets-aid-covid-19\" target=\"_blank\" rel=\"noopener noreferrer\">ici<\/a>. Si vous \u00eates un civil ou milliaire, le projet est \u00e0 d\u00e9poser <a href=\"https:\/\/www.demarches-simplifiees.fr\/commencer\/appel-a-projets-aid-covid-19-innovateurs-minarm\u00a0\" target=\"_blank\" rel=\"noopener noreferrer\">l\u00e0<\/a>.\u00a0<\/p>\n<p><strong>Source<\/strong> : <a href=\"https:\/\/www.defense.gouv.fr\/aid\/appels-a-projets\/appel-a-projets-lutte-covid-19\" target=\"_blank\" rel=\"noopener noreferrer\">AID<\/a><\/p>\n<\/p><\/div>\n<p><script>\n         !function(f,b,e,v,n,t,s){if(f.fbq)return;n=f.fbq=function()\n         {n.callMethod? n.callMethod.apply(n,arguments):n.queue.push(arguments)}\n         ;if(!f._fbq)f._fbq=n;\n             n.push=n;n.loaded=!0;n.version='2.0';n.queue=[];t=b.createElement(e);t.async=!0;\n             t.src=v;s=b.getElementsByTagName(e)[0];s.parentNode.insertBefore(t,s)}(window,\n                 document,'script','https:\/\/connect.facebook.net\/en_US\/fbevents.js');\n         fbq('init', '1065890633454496');\n         fbq('track', 'PageView');\n     <\/script><br \/>\n<br \/>[ad_2]<br \/>\n<br \/><a href=\"https:\/\/www.01net.com\/actualites\/le-ministere-des-armees-propose-10-millions-d-euros-pour-toute-solution-innovante-contre-le-covid-19-1878502.html\">Source link <\/a><\/p>\n","protected":false},"excerpt":{"rendered":"<p>[ad_1] Dans le cadre de la lutte contre la propagation du Covid-19, l\u2019Agence de l\u2019innovation de d\u00e9fense (AID) du minist\u00e8re &hellip; <a href=\"http:\/\/www.affinite.fr\/index.php\/2020\/03\/20\/le-ministere-des-armees-propose-10-millions-deuros-pour-toute-solution-innovante-contre-le-covid-19\/\" class=\"more-link\">Plus <span class=\"screen-reader-text\">Le minist\u00e8re des Arm\u00e9es propose 10 millions d&rsquo;euros pour toute solution innovante contre le Covid-19<\/span> <span class=\"meta-nav\">&rarr;<\/span><\/a><\/p>\n","protected":false},"author":1,"featured_media":897,"comment_status":"open","ping_status":"open","sticky":false,"template":"","format":"standard","meta":{"_sitemap_exclude":false,"_sitemap_priority":"","_sitemap_frequency":"","footnotes":""},"categories":[1],"tags":[],"class_list":["post-896","post","type-post","status-publish","format-standard","has-post-thumbnail","hentry","category-tous"],"_links":{"self":[{"href":"http:\/\/www.affinite.fr\/index.php\/wp-json\/wp\/v2\/posts\/896"}],"collection":[{"href":"http:\/\/www.affinite.fr\/index.php\/wp-json\/wp\/v2\/posts"}],"about":[{"href":"http:\/\/www.affinite.fr\/index.php\/wp-json\/wp\/v2\/types\/post"}],"author":[{"embeddable":true,"href":"http:\/\/www.affinite.fr\/index.php\/wp-json\/wp\/v2\/users\/1"}],"replies":[{"embeddable":true,"href":"http:\/\/www.affinite.fr\/index.php\/wp-json\/wp\/v2\/comments?post=896"}],"version-history":[{"count":0,"href":"http:\/\/www.affinite.fr\/index.php\/wp-json\/wp\/v2\/posts\/896\/revisions"}],"wp:featuredmedia":[{"embeddable":true,"href":"http:\/\/www.affinite.fr\/index.php\/wp-json\/wp\/v2\/media\/897"}],"wp:attachment":[{"href":"http:\/\/www.affinite.fr\/index.php\/wp-json\/wp\/v2\/media?parent=896"}],"wp:term":[{"taxonomy":"category","embeddable":true,"href":"http:\/\/www.affinite.fr\/index.php\/wp-json\/wp\/v2\/categories?post=896"},{"taxonomy":"post_tag","embeddable":true,"href":"http:\/\/www.affinite.fr\/index.php\/wp-json\/wp\/v2\/tags?post=896"}],"curies":[{"name":"wp","href":"https:\/\/api.w.org\/{rel}","templated":true}]}}