{"id":8950,"date":"2023-03-15T20:18:42","date_gmt":"2023-03-15T20:18:42","guid":{"rendered":"https:\/\/www.affinite.fr\/index.php\/2023\/03\/15\/5-ans-apres-la-mort-de-johnny-david-hallyday-se-confie-sur-son-deuil\/"},"modified":"2023-03-15T20:18:42","modified_gmt":"2023-03-15T20:18:42","slug":"5-ans-apres-la-mort-de-johnny-david-hallyday-se-confie-sur-son-deuil","status":"publish","type":"post","link":"http:\/\/www.affinite.fr\/index.php\/2023\/03\/15\/5-ans-apres-la-mort-de-johnny-david-hallyday-se-confie-sur-son-deuil\/","title":{"rendered":"5\u00a0ans apr\u00e8s la mort de Johnny, David Hallyday se confie sur son deuil"},"content":{"rendered":"<p> [ad_1]<br \/>\n<br \/><img decoding=\"async\" src=\"https:\/\/img-3.journaldesfemmes.fr\/8TVC5lSJuoEODpxx29Ib4-VxvvI=\/1280x\/smart\/2ca0c309ea65411bb80179726d65f94e\/ccmcms-jdf\/39598557.jpg\" \/><\/p>\n<p>\n                Plus de cinq ans apr\u00e8s la mort de Johnny, David Hallyday a fait de rares confidences sur le deuil difficile de son p\u00e8re mais aussi sa nouvelle vie de grand-p\u00e8re, aupr\u00e8s de T\u00e9l\u00e9-Loisirs&#8230;            <\/p>\n<div>\n<p>Voil\u00e0 plus de cinq ans que<strong> <a href=\"https:\/\/www.journaldesfemmes.fr\/people\/david-hallyday\/\" title=\"David Hallyday\">David Hallyday<\/a> a perdu son illustre p\u00e8re, Johnny Hallyday<\/strong>, d\u00e9c\u00e9d\u00e9 le 5 d\u00e9cembre 2017 des suites d&rsquo;un cancer du poumon. Le temps a pass\u00e9, mais le deuil n&rsquo;est pas forc\u00e9ment plus simple \u00e0 vivre pour le chanteur de 56 ans. S&rsquo;il se confie rarement aupr\u00e8s des m\u00e9dias sur cette douloureuse \u00e9preuve, aggrav\u00e9e par l&rsquo;\u00e9puisante bataille de l&rsquo;h\u00e9ritage qui a dur\u00e9 plusieurs ann\u00e9es avec Laeticia Hallyday, le p\u00e8re d&rsquo;Ilona Smet, 27 ans, et Emma Smet, 25\u00a0ans,<strong> a accept\u00e9 de se livrer sur la perte de son p\u00e8re<\/strong> aupr\u00e8s de <a href=\"https:\/\/www.programme-tv.net\/news\/people\/322573-exclu-david-hallyday-se-confie-sur-son-deuil-six-ans-apres-la-mort-de-johnny-hallyday\/\" target=\"_blank\" rel=\"noopener\"><em>T\u00e9l\u00e9-Loisirs<\/em><\/a>.<\/p>\n<h2>David Hallyday : sa vie \u00ab\u00a0difficile\u00a0\u00bb sans son p\u00e8re<\/h2>\n<p>David Hallyday, qui n&rsquo;a rien perdu de sa simplicit\u00e9 avec les ann\u00e9es, a d\u00e9clar\u00e9 au sujet de son deuil : \u00ab\u00a0<em>Ca va comme n&rsquo;importe quel \u00eatre humain qui a perdu quelqu&rsquo;un de cher et qu&rsquo;on aimait. Je ne suis pas diff\u00e9rent de vous<\/em>\u00ab\u00a0, a-t-il d\u00e9clar\u00e9 avant d&rsquo;ajouter :\u00a0\u00ab\u00a0<strong><em>Quand on a aim\u00e9 ses parents, c&rsquo;est toujours difficile de passer sa vie \u00e0 reconstruire<\/em><\/strong>\u00ab\u00a0.<\/p>\n<h2>David Hallyday : son nouveau quotidien de grand-p\u00e8re\u00a0<\/h2>\n<p>Toutefois, l&rsquo;ex-compagnon d&rsquo;<a href=\"https:\/\/www.journaldesfemmes.fr\/people\/estelle-lefebure\/\" title=\"Estelle Hallyday\">Estelle Lef\u00e9bure<\/a> tente, tant bien que mal, de vivre avec la douleur, se concentre sur <strong>les joies du quotidien et son nouveau r\u00f4le de grand-p\u00e8re avec la naissance du fils de sa fille Ilona<\/strong>, qui a vu le jour \u00e0 l&rsquo;\u00e9t\u00e9 2022\u00a0et est le fruit de l&rsquo;union du jeune mannequin et de Kamran Ahmed.\u00a0C\u00f4t\u00e9 vie professionnelle, il doit d&rsquo;ailleurs entamer tr\u00e8s prochainement une tourn\u00e9e de deux ans.\u00a0\u00ab\u00a0<em>J&rsquo;avance dans ma vie, j&rsquo;ai mes enfants, j&rsquo;ai un petit-fils aujourd&rsquo;hui,<strong> ma famille s&rsquo;agrandit et \u00e7a c&rsquo;est formidable<\/strong><\/em>\u00ab\u00a0.<\/p>\n<p>Mais les moments de tristesse sont in\u00e9vitables : \u00ab\u00a0<em>Quand on fait un deuil je pense qu&rsquo;on va de l&rsquo;avant mais on n&rsquo;oublie pas. <strong>On n&rsquo;oublie jamais les \u00eatres que l&rsquo;on a aim\u00e9. Il y a des moments o\u00f9 \u00e7a me rend triste, o\u00f9 je vois des choses qui me rendent triste<\/strong>. Puis il y a des moments o\u00f9 \u00e7a va. Je pense que c&rsquo;est le parcours de l&rsquo;humain<\/em>\u00ab\u00a0.<\/p>\n<h2>David Hallyday, face \u00e0 la bataille de l&rsquo;h\u00e9ritage : une \u00ab\u00a0p\u00e9riode compliqu\u00e9e\u00a0\u00bb<\/h2>\n<p>Pour le cinqui\u00e8me anniversaire de la mort de son p\u00e8re, en d\u00e9cembre dernier, le fils a\u00een\u00e9 de Sylvie Vartan et Johnny lui avait rendu un <strong>sobre et \u00e9mouvant hommage<\/strong> dans sa story Instagram, en citant\u00a0un extrait\u00a0du <em>Petit Prince<\/em> d&rsquo;Antoine de Saint-Exup\u00e9ry, qu&rsquo;il avait agr\u00e9ment\u00e9e d&rsquo;une photo sur laquelle il posait avec son g\u00e9niteur.\u00a0\u00ab\u00a0<em>C&rsquo;est comme pour la fleur. Si tu aimes une fleur qui se trouve sur une \u00e9toile, c&rsquo;est doux, la nuit, de regarder le ciel<\/em>\u00ab\u00a0, lisait-on.<\/p>\n<div class=\"ccminsert\">\n<p><template data-type=\"embedtag\" data-tagname=\"youtube\"><iframe loading=\"lazy\" allow=\"accelerometer; autoplay; clipboard-write; encrypted-media; gyroscope; picture-in-picture; web-share\" allowfullscreen=\"\" frameborder=\"0\" height=\"315\" src=\"https:\/\/www.youtube.com\/embed\/XZRjuRoP0l4\" title=\"YouTube video player\" width=\"560\"><\/iframe><\/template><\/p>\n<\/div>\n<p>En 2020, il avait pudiquement \u00e9voqu\u00e9 l&rsquo;affaire de la bataille de l&rsquo;h\u00e9ritage aupr\u00e8s du <a href=\"https:\/\/www.leparisien.fr\/culture-loisirs\/musique\/david-hallyday-si-on-nuit-a-l-image-de-mon-pere-je-mettrai-le-hola-09-09-2020-8381904.php\" target=\"_blank\" rel=\"noopener\"><em>Parisien <\/em><\/a>: \u00ab\u00a0<em><strong>C&rsquo;\u00e9tait une p\u00e9riode tr\u00e8s compliqu\u00e9e pour ma famille et moi et je ne veux pas que l&rsquo;on me ram\u00e8ne toujours \u00e0 \u00e7a<\/strong>. Je pr\u00e9f\u00e8re \u00eatre dans le positif, dans la reconstruction<\/em>\u00ab\u00a0. Rappelons que David Hallyday\u00a0avait renonc\u00e9 \u00e0 sa part d&rsquo;h\u00e9ritage, et n&rsquo;a pu conserver qu&rsquo;un droit moral sur l&rsquo;album qu&rsquo;il avait compos\u00e9 avec Johnny, <em>Sang pour sang<\/em>.<\/p>\n<\/p><\/div>\n<p>[ad_2]<br \/>\n<br \/><a href=\"https:\/\/www.journaldesfemmes.fr\/people\/actus\/2903165-david-hallyday-mort-johnny-deuil-ilona-smet\/\">Source link <\/a><\/p>\n","protected":false},"excerpt":{"rendered":"<p>[ad_1] Plus de cinq ans apr\u00e8s la mort de Johnny, David Hallyday a fait de rares confidences sur le deuil &hellip; <a href=\"http:\/\/www.affinite.fr\/index.php\/2023\/03\/15\/5-ans-apres-la-mort-de-johnny-david-hallyday-se-confie-sur-son-deuil\/\" class=\"more-link\">Plus <span class=\"screen-reader-text\">5\u00a0ans apr\u00e8s la mort de Johnny, David Hallyday se confie sur son deuil<\/span> <span class=\"meta-nav\">&rarr;<\/span><\/a><\/p>\n","protected":false},"author":1,"featured_media":8951,"comment_status":"","ping_status":"open","sticky":false,"template":"","format":"standard","meta":{"_sitemap_exclude":false,"_sitemap_priority":"","_sitemap_frequency":"","footnotes":""},"categories":[1],"tags":[],"class_list":["post-8950","post","type-post","status-publish","format-standard","has-post-thumbnail","hentry","category-tous"],"_links":{"self":[{"href":"http:\/\/www.affinite.fr\/index.php\/wp-json\/wp\/v2\/posts\/8950"}],"collection":[{"href":"http:\/\/www.affinite.fr\/index.php\/wp-json\/wp\/v2\/posts"}],"about":[{"href":"http:\/\/www.affinite.fr\/index.php\/wp-json\/wp\/v2\/types\/post"}],"author":[{"embeddable":true,"href":"http:\/\/www.affinite.fr\/index.php\/wp-json\/wp\/v2\/users\/1"}],"replies":[{"embeddable":true,"href":"http:\/\/www.affinite.fr\/index.php\/wp-json\/wp\/v2\/comments?post=8950"}],"version-history":[{"count":0,"href":"http:\/\/www.affinite.fr\/index.php\/wp-json\/wp\/v2\/posts\/8950\/revisions"}],"wp:featuredmedia":[{"embeddable":true,"href":"http:\/\/www.affinite.fr\/index.php\/wp-json\/wp\/v2\/media\/8951"}],"wp:attachment":[{"href":"http:\/\/www.affinite.fr\/index.php\/wp-json\/wp\/v2\/media?parent=8950"}],"wp:term":[{"taxonomy":"category","embeddable":true,"href":"http:\/\/www.affinite.fr\/index.php\/wp-json\/wp\/v2\/categories?post=8950"},{"taxonomy":"post_tag","embeddable":true,"href":"http:\/\/www.affinite.fr\/index.php\/wp-json\/wp\/v2\/tags?post=8950"}],"curies":[{"name":"wp","href":"https:\/\/api.w.org\/{rel}","templated":true}]}}