{"id":8948,"date":"2023-03-14T20:17:55","date_gmt":"2023-03-14T20:17:55","guid":{"rendered":"https:\/\/www.affinite.fr\/index.php\/2023\/03\/14\/je-men-suis-sorti-sans-traitement\/"},"modified":"2023-03-14T20:17:55","modified_gmt":"2023-03-14T20:17:55","slug":"je-men-suis-sorti-sans-traitement","status":"publish","type":"post","link":"http:\/\/www.affinite.fr\/index.php\/2023\/03\/14\/je-men-suis-sorti-sans-traitement\/","title":{"rendered":"\u00ab\u00a0Je m&rsquo;en suis sorti sans traitement\u00a0\u00bb"},"content":{"rendered":"<p> [ad_1]<br \/>\n<br \/><img decoding=\"async\" src=\"https:\/\/img-3.journaldesfemmes.fr\/q72NC7VgWnfdyfp-Bgkd0IH7ss0=\/1280x\/smart\/d00f7d977ec843d9b9ae8997009db900\/ccmcms-jdf\/39598026.jpg\" \/><\/p>\n<p>\n                Depuis 1\u00a0an, l&rsquo;humoriste J\u00e9r\u00e9my Ferrari s&rsquo;exprime ouvertement sur son alcoolisme et sa sant\u00e9 mentale. Un quotidien qu&rsquo;il <a href=\"http:\/\/www.affinite.fr\/index.php\/2023\/08\/24\/lart-de-la-glace-transforme-en-business-la-vision-unique-de-fabien-gris\/\">livre<\/a> \u00e0 c\u0153ur ouvert une fois de plus sur le plateau de France 2\u00a0dans l&rsquo;\u00e9mission \u00ab\u00a0T\u00e9l\u00e9matin\u00a0\u00bb, ce lundi 13\u00a0mars.            <\/p>\n<div>\n<p>Il n&rsquo;est jamais \u00e9vident de parler de sujets s\u00e9rieux et personnels lorsque notre m\u00e9tier est de cens\u00e9 faire rire un public. C&rsquo;est ce que fait pourtant <strong>J\u00e9r\u00e9my Ferrari<\/strong>. L&rsquo;humoriste, actuellement en tourn\u00e9e avec son spectacle <em><strong>Anesth\u00e9sie G\u00e9n\u00e9rale\u00a0<\/strong><\/em>n&rsquo;a pas peur de parler en interview de <strong>ses probl\u00e8mes d&rsquo;addictions (il est alcoolique) et de ses troubles\u00a0psychiatriques<\/strong>. Une partie de sa vie qu&rsquo;il avait d\u00e9cid\u00e9 de cacher avant de s&rsquo;en faire un porte-parole.<\/p>\n<p>Il \u00e9tait invit\u00e9 de <em>T\u00e9l\u00e9matin<\/em> le 13 mars 2023.<\/p>\n<h2>Il a fait une tentative de suicide \u00e0 cause de l&rsquo;alcool<\/h2>\n<p>Dans une pr\u00e9c\u00e9dente interview donn\u00e9e \u00e0 <em>Konbini<\/em> en mars 2022, l&rsquo;humoriste \u00e9tait\u00a0revenu sur son addiction \u00e0 l&rsquo;alcool. Il pr\u00e9cisait alors\u00a0que celle-ci \u00e9tait\u00a0pr\u00e9sente depuis longtemps et qu&rsquo;il pensait\u00a0avoir \u00ab\u00a0<em>toujours \u00e9t\u00e9 alcoolique<\/em>\u00ab\u00a0. Une\u00a0situation que J\u00e9r\u00e9my Ferrari arrive \u00e0 accepter et sur laquelle il peut prendre\u00a0du recul aujourd&rsquo;hui mais qui n&rsquo;est pas sans laisser de traces\u2026 Malgr\u00e9 les apparences et sa facilit\u00e9 \u00e0 cacher les effets secondaires des boissons alcoolis\u00e9es sur lui, il racontait\u00a0un pass\u00e9 douloureux\u00a0: \u00ab\u00a0<em><strong>J&rsquo;arrive \u00e0 ce que \u00e7a ne se ressente pas dans le travail. J&rsquo;arrive, mais pas toujours, \u00e0 ne pas boire avant de monter sur sc\u00e8ne\u2026 et de l\u00e0, j&rsquo;arrive \u00e0 cette tentative de suicide<\/strong><\/em>.\u00a0\u00bb<\/p>\n<p>L&rsquo;humoriste\u00a0r\u00e9v\u00e9l\u00e9 par <a href=\"https:\/\/www.journaldesfemmes.fr\/people\/personnalites\/2889545-laurent-ruquier-couple-compagnon-maison-age-theatre\/\" title=\"Laurent Ruquier\">Laurent Ruquier<\/a>, qui a voulu mettre fin \u00e0 ses jours, commentait alors\u00a0la sc\u00e8ne en \u00e9voquant son instinct de survie comme sauveur de la situation : \u00ab\u00a0<em>Au moment o\u00f9 je sens que je glisse, je pense que c&rsquo;est tout simplement mon instinct de survie qui revient \u00e0 ce moment-l\u00e0, qui me met comme <strong>un \u00e9lectrochoc<\/strong><\/em>.\u00a0\u00bb\u00a0<\/p>\n<h2>Sauv\u00e9 sans traitement<\/h2>\n<p>C&rsquo;est \u00e0 partir de cet \u00e9v\u00e9nement que <strong>J\u00e9r\u00e9my Ferrari se plie\u00a0\u00e0 une <a href=\"https:\/\/sante.journaldesfemmes.fr\/fiches-sante-du-quotidien\/2897759-cure-de-desintoxication-drogue-alcool-duree-deroule\/\" title=\"Cure de d\u00e9sintoxication\">cure de d\u00e9sintoxication<\/a>.<\/strong> Une mani\u00e8re d&rsquo;avoir un diagnostic valide par des professionnels de la sant\u00e9. D\u00e9barrass\u00e9 de son addiction \u00e0 l&rsquo;alcool, m\u00eame s&rsquo;il pense \u00eatre alcoolique \u00e0 vue, il a fait des confidences suppl\u00e9mentaires sur le plateau de <em>T\u00e9l\u00e9matin<\/em>, \u00e9voquant son spectacle qu&rsquo;il va jouer l&rsquo;an prochain sur la sc\u00e8ne immense de l&rsquo;AccorArena de Paris : \u00ab\u00a0<em>Quand vous faites une cure de d\u00e9sintoxication et que vous comprenez que vous avez une liste de maladies invisibles, des maladies psychiatriques, et que vous comprenez qui vous \u00eates de mani\u00e8re un petit peu plus sinc\u00e8re, vous avez envie de le partager avec les gens qui vous ont accompagn\u00e9. Moi, j&rsquo;ai grandi avec le public. J&rsquo;ai 37\u00a0ans, \u00e7a va faire 12\u00a0ans que je suis sur sc\u00e8ne avec les gens. (&#8230;) <strong>Je m&rsquo;en suis sorti sans traitement<\/strong>, pratiquement uniquement avec la parole<\/em>.\u00a0\u00bb<\/p>\n<p>Une vision optimiste malgr\u00e9 le fait que l&rsquo;humoriste indique : \u00ab\u00a0<strong><em>Je ne serai jamais gu\u00e9ri. Je serai toujours alcoolique<\/em><\/strong>.\u00a0\u00bb Une lutte qu&rsquo;il compte bien gagner gr\u00e2ce \u00e0 \u00ab\u00a0<em>l&rsquo;hygi\u00e8ne de vie<\/em>\u00a0\u00bb jug\u00e9e pour lui comme \u00ab\u00a0<em>primordiale<\/em>\u00a0\u00bb et que \u00ab\u00a0<em>gr\u00e2ce \u00e0 la parole<\/em>\u00a0\u00bb il se sent aujourd&rsquo;hui lib\u00e9r\u00e9. Preuve en est, les 9\u00a0et 10\u00a0mars 2024, ce sera devant plus de 20\u00a0000\u00a0personnes que J\u00e9r\u00e9my Ferrari d\u00e9montrera que son humour et sa personnalit\u00e9 combattive sont plus fortes que tout.<\/p>\n<\/p><\/div>\n<p>[ad_2]<br \/>\n<br \/><a href=\"https:\/\/www.journaldesfemmes.fr\/people\/actus\/2902631-jeremy-ferrari\/\">Source link <\/a><\/p>\n","protected":false},"excerpt":{"rendered":"<p>[ad_1] Depuis 1\u00a0an, l&rsquo;humoriste J\u00e9r\u00e9my Ferrari s&rsquo;exprime ouvertement sur son alcoolisme et sa sant\u00e9 mentale. Un quotidien qu&rsquo;il livre \u00e0 &hellip; <a href=\"http:\/\/www.affinite.fr\/index.php\/2023\/03\/14\/je-men-suis-sorti-sans-traitement\/\" class=\"more-link\">Plus <span class=\"screen-reader-text\">\u00ab\u00a0Je m&rsquo;en suis sorti sans traitement\u00a0\u00bb<\/span> <span class=\"meta-nav\">&rarr;<\/span><\/a><\/p>\n","protected":false},"author":1,"featured_media":8949,"comment_status":"","ping_status":"open","sticky":false,"template":"","format":"standard","meta":{"_sitemap_exclude":false,"_sitemap_priority":"","_sitemap_frequency":"","footnotes":""},"categories":[1],"tags":[],"class_list":["post-8948","post","type-post","status-publish","format-standard","has-post-thumbnail","hentry","category-tous"],"_links":{"self":[{"href":"http:\/\/www.affinite.fr\/index.php\/wp-json\/wp\/v2\/posts\/8948"}],"collection":[{"href":"http:\/\/www.affinite.fr\/index.php\/wp-json\/wp\/v2\/posts"}],"about":[{"href":"http:\/\/www.affinite.fr\/index.php\/wp-json\/wp\/v2\/types\/post"}],"author":[{"embeddable":true,"href":"http:\/\/www.affinite.fr\/index.php\/wp-json\/wp\/v2\/users\/1"}],"replies":[{"embeddable":true,"href":"http:\/\/www.affinite.fr\/index.php\/wp-json\/wp\/v2\/comments?post=8948"}],"version-history":[{"count":0,"href":"http:\/\/www.affinite.fr\/index.php\/wp-json\/wp\/v2\/posts\/8948\/revisions"}],"wp:featuredmedia":[{"embeddable":true,"href":"http:\/\/www.affinite.fr\/index.php\/wp-json\/wp\/v2\/media\/8949"}],"wp:attachment":[{"href":"http:\/\/www.affinite.fr\/index.php\/wp-json\/wp\/v2\/media?parent=8948"}],"wp:term":[{"taxonomy":"category","embeddable":true,"href":"http:\/\/www.affinite.fr\/index.php\/wp-json\/wp\/v2\/categories?post=8948"},{"taxonomy":"post_tag","embeddable":true,"href":"http:\/\/www.affinite.fr\/index.php\/wp-json\/wp\/v2\/tags?post=8948"}],"curies":[{"name":"wp","href":"https:\/\/api.w.org\/{rel}","templated":true}]}}