{"id":8940,"date":"2023-03-12T20:13:12","date_gmt":"2023-03-12T20:13:12","guid":{"rendered":"https:\/\/www.affinite.fr\/index.php\/2023\/03\/12\/christopher-coutanceau-cuisinier-pecheur\/"},"modified":"2023-03-12T20:13:12","modified_gmt":"2023-03-12T20:13:12","slug":"christopher-coutanceau-cuisinier-pecheur","status":"publish","type":"post","link":"http:\/\/www.affinite.fr\/index.php\/2023\/03\/12\/christopher-coutanceau-cuisinier-pecheur\/","title":{"rendered":"Christopher Coutanceau\u00a0: cuisinier-p\u00eacheur"},"content":{"rendered":"<p> [ad_1]<br \/>\n<\/p>\n<p>\n                Christopher Coutanceau, \u00e0 la t\u00eate du restaurant \u00e9ponyme \u00e0 La Rochelle, est souvent consid\u00e9r\u00e9 comme un cuisinier-p\u00eacheur. Voici sa biographie.            <\/p>\n<div>\n<aside class=\"ccmsummary marqueur_module ccmcss_cms_summary ccmcss_cms_summary--right\">\n<p>Sommaire<\/p>\n<\/aside>\n<p>Originaire de La Rochelle, <strong>Christopher Coutanceau <\/strong>est aujourd&rsquo;hui \u00e0 la t\u00eate du <a href=\"https:\/\/cuisine.journaldesfemmes.fr\/chefs-et-gastronomie\/2730101-restaurant-actualites-et-bonnes-adresses-a-tester\/\" title=\"Resto\">restaurant<\/a> le plus en vue de la ville, doublement \u00e9toil\u00e9 au Guide Michelin.\u00a0Cet amoureux de la mer, souvent d\u00e9crit comme un <strong>cuisinier-p\u00eacheur, <\/strong>est un grand d\u00e9fenseur de la p\u00eache durable. D\u00e9couvrez sa biographie mais aussi son engagement.<\/p>\n<h2 id=\"biographie-dun-chef-a-lesprit-sportif-\">Biographie d&rsquo;un chef \u00e0 l&rsquo;esprit sportif<\/h2>\n<p>N\u00e9 le 12\u00a0octobre 1978\u00a0\u00e0 La Rochelle, Christopher Coutanceau fait partie d&rsquo;une <strong>grande famille de cuisiniers<\/strong>. Ses parents, Maryse et Richard, sont du m\u00e9tier. Au milieu des ann\u00e9es 80, ils poss\u00e8dent d&rsquo;ailleurs <strong>deux \u00e9toiles au guide Michelin<\/strong>. <em>\u00ab\u00a0Je suis n\u00e9 au-dessus de la cuisine de l&rsquo;H\u00f4tel de France. On dormait dans une chambre d&rsquo;h\u00f4tel et on avait un ascenseur qui nous faisait descendre directement en cuisine\u00a0\u00bb<\/em>, se rem\u00e9more le chef \u00e0 La Nouvelle R\u00e9publique.<\/p>\n<p>Petit, Christopher <strong>r\u00eave de football<\/strong> et int\u00e8gre le centre de <a href=\"http:\/\/www.affinite.fr\/index.php\/2024\/11\/15\/devenez-artisan-glacier-et-faites-vos-propres-glaces-une-nouvelle-tendance-en-2025\/\">formation<\/a> du FC Nantes \u00e0 12\u00a0ans<em>. \u00ab\u00a0L\u00e0-bas, j&rsquo;ai vu que mon niveau \u00e9tait bon, mais pas assez pour devenir un grand professionnel. Quand j&rsquo;entreprends quelque chose, <strong>j&rsquo;ai besoin que ce soit \u00e0 un tr\u00e8s haut niveau<\/strong>.\u00a0\u00bb\u00a0<\/em>La cuisine devient son terrain de jeu favori. Apr\u00e8s une formation au lyc\u00e9e h\u00f4telier de La\u00a0Rochelle, il s&rsquo;aguerrit aux c\u00f4t\u00e9s des plus grands chefs\u00a0: <strong><a href=\"https:\/\/cuisine.journaldesfemmes.fr\/chefs-et-gastronomie\/2553498-michel-guerard-biographie-restaurant-cuisine-recettes\/\" title=\"Michel Gu\u00e9rard\">Michel Gu\u00e9rard<\/a><\/strong>, Jean Bardet, Ferran Adia, Guy Martin, Didier Oudill (Caf\u00e9 de Paris) et m\u00eame <strong>Pierre Herm\u00e9<\/strong> afin de ma\u00eetriser au mieux la partie sucr\u00e9e. <em>\u00ab\u00a0Tous m&rsquo;ont apport\u00e9 leur vision, de la motivation, du respect et l&rsquo;envie de faire plaisir \u00e0 nos convives.\u00a0\u00bb<\/em><\/p>\n<p>En 2001, le chef a 22\u00a0ans lorsqu&rsquo;<strong>il ouvre avec son fr\u00e8re un restaurant baptis\u00e9 <em>Le Vieux Port<\/em><\/strong><em>.<\/em> Tout naturellement, il rejoint trois ans plus tard son p\u00e8re en cuisine avant d&rsquo;en prendre seul les r\u00eanes en 2007. Il rach\u00e8te m\u00eame l&rsquo;\u00e9tablissement en s&rsquo;associant \u00e0 <strong>Nicolas Brossard,<\/strong> <strong>son alter-ego en salle et en sommelerie<\/strong>.<\/p>\n<figure class=\"image\" style=\"float:right\"><img decoding=\"async\" alt=\"restaurant-christophe-coutanceau\" src=\"https:\/\/img-3.journaldesfemmes.fr\/iJi5r-vLktoDU3JB8aO8ChVmA1k=\/450x\/smart\/a0daa4f01f454194a618d55c8f946a20\/ccmcms-jdf\/23652581.jpg\"\/><figcaption data-credit=\"PHILIPPE VAURES SANTAMARIA\"><small>\u00a9\u00a0PHILIPPE VAURES SANTAMARIA<\/small><\/figcaption><\/figure>\n<h2 id=\"des-restaurants-de-renom\">Des restaurants de renom<\/h2>\n<p>L&rsquo;autre passion de Christopher Coutanceau<strong>, c&rsquo;est la mer<\/strong>. <em>\u00ab\u00a0C&rsquo;est mon grand-p\u00e8re, Andr\u00e9 Coutanceau qui m&rsquo;a transmis la passion pour la p\u00eache et pour l&rsquo;observation de la mer\u00a0\u00bb<\/em>, explique l&rsquo;int\u00e9ress\u00e9 sur son site.<strong> Au quotidien, il aime partir p\u00eacher<\/strong> \u00e0 l&rsquo;aube sur son semi-rigide et pr\u00e9lever le strict n\u00e9cessaire pour d\u00e9guster et partager les tr\u00e9sors de la mer. Son engagement profond \u2013 aupr\u00e8s d&rsquo;associations comme L&rsquo;\u0153illet des dunes ou Bloom qui milite contre la p\u00eache \u00e9lectrique \u2013 a largement d\u00e9pass\u00e9 les fronti\u00e8res rochelaises. Aujourd&rsquo;hui, il est <strong>l&rsquo;un des plus fervents porte-parole de la gastronomie durable<\/strong>. Et un lanceur d&rsquo;alerte. <em>\u00ab\u00a0La nature peut se refaire mais il va falloir agir tr\u00e8s rapidement en laissant les poissons se reproduire, en respectant les saisons marines, en p\u00eachant d&rsquo;une fa\u00e7on responsable\u00a0\u00bb<\/em>, clame-t-il sur le site France TV.<\/p>\n<p>C\u00f4t\u00e9 restauration, le chef poss\u00e8de <strong>trois activit\u00e9s compl\u00e9mentaires<\/strong>. Son <strong>restaurant \u00e9ponyme<\/strong>, bien s\u00fbr, qui a atteint les sommets en 2020\u00a0avec l&rsquo;obtention de la troisi\u00e8me \u00e9toile. Juste \u00e0 c\u00f4t\u00e9 se trouve<em><strong> La yole de Chris<\/strong><\/em>, un bistrot marin de qualit\u00e9 qui a ouvert ses portes en 2018. Face \u00e0 la mer, il y d\u00e9livre une cuisine au feu de bois b\u00e2tie autour des produits de la mer (poissons, coquillages, crustac\u00e9s) dans leur plus simple expression. Enfin, le chef propose \u00e9galement sa cuisine <strong>au sein de la Villa Grand Voile<\/strong>, un h\u00f4tel Relais &amp; Ch\u00e2teaux nich\u00e9 au sein d&rsquo;une ancienne demeure d&rsquo;armateur datant de 1715.<\/p>\n<h2 id=\"une-cuisine-admirable\">Une cuisine de qualit\u00e9<\/h2>\n<p>La cuisine du Charentais est le prolongement naturel de son engagement pour la mer. Comme on peut le lire sur le c\u00e9l\u00e8bre guide rouge, son style culinaire <em>est \u00ab\u00a0<strong>une ode \u00e0 l&rsquo;oc\u00e9an vivante et percutante<\/strong>\u00ab\u00a0<\/em> o\u00f9 se rencontrent les plus beaux produits marins\u00a0: bar de ligne, turbot, sole, oursins, lotte et <a href=\"https:\/\/cuisine.journaldesfemmes.fr\/encyclopedie-produits\/2719583-langoustine\/\" title=\"Langoustine\">langoustines<\/a>, hu\u00eetres, tourteaux et tant d&rsquo;autres. Mais pas que\u00a0! Ce qui int\u00e9resse encore plus Christopher Coutanceau, c&rsquo;est de <strong>remettre au go\u00fbt du jour des esp\u00e8ces peu connues.<\/strong> <em>\u00ab\u00a0Pour moi, un maquereau est meilleur qu&rsquo;un bar de ligne. Pour les faire d\u00e9couvrir, je les travaille de la t\u00eate \u00e0 la queue, en utilisant toutes les parties du poisson souvent oubli\u00e9es et jet\u00e9es\u00a0\u00bb<\/em>. La <strong>joue<\/strong>, la <strong>langue<\/strong>, les <strong>nageoires pectorales\u00a0<\/strong>: le chef a toujours une astuce culinaire sous le tablier pour en faire quelque chose de bon.<\/p>\n<figure class=\"image\" style=\"float:left\"><img decoding=\"async\" alt=\"recette-christophe-coutanceau\" src=\"https:\/\/img-3.journaldesfemmes.fr\/NTHaWJi8L55ymk5q4tF1Pqt2JA8=\/300x\/smart\/d676d9d00cd9492abd32ec24c9fa0809\/ccmcms-jdf\/23652628.jpg\"\/><figcaption data-credit=\"PHILIPPE VAURES SANTAMARIA\"><small>\u00a9\u00a0PHILIPPE VAURES SANTAMARIA<\/small><\/figcaption><\/figure>\n<h2 id=\"des-recettes-admirables-\">Des recettes admirables<\/h2>\n<p>Que ce soit dans son <strong>menu d\u00e9jeuner ou signature<\/strong>, le chef \u00e2g\u00e9 de 42\u00a0ans<strong> fait \u00e9voluer perp\u00e9tuellement ses plats.<\/strong> Au gr\u00e9 des saisons, bien s\u00fbr, mais \u00e9galement de ses inspirations. Le fil rouge de sa cuisine\u00a0? L&rsquo;\u00e9quipe parfait entre les saveurs iod\u00e9es de la mer et les saveurs sal\u00e9es, sucr\u00e9es, acides ou am\u00e8res qui accompagnent le produit principal. Parmi les grandes r\u00e9ussites, citons les langoustines vivantes de La Cotini\u00e8re en<strong> tartare\/saisie<\/strong>s et\u00a0leur gel\u00e9e de pinces et araign\u00e9e de mer, le civet gourmand de homard breton pour mon papa, petits l\u00e9gumes de saison et ravioles de champignons ou, c\u00f4t\u00e9 dessert, le <a href=\"http:\/\/www.affinite.fr\/index.php\/2025\/02\/27\/le-chocolat-et-le-materiel-indispensable-pour-reussir-vos-creations-gourmandes\/\">chocolat<\/a> tonka en \u00e9cailles, Raviolis d&rsquo;ananas litchi. Les <strong>sardines de la t\u00eate \u00e0 la queue <\/strong>et la glace aux bouffis sont les \u00e9l\u00e9ments incontournables de la cuisine du chef, d&rsquo;apr\u00e8s le <a href=\"http:\/\/www.affinite.fr\/index.php\/2023\/08\/24\/lart-de-la-glace-transforme-en-business-la-vision-unique-de-fabien-gris\/\">livre<\/a> de V\u00e9ronique Andr\u00e9 <strong>\u00ab\u00a0Petits secrets de Grands chefs\u00a0\u00bb,<\/strong> paru en septembre 2021\u00a0aux \u00e9ditions Hachette Pratique.<\/p>\n<h2 id=\"un-livre-pour-aller-plus-loin\">Un livre pour aller plus loin<\/h2>\n<p>En 2018, le chef a sorti un livre d\u00e9voilant son univers\u00a0: <em>Christopher Coutanceau, cuisinier p\u00eacheur<\/em>. Cette \u0153uvre de 240\u00a0pages met en lumi\u00e8re son quotidien, mais \u00e9galement <strong>ses convictions et ses engagements.<\/strong> On y trouve \u00e9galement des recettes gastronomiques et un calendrier des p\u00eaches et des recommandations pour pr\u00e9parer respectueusement les produits de la mer. Ce livre refl\u00e8te le travail d&rsquo;un chef qui transmet sa passion avec talent.<\/p>\n<\/p><\/div>\n<p>[ad_2]<br \/>\n<br \/><a href=\"https:\/\/cuisine.journaldesfemmes.fr\/chefs-et-gastronomie\/2693993-christopher-coutanceau-la-mauvaise-surprise-du-guide-michelin\/\">Source link <\/a><\/p>\n","protected":false},"excerpt":{"rendered":"<p>[ad_1] Christopher Coutanceau, \u00e0 la t\u00eate du restaurant \u00e9ponyme \u00e0 La Rochelle, est souvent consid\u00e9r\u00e9 comme un cuisinier-p\u00eacheur. Voici sa &hellip; <a href=\"http:\/\/www.affinite.fr\/index.php\/2023\/03\/12\/christopher-coutanceau-cuisinier-pecheur\/\" class=\"more-link\">Plus <span class=\"screen-reader-text\">Christopher Coutanceau\u00a0: cuisinier-p\u00eacheur<\/span> <span class=\"meta-nav\">&rarr;<\/span><\/a><\/p>\n","protected":false},"author":1,"featured_media":8941,"comment_status":"","ping_status":"open","sticky":false,"template":"","format":"standard","meta":{"_sitemap_exclude":false,"_sitemap_priority":"","_sitemap_frequency":"","footnotes":""},"categories":[1],"tags":[],"class_list":["post-8940","post","type-post","status-publish","format-standard","has-post-thumbnail","hentry","category-tous"],"_links":{"self":[{"href":"http:\/\/www.affinite.fr\/index.php\/wp-json\/wp\/v2\/posts\/8940"}],"collection":[{"href":"http:\/\/www.affinite.fr\/index.php\/wp-json\/wp\/v2\/posts"}],"about":[{"href":"http:\/\/www.affinite.fr\/index.php\/wp-json\/wp\/v2\/types\/post"}],"author":[{"embeddable":true,"href":"http:\/\/www.affinite.fr\/index.php\/wp-json\/wp\/v2\/users\/1"}],"replies":[{"embeddable":true,"href":"http:\/\/www.affinite.fr\/index.php\/wp-json\/wp\/v2\/comments?post=8940"}],"version-history":[{"count":0,"href":"http:\/\/www.affinite.fr\/index.php\/wp-json\/wp\/v2\/posts\/8940\/revisions"}],"wp:featuredmedia":[{"embeddable":true,"href":"http:\/\/www.affinite.fr\/index.php\/wp-json\/wp\/v2\/media\/8941"}],"wp:attachment":[{"href":"http:\/\/www.affinite.fr\/index.php\/wp-json\/wp\/v2\/media?parent=8940"}],"wp:term":[{"taxonomy":"category","embeddable":true,"href":"http:\/\/www.affinite.fr\/index.php\/wp-json\/wp\/v2\/categories?post=8940"},{"taxonomy":"post_tag","embeddable":true,"href":"http:\/\/www.affinite.fr\/index.php\/wp-json\/wp\/v2\/tags?post=8940"}],"curies":[{"name":"wp","href":"https:\/\/api.w.org\/{rel}","templated":true}]}}