{"id":8931,"date":"2023-03-09T19:49:55","date_gmt":"2023-03-09T19:49:55","guid":{"rendered":"https:\/\/www.affinite.fr\/index.php\/2023\/03\/09\/tarte-au-pain-rassis-ricotta-poireaux-et-champignons\/"},"modified":"2023-03-09T19:49:55","modified_gmt":"2023-03-09T19:49:55","slug":"tarte-au-pain-rassis-ricotta-poireaux-et-champignons","status":"publish","type":"post","link":"http:\/\/www.affinite.fr\/index.php\/2023\/03\/09\/tarte-au-pain-rassis-ricotta-poireaux-et-champignons\/","title":{"rendered":"Tarte au pain rassis, ricotta, poireaux et champignons"},"content":{"rendered":"<p> [ad_1]<br \/>\n<\/p>\n<div>\n<div class=\"photo-wrap photo-xid-6a00d8341c676f53ef02b75199cc38200c photo-full \" id=\"photo-xid-6a00d8341c676f53ef02b75199cc38200c\" style=\"display: block; margin-left: auto; margin-right: auto;\"><a class=\"asset-img-link\" href=\"https:\/\/scally.typepad.com\/.a\/6a00d8341c676f53ef02b75199cc38200c-pi\"><img decoding=\"async\" alt=\"Tarte au pain ricotta poireaux et champignons\" border=\"0\" class=\"asset  asset-image at-xid-6a00d8341c676f53ef02b75199cc38200c image-full img-responsive\" src=\"https:\/\/scally.typepad.com\/.a\/6a00d8341c676f53ef02b75199cc38200c-800wi\" title=\"Tarte au pain ricotta poireaux et champignons\"\/><\/a><\/p>\n<p>Tarte au pain, ricotta, poireaux et champignons<\/p>\n<\/div>\n<p>On connait tous et toutes des tas d\u2019astuces ou de recettes pour recycler le pain rassis, comme ce <a href=\"https:\/\/scally.typepad.com\/cest_moi_qui_lai_fait\/2019\/10\/g%C3%A2teau-pudding-pommes-pain-rassis-comment-utiliser-reste-pain.html\" rel=\"noopener\" target=\"_blank\">g\u00e2teau aux pommes et pain rassis. <\/a>Cette nouvelle recette pour recycler son pain rassis, est de loin la plus cr\u00e9ative que je connaisse. Nous la devons \u00e0 Est\u00e9relle Payany, depuis qu\u2019elle l\u2019a partag\u00e9e dans son <a href=\"http:\/\/www.affinite.fr\/index.php\/2023\/08\/24\/lart-de-la-glace-transforme-en-business-la-vision-unique-de-fabien-gris\/\">livre<\/a> <a href=\"https:\/\/amzn.to\/41Xbf0n\" rel=\"noopener\" target=\"_blank\">La Cuisine des Beaux Restes<\/a>, paru chez Flammarion. Je vous le recommande vivement.<\/p>\n<p><strong>Son id\u00e9e : pr\u00e9parez une p\u00e2te \u00e0 tarte avec du pain rassis<\/strong>. Le pain doit d&rsquo;abord faire trempette dans de l\u2019eau ou du lait (un m\u00e9lange chez moi) avant d&rsquo;\u00eatre mix\u00e9 puis enrichi avec 1 \u0153uf, un peu de farine et du fromage r\u00e2p\u00e9. Cette p\u00e2te, qui ressemble \u00e0 un pudding, va cuire tranquillement au four pour devenir une chouette base \u00e0 garnir. Est\u00e9relle est fait une \u201cPain-saladi\u00e8re\u201d avec des oignons, des anchois et des olives. J\u2019ai proc\u00e9d\u00e9 diff\u00e9remment en ajoutant de la ricotta et des poireaux et champignons saut\u00e9s.<\/p>\n<p>Cela donne une tarte aux faux airs de tartine. La base est moelleuse avec une surface croustillante. Gros coup de c\u0153ur que je suis ravie de partager avec vous. Si vous faites votre propre version, n\u2019h\u00e9sitez pas \u00e0 la partager sur Instagram en me taguant, afin que je puisse voir vos tartes.<\/p>\n<p><span style=\"text-decoration: underline;\"><strong>Tarte au pain rassis, ricotta, poireaux et champignons<\/strong><\/span><\/p>\n<p><em><strong>Pour 4 personnes<\/strong><\/em><\/p>\n<p>Pour la p\u00e2te\u00a0<\/p>\n<ul>&#13;<\/p>\n<li>125 g de pain rassis<\/li>\n<p>&#13;<\/p>\n<li>125 g d\u2019eau<\/li>\n<p>&#13;<\/p>\n<li>125 g de lait<\/li>\n<p>&#13;<\/p>\n<li>1 oeuf<\/li>\n<p>&#13;<\/p>\n<li>30 g de farine<\/li>\n<p>&#13;<\/p>\n<li>50 g de fromage r\u00e2p\u00e9 (comt\u00e9 et parmesan pour moi)<\/li>\n<p>&#13;\n<\/ul>\n<p>Pour la garniture<\/p>\n<ul>&#13;<\/p>\n<li>250 g de ricotta<\/li>\n<p>&#13;<\/p>\n<li>2 grosses c. \u00e0 soupe de yaourt (brebis ou autre)<\/li>\n<p>&#13;<\/p>\n<li>3 blancs de poireaux (175 g)<\/li>\n<p>&#13;<\/p>\n<li>225 g de champignons de Paris bruns<\/li>\n<p>&#13;<\/p>\n<li>1 c. \u00e0 soupe de jus de citron<\/li>\n<p>&#13;<\/p>\n<li>Persillade surgel\u00e9e (facultatif)<\/li>\n<p>&#13;<\/p>\n<li>Huile d\u2019olive<\/li>\n<p>&#13;<\/p>\n<li>Sel et poivre du moulin<\/li>\n<p>&#13;<\/p>\n<li>Copeaux de parmesan pour la finition<\/li>\n<p>&#13;\n<\/ul>\n<p><strong>Comment faire ?<\/strong><\/p>\n<p><strong>Pr\u00e9parez la p\u00e2te<\/strong><\/p>\n<p>Coupez le pain en morceaux, versez-les\u00a0 dans un saladier, ajoutez les liquides et laissez reposer pendant 20 minutes. De temps en temps, appuyez \u00e0 la fourchette et cassez les morceaux les plus durs en morceaux, pour qu\u2019ils s\u2019imbibent mieux du liquide.<\/p>\n<p>Mixez (\u00e9vitez le mixeur plongeur), versez \u00e0 nouveau dans le saladier, ajoutez l&rsquo;\u0153uf, m\u00e9langez, ajoutez la farine, le fromage et m\u00e9langez (nul besoin d&rsquo;assaisonner, le pain l\u2019est d\u00e9j\u00e0 et le fromage va saler \u00e9galement).<\/p>\n<p>Etalez dans un cercle huil\u00e9 de 24 cm pos\u00e9 sur une plaque de cuisson.\u00a0Enfournez pendant 25 minutes \u00e0 180\u00b0C.<\/p>\n<p><strong>Pr\u00e9parez la garniture<\/strong><\/p>\n<p>Pendant ce temps, m\u00e9langez la ricotta avec le yaourt, salez, poivrez et r\u00e9servez au frais.<\/p>\n<p>Ciselez les blancs de poireaux et coupez les champignons en tranches.<\/p>\n<p>Faites revenir les poireaux sur feu moyen dans de l\u2019huile d\u2019olive, pendant 6 minutes en les salant \u00e0 mi -cuisson. Ils doivent \u00eatre tendres.<\/p>\n<p>Ajoutez le jus de citron, m\u00e9langez, augmentez un peu le feu et ajoutez les champignons.<\/p>\n<p>Faites-les revenir pendant 3 minutes en m\u00e9langeant tr\u00e8s souvent et en salant en fin de cuisson.<\/p>\n<p>Ajoutez la persillade, m\u00e9langez et versez les l\u00e9gumes dans un bol.<\/p>\n<p>\u00c9talez le m\u00e9lange \u00e0 la ricotta sur le fond de p\u00e2te, ajoutez les l\u00e9gumes, les copeaux de Parmesan et servez de suite.<\/p>\n<\/p><\/div>\n<p><script>\nwindow.fbAsyncInit = function() {\n    FB.init( { apiKey: 'a279adbe87e2b3c505e777af99a5260d', xfbml: true, version: 'v2.8' } );\n};\n( function() {\n    var e = document.createElement( 'script' ); e.async = true;\n    e.src = document.location.protocol + '\/\/connect.facebook.net\/en_US\/sdk.js';\n    document.getElementById( 'fb-root' ).appendChild( e );\n} )();\n<\/script><br \/>\n<br \/>[ad_2]<br \/>\n<br \/><a href=\"https:\/\/scally.typepad.com\/cest_moi_qui_lai_fait\/2023\/03\/tarte-au-pain-rassis-ricotta-poireaux-et-champignons.html\">Source link <\/a><\/p>\n","protected":false},"excerpt":{"rendered":"<p>[ad_1] Tarte au pain, ricotta, poireaux et champignons On connait tous et toutes des tas d\u2019astuces ou de recettes pour &hellip; <a href=\"http:\/\/www.affinite.fr\/index.php\/2023\/03\/09\/tarte-au-pain-rassis-ricotta-poireaux-et-champignons\/\" class=\"more-link\">Plus <span class=\"screen-reader-text\">Tarte au pain rassis, ricotta, poireaux et champignons<\/span> <span class=\"meta-nav\">&rarr;<\/span><\/a><\/p>\n","protected":false},"author":1,"featured_media":8932,"comment_status":"","ping_status":"open","sticky":false,"template":"","format":"standard","meta":{"_sitemap_exclude":false,"_sitemap_priority":"","_sitemap_frequency":"","footnotes":""},"categories":[1],"tags":[],"class_list":["post-8931","post","type-post","status-publish","format-standard","has-post-thumbnail","hentry","category-tous"],"_links":{"self":[{"href":"http:\/\/www.affinite.fr\/index.php\/wp-json\/wp\/v2\/posts\/8931"}],"collection":[{"href":"http:\/\/www.affinite.fr\/index.php\/wp-json\/wp\/v2\/posts"}],"about":[{"href":"http:\/\/www.affinite.fr\/index.php\/wp-json\/wp\/v2\/types\/post"}],"author":[{"embeddable":true,"href":"http:\/\/www.affinite.fr\/index.php\/wp-json\/wp\/v2\/users\/1"}],"replies":[{"embeddable":true,"href":"http:\/\/www.affinite.fr\/index.php\/wp-json\/wp\/v2\/comments?post=8931"}],"version-history":[{"count":0,"href":"http:\/\/www.affinite.fr\/index.php\/wp-json\/wp\/v2\/posts\/8931\/revisions"}],"wp:featuredmedia":[{"embeddable":true,"href":"http:\/\/www.affinite.fr\/index.php\/wp-json\/wp\/v2\/media\/8932"}],"wp:attachment":[{"href":"http:\/\/www.affinite.fr\/index.php\/wp-json\/wp\/v2\/media?parent=8931"}],"wp:term":[{"taxonomy":"category","embeddable":true,"href":"http:\/\/www.affinite.fr\/index.php\/wp-json\/wp\/v2\/categories?post=8931"},{"taxonomy":"post_tag","embeddable":true,"href":"http:\/\/www.affinite.fr\/index.php\/wp-json\/wp\/v2\/tags?post=8931"}],"curies":[{"name":"wp","href":"https:\/\/api.w.org\/{rel}","templated":true}]}}