{"id":8906,"date":"2023-03-01T19:59:49","date_gmt":"2023-03-01T19:59:49","guid":{"rendered":"https:\/\/www.affinite.fr\/index.php\/2023\/03\/01\/brigitte-bardot-devoile-sa-derniere-volonte-avant-mon-grand-depart\/"},"modified":"2023-03-01T19:59:49","modified_gmt":"2023-03-01T19:59:49","slug":"brigitte-bardot-devoile-sa-derniere-volonte-avant-mon-grand-depart","status":"publish","type":"post","link":"http:\/\/www.affinite.fr\/index.php\/2023\/03\/01\/brigitte-bardot-devoile-sa-derniere-volonte-avant-mon-grand-depart\/","title":{"rendered":"Brigitte Bardot d\u00e9voile sa derni\u00e8re volont\u00e9\u00a0: \u00ab\u00a0Avant mon grand d\u00e9part&#8230;\u00a0\u00bb"},"content":{"rendered":"<p> [ad_1]<br \/>\n<br \/><img decoding=\"async\" src=\"https:\/\/img-3.journaldesfemmes.fr\/8KKqPUb9KOuEAVc_HFW9c0imaKU=\/1280x\/smart\/d73be96c5377497a9dd7626573693c48\/ccmcms-jdf\/17540841.jpg\" \/><\/p>\n<p>\n                Brigitte Bardot est totalement indign\u00e9e par le commerce de viande de cheval, \u00e0 tel point qu&rsquo;elle a fait part d&rsquo;une derni\u00e8re volont\u00e9 \u00ab\u00a0avant son grand d\u00e9part\u00a0\u00bb&#8230;            <\/p>\n<div>\n<p>Apr\u00e8s les photos du chef d&rsquo;\u00c9tat \u00e0 l&rsquo;abattoir de Rungis,<strong> l&rsquo;inauguration de la Foire aux chevaux de Maurs, pr\u00e9vue pour le 2 mars,\u00a0est la goutte de trop pour <a href=\"https:\/\/www.journaldesfemmes.fr\/people\/personnalites\/2850505-brigitte-bardot-88-ans\/\" title=\"Brigitte Bardot\">Brigitte Bardot<\/a><\/strong>. \u00c0 travers un message relay\u00e9 sur Twitter par le journaliste de l&rsquo;AFP, Jean-Fran\u00e7ois Guyot, celle qui a fait de la protection animale le combat de toute une vie, fait un \u00ab\u00a0<em>appel au gouvernement fran\u00e7ais<\/em>\u00a0\u00bb et au pr\u00e9sident\u00a0<a href=\"https:\/\/www.journaldesfemmes.fr\/people\/personnalites\/2875543-emmanuel-macron-politique-vie-privee-age-bio\/\" title=\"Emmanuel Macron\">Emmanuel Macron<\/a>, le 1er mars 2023. <strong>Dans son message, elle fait part de sa\u00a0derni\u00e8re\u00a0volont\u00e9.<\/strong><\/p>\n<h2>Brigitte Bardot scandalis\u00e9e par la foire aux chevaux<\/h2>\n<p>L&rsquo;ancienne actrice de 88 ans commence sa supplique en rappelant la force et la long\u00e9vit\u00e9 de son combat pour la protection et la cause animale. Elle affirme : \u00ab\u00a0<em><strong>Depuis 50 ans, &lsquo;un demi-si\u00e8cle&rsquo;,\u00a0je me bats pour que mon pays abolisse l&rsquo;atroce hippophagie<\/strong>, cette consommation de <a href=\"https:\/\/cuisine.journaldesfemmes.fr\/encyclopedie-produits\/1954375-viande-de-cheval\/\" title=\"Viande chevaline\">viande de cheval<\/a><\/em>\u00ab\u00a0. Elle revient par la suite sur le sens profond de son indignation, selon Brigitte Bardot, cette pratique \u00ab\u00a0<em>n&rsquo;a plus aucune raison d&rsquo;\u00eatre \u00e0 notre \u00e9poque<\/em>\u00ab\u00a0, en plus d&rsquo;\u00eatre une\u00a0\u00ab\u00a0<em>honteuse reconnaissance \u00e0 tout ce que ces animaux magnifiques ont apport\u00e9 aux humains<\/em>\u00ab\u00a0, d\u00e9clare-t-elle.<\/p>\n<h2>Brigitte Bardot supplie le gouvernement de cesser les foires aux chevaux : \u00ab\u00a0Je le m\u00e9rite\u00a0\u00bb<\/h2>\n<p>Dans la suite de ses paroles, Brigitte Bardot n&rsquo;\u00e9nonce qu&rsquo;une seule revendication :<strong>\u00a0\u00ab\u00a0<em>Je demande que ces foires aux chevaux, qui sont d&rsquo;atroces couloirs de la mort<\/em>,\u00a0<em>soient interdites\u00a0\u00bb.<\/em><\/strong>\u00a0Elle pr\u00e9cise tout de m\u00eame : \u00ab\u00a0<em>Et que tout commerce mortif\u00e8re soit imm\u00e9diatement aboli<\/em>\u00ab\u00a0. Mais BB ne s&rsquo;arr\u00eate pas l\u00e0 et justifie sa demande en expliquant\u00a0: \u00ab\u00a0<em><strong>Je m\u00e9rite, apr\u00e8s 50 ans de combat, qu&rsquo;on m&rsquo;accorde enfin cette victoire avant mon grand d\u00e9part<\/strong><\/em>\u00ab\u00a0.<strong>\u00a0<\/strong><\/p>\n<h2>Brigitte Bardot, \u00ab\u00a0choqu\u00e9e\u00a0\u00bb par Macron : elle s&rsquo;indigne<\/h2>\n<p>Quelques jours plus t\u00f4t, Brigitte Bardot avait fait part de son indignation apr\u00e8s la publication des photos du pr\u00e9sident de la R\u00e9publique aux abattoirs de Rungis. Le 27 f\u00e9vrier, l&rsquo;ancienne com\u00e9dienne s&rsquo;\u00e9tait offusqu\u00e9e : <strong>\u00ab\u00a0<\/strong><em><strong>J&rsquo;ai \u00e9t\u00e9 choqu\u00e9, le mot est faible, \u00e9c\u0153ur\u00e9e en voyant MACRON, le mardi 21 f\u00e9vrier, aux abattoirs de Rungis<\/strong>, entour\u00e9 de bouchers, faisant un discours tout sourire, au milieu des carcasse sanglantes et encore ti\u00e8des des animaux<\/em>\u00ab\u00a0.<\/p>\n<p>Et d&rsquo;ajouter\u00a0: \u00ab\u00a0<em>Quel atroce d\u00e9cor choisi par le Pr\u00e9sident inconscient qui se repa\u00eet de la mort des animaux !<\/em>\u00ab\u00a0. Son initiative et sa prise de parole\u00a0ont en tr\u00e8s grande partie \u00e9t\u00e9 salu\u00e9es dans les commentaires du tweet. <strong>Beaucoup l&rsquo;ont remerci\u00e9e pour son d\u00e9vouement et son combat pour la cause animale.<\/strong><\/p>\n<\/p><\/div>\n<p>[ad_2]<br \/>\n<br \/><a href=\"https:\/\/www.journaldesfemmes.fr\/people\/actus\/2898013-brigitte-bardot-devoile-sa-derniere-volonte-avant-mon-grand-depart\/\">Source link <\/a><\/p>\n","protected":false},"excerpt":{"rendered":"<p>[ad_1] Brigitte Bardot est totalement indign\u00e9e par le commerce de viande de cheval, \u00e0 tel point qu&rsquo;elle a fait part &hellip; <a href=\"http:\/\/www.affinite.fr\/index.php\/2023\/03\/01\/brigitte-bardot-devoile-sa-derniere-volonte-avant-mon-grand-depart\/\" class=\"more-link\">Plus <span class=\"screen-reader-text\">Brigitte Bardot d\u00e9voile sa derni\u00e8re volont\u00e9\u00a0: \u00ab\u00a0Avant mon grand d\u00e9part&#8230;\u00a0\u00bb<\/span> <span class=\"meta-nav\">&rarr;<\/span><\/a><\/p>\n","protected":false},"author":1,"featured_media":8907,"comment_status":"","ping_status":"open","sticky":false,"template":"","format":"standard","meta":{"_sitemap_exclude":false,"_sitemap_priority":"","_sitemap_frequency":"","footnotes":""},"categories":[1],"tags":[],"class_list":["post-8906","post","type-post","status-publish","format-standard","has-post-thumbnail","hentry","category-tous"],"_links":{"self":[{"href":"http:\/\/www.affinite.fr\/index.php\/wp-json\/wp\/v2\/posts\/8906"}],"collection":[{"href":"http:\/\/www.affinite.fr\/index.php\/wp-json\/wp\/v2\/posts"}],"about":[{"href":"http:\/\/www.affinite.fr\/index.php\/wp-json\/wp\/v2\/types\/post"}],"author":[{"embeddable":true,"href":"http:\/\/www.affinite.fr\/index.php\/wp-json\/wp\/v2\/users\/1"}],"replies":[{"embeddable":true,"href":"http:\/\/www.affinite.fr\/index.php\/wp-json\/wp\/v2\/comments?post=8906"}],"version-history":[{"count":0,"href":"http:\/\/www.affinite.fr\/index.php\/wp-json\/wp\/v2\/posts\/8906\/revisions"}],"wp:featuredmedia":[{"embeddable":true,"href":"http:\/\/www.affinite.fr\/index.php\/wp-json\/wp\/v2\/media\/8907"}],"wp:attachment":[{"href":"http:\/\/www.affinite.fr\/index.php\/wp-json\/wp\/v2\/media?parent=8906"}],"wp:term":[{"taxonomy":"category","embeddable":true,"href":"http:\/\/www.affinite.fr\/index.php\/wp-json\/wp\/v2\/categories?post=8906"},{"taxonomy":"post_tag","embeddable":true,"href":"http:\/\/www.affinite.fr\/index.php\/wp-json\/wp\/v2\/tags?post=8906"}],"curies":[{"name":"wp","href":"https:\/\/api.w.org\/{rel}","templated":true}]}}