{"id":8879,"date":"2023-02-22T19:48:13","date_gmt":"2023-02-22T19:48:13","guid":{"rendered":"https:\/\/www.affinite.fr\/index.php\/2023\/02\/22\/5-choses-que-vous-ne-saviez-pas-sur-lacteur-de-labime\/"},"modified":"2023-02-22T19:48:13","modified_gmt":"2023-02-22T19:48:13","slug":"5-choses-que-vous-ne-saviez-pas-sur-lacteur-de-labime","status":"publish","type":"post","link":"http:\/\/www.affinite.fr\/index.php\/2023\/02\/22\/5-choses-que-vous-ne-saviez-pas-sur-lacteur-de-labime\/","title":{"rendered":"5\u00a0choses que vous ne saviez pas sur l&rsquo;acteur de L&rsquo;Ab\u00eeme"},"content":{"rendered":"<p> [ad_1]<br \/>\n<br \/><img decoding=\"async\" src=\"https:\/\/img-3.journaldesfemmes.fr\/jJtiK5iOVIUMH6Eosn4kfDPhXXE=\/1280x\/smart\/60b018fee62a4960a052791220e5d719\/ccmcms-jdf\/39587707.jpg\" \/><\/p>\n<p>\n                Il aime faire le pitre devant les cam\u00e9ras. Dans la vraie vie, Gil Alma a un complexe de taille, est un homme engag\u00e9 (quitte \u00e0 se faire moquer) et a v\u00e9cu un drame tr\u00e8s t\u00f4t. La star de \u00ab\u00a0L&rsquo;Abime\u00a0\u00bb, ce 22\u00a0f\u00e9vrier sur France 2, a eu un parcours inattendu&#8230; Que savez-vous de l&rsquo;acteur de 43\u00a0ans\u00a0? On vous raconte 5\u00a0choses \u00e0 savoir sur le beau brun.            <\/p>\n<div>\n<p>Le public le conna\u00eet pour son r\u00f4le d&rsquo;Alain Stuck dans <em>Nos chers voisins<\/em>, sur\u00a0TF1. <strong>Gil\u00a0Alma<\/strong> a jou\u00e9 au mari parfait tous les soirs sur le petit \u00e9cran. La star de 43 ans, papa de deux enfants, est \u00e0 l&rsquo;affiche de <em>L&rsquo;<\/em><i>ab\u00eeme<\/i>\u00a0et <em>C\u00e9sar Wagner<\/em>\u00a0ce 22 f\u00e9vrier \u00e0 21h10 sur France 2. Star du petit \u00e9cran, le natif de Montreuil est partout.\u00a0<strong>Voici 5\u00a0choses que vous ne saviez (peut-\u00eatre) pas sur l&rsquo;acteur fran\u00e7ais !\u00a0<\/strong><\/p>\n<h2>Quel est le vrai nom de Gil Alma ?\u00a0<\/h2>\n<p>Le vrai nom de l&rsquo;acteur ?\u00a0<strong>Gil\u00a0Bongibault.<em> \u00ab\u00a0Un nom bien pourri\u00a0\u00bb<\/em><\/strong>, s&rsquo;exclamait\u00a0avec humour la star, dans les pages de <a href=\"https:\/\/www.closermag.fr\/people\/interview-gil-alma-mon-pere-est-decede-lorsque-j-avais-8-ans-917871\" target=\"_blank\" rel=\"noopener\"><em>Closer<\/em><\/a>. C&rsquo;est lorsqu&rsquo;il voyageait sur le r\u00e9seau de transports parisien qu&rsquo;une id\u00e9e surgit. <em>\u00ab\u00a0Arr\u00eat\u00e9 \u00e0 la station Alma-Marceau, j&rsquo;ai eu un d\u00e9clic.<strong> Marceau est d\u00e9j\u00e0 pris alors pourquoi pas Alma?<\/strong>\u00ab\u00a0.\u00a0<\/em>Gil Bongibault devient alors Gil Alma !<\/p>\n<h2>Pourquoi Gil Alma a-t-il grandi sans p\u00e8re\u00a0?<strong> <\/strong><\/h2>\n<p>Issu d&rsquo;une famille de poissonniers, Gil Alma\u00a0vit<em>\u00a0\u00ab\u00a0une enfance heureuse\u00a0\u00bb <\/em>\u00e0 Montreuil, \u00e0 l&rsquo;est de Paris,\u00a0malgr\u00e9 le d\u00e9c\u00e8s de son p\u00e8re, peut-on lire sur son <a href=\"https:\/\/www.gilalma.com\/\" target=\"_blank\" rel=\"noopener\">site officiel<\/a>. <strong>Il\u00a0n&rsquo;a alors que 8\u00a0ans.<\/strong>\u00a0Ce sont les addictions qui ont ravag\u00e9 son paternel. Quel souvenir garde-t-il de lui\u00a0? <em>\u00ab\u00a0Je le voyais le week-end, mais il n&rsquo;\u00e9tait pas tr\u00e8s en forme. Il s&rsquo;est d\u00e9truit la sant\u00e9 avec l&rsquo;alcool. A l&rsquo;\u00e9poque, je ne m&rsquo;en rendais pas compte et je garde n\u00e9anmoins un tr\u00e8s bon souvenir de lui, m\u00eame s&rsquo;il ne s&rsquo;est pas beaucoup occup\u00e9 de moi\u00a0\u00bb<\/em>, a-t-il \u00e9galement confi\u00e9 \u00e0<em> Closer.<\/em><\/p>\n<p>Gil\u00a0Alma grandit avec sa m\u00e8re, Brigitte Jouet.<em> \u00ab\u00a0<\/em><span style=\"font-size: 1rem;\"><em><strong>J&rsquo;ai toujours eu la vie facile gr\u00e2ce \u00e0 ma m\u00e8re qui travaillait dans une banque.<\/strong> Nous vivions dans un quartier r\u00e9sidentiel dans la banlieue est de Paris, mais je tra\u00eenais davantage chez mes potes, en bas des tours d&rsquo;immeubles<\/em>\u00ab\u00a0, s&rsquo;est-il souvenu.\u00a0Mais Gil Alma connait une p\u00e9riode de passage \u00e0 vide et s&rsquo;attire\u00a0des ennuis.\u00a0<\/span><em>\u00ab\u00a0<strong>J&rsquo;ai d\u00e9conn\u00e9 et r\u00e9sultat&#8230; \u00e0 18\u00a0ans, je me suis retrouv\u00e9 au poste de police\u00a0! <\/strong>Inutile de vous en donner la raison\u00a0!\u00a0\u00bb <\/em>Gil Alma fait quelques <em>\u00ab\u00a0b\u00eatises\u00a0\u00bb <\/em>mais le th\u00e9\u00e2tre prend le dessus. \u00c0 19\u00a0ans, il commence \u00e0 prendre des cours dans la capitale. Le d\u00e9but de sa carri\u00e8re d&rsquo;acteur.\u00a0<\/p>\n<h2>Quel est le plus grand complexe de Gil Alma ?\u00a0<\/h2>\n<p>En\u00a02021, Gil Alma participe \u00e0 l&rsquo;\u00e9mission <em>Stars \u00e0 nu<\/em>, sur TF1.\u00a0L&rsquo;\u00e9mission cherche \u00e0 sensibiliser le public au d\u00e9pistage du cancer. Se d\u00e9shabiller devant les cam\u00e9ras de t\u00e9l\u00e9vision est\u00a0un r\u00e9el d\u00e9fi pour l&rsquo;acteur.\u00a0Il r\u00e9v\u00e8le alors son plus grand complexe : la taille de son sexe :\u00a0<em>\u00ab\u00a0C&rsquo;est quand tu compares ton sexe \u00e0 une voiture. Et donc j&rsquo;ai compar\u00e9 mon sexe \u00e0 une petite voiture\u00a0\u00bb.\u00a0<\/em>Un tabou qui lui p\u00e8se au quotidien.<em>\u00a0\u00ab\u00a0Je pense qu&rsquo;il y a beaucoup d&rsquo;hommes qui ont ce complexe-l\u00e0, <\/em>confiait-il. <em>Et j&rsquo;ai aussi ce truc-l\u00e0 avec ma femme. <strong>Quand j&rsquo;ai froid, effectivement, je ne passe pas devant elle<\/strong>\u00ab\u00a0.<\/em>\u00a0Rappelons qu&rsquo;en ao\u00fbt 2021, Gil Alma a annonc\u00e9 sa s\u00e9paration avec Aminata, la m\u00e8re de ses deux fils, apr\u00e8s 15\u00a0ans d&rsquo;amour.<\/p>\n<h2>Pourquoi sa femme le prenait-elle \u00ab\u00a0pour un dingue\u00a0\u00bb ?\u00a0<\/h2>\n<p>La star a arr\u00eat\u00e9 de manger de la viande pour l&rsquo;environnement.\u00a0Et il a troqu\u00e9 sa voiture thermique pour un mod\u00e8le \u00e9lectrique.<em> \u00ab\u00a0J\u00a0\u00bbai une voiture \u00e9lectrique reli\u00e9e \u00e0 mes panneaux solaires\u00a0\u00bb<\/em>, r\u00e9v\u00e9lait-il dans une interview accord\u00e9e \u00e0 <em>Hello Planet<\/em>. Et pour \u00e9viter d&rsquo;utiliser l&rsquo;eau inutilement, Gil Alma a arr\u00eat\u00e9 de tirer la chasse d&rsquo;eau ! <em>\u00ab\u00a0<strong>Ma femme me prenait pour un dingue. <\/strong>Je dormais avec une bouteille \u00e0 c\u00f4t\u00e9 du lit.\u00a0Au bout des\u00a03 litres, je vidais la bouteille au moment de prendre ma douche !\u00a0\u00bb <\/em>Des confidences qu&rsquo;il assume avec le sourire.<\/p>\n<h2>Gil Alma a rat\u00e9 deux fois son dipl\u00f4me<strong> <\/strong><\/h2>\n<p>Ses ann\u00e9es lyc\u00e9e, Gil Alma s&rsquo;en souvient bien. L&rsquo;acteur est plong\u00e9 dans l&rsquo;ind\u00e9cision.\u00a0Quelle voie professionnelle emprunter ?\u00a0Ses r\u00e9sultats scolaires ne sont pas tr\u00e8s bons. <em>\u00ab\u00a0J&rsquo;ai pass\u00e9 deux fois mon bac, <\/em>a-t-il racont\u00e9 dans une interview \u00e0 Flo Lam\u00a0sur Youtube. <em>100% de r\u00e9ussite, je ne l&rsquo;ai jamais eu ! La premi\u00e8re ann\u00e9e, j&rsquo;avais demand\u00e9 \u00e0 faire une fac de droit. Je ne sais pas ce que j&rsquo;aurais \u00e9t\u00e9 faire l\u00e0-dedans&#8230;\u00a0\u00bb<\/em><\/p>\n<p>Et \u00e0 sa deuxi\u00e8me tentative, Gil Alma voit un futur se profiler.<strong><em> \u00ab\u00a0J&rsquo;adore la nature. Je voulais \u00eatre paysagiste.\u00a0\u00bb <\/em><\/strong>Mais l&rsquo;adolescent fait le pitre sans cesse aupr\u00e8s de ses amis, qui lui conseillent de faire du th\u00e9\u00e2tre.<em> \u00ab\u00a0Je les ai \u00e9cout\u00e9s. Apr\u00e8s mon deuxi\u00e8me \u00e9chec au bac,<strong> je suis devenu poissonnier<\/strong> les mercredis, samedis et dimanches. Le reste du temps, je prenais des cours de th\u00e9\u00e2tre.\u00a0\u00bb<\/em> Une voie qui lui aura r\u00e9ussi&#8230; avec ou sans bac !<\/p>\n<\/p><\/div>\n<p>[ad_2]<br \/>\n<br \/><a href=\"https:\/\/www.journaldesfemmes.fr\/people\/actus\/2894789-son-vrai-nom-l-absence-de-son-pere-son-plus-grand-complexe-gil-alma\/\">Source link <\/a><\/p>\n","protected":false},"excerpt":{"rendered":"<p>[ad_1] Il aime faire le pitre devant les cam\u00e9ras. Dans la vraie vie, Gil Alma a un complexe de taille, &hellip; <a href=\"http:\/\/www.affinite.fr\/index.php\/2023\/02\/22\/5-choses-que-vous-ne-saviez-pas-sur-lacteur-de-labime\/\" class=\"more-link\">Plus <span class=\"screen-reader-text\">5\u00a0choses que vous ne saviez pas sur l&rsquo;acteur de L&rsquo;Ab\u00eeme<\/span> <span class=\"meta-nav\">&rarr;<\/span><\/a><\/p>\n","protected":false},"author":1,"featured_media":8880,"comment_status":"","ping_status":"open","sticky":false,"template":"","format":"standard","meta":{"_sitemap_exclude":false,"_sitemap_priority":"","_sitemap_frequency":"","footnotes":""},"categories":[1],"tags":[],"class_list":["post-8879","post","type-post","status-publish","format-standard","has-post-thumbnail","hentry","category-tous"],"_links":{"self":[{"href":"http:\/\/www.affinite.fr\/index.php\/wp-json\/wp\/v2\/posts\/8879"}],"collection":[{"href":"http:\/\/www.affinite.fr\/index.php\/wp-json\/wp\/v2\/posts"}],"about":[{"href":"http:\/\/www.affinite.fr\/index.php\/wp-json\/wp\/v2\/types\/post"}],"author":[{"embeddable":true,"href":"http:\/\/www.affinite.fr\/index.php\/wp-json\/wp\/v2\/users\/1"}],"replies":[{"embeddable":true,"href":"http:\/\/www.affinite.fr\/index.php\/wp-json\/wp\/v2\/comments?post=8879"}],"version-history":[{"count":0,"href":"http:\/\/www.affinite.fr\/index.php\/wp-json\/wp\/v2\/posts\/8879\/revisions"}],"wp:featuredmedia":[{"embeddable":true,"href":"http:\/\/www.affinite.fr\/index.php\/wp-json\/wp\/v2\/media\/8880"}],"wp:attachment":[{"href":"http:\/\/www.affinite.fr\/index.php\/wp-json\/wp\/v2\/media?parent=8879"}],"wp:term":[{"taxonomy":"category","embeddable":true,"href":"http:\/\/www.affinite.fr\/index.php\/wp-json\/wp\/v2\/categories?post=8879"},{"taxonomy":"post_tag","embeddable":true,"href":"http:\/\/www.affinite.fr\/index.php\/wp-json\/wp\/v2\/tags?post=8879"}],"curies":[{"name":"wp","href":"https:\/\/api.w.org\/{rel}","templated":true}]}}