{"id":8866,"date":"2023-02-18T19:44:52","date_gmt":"2023-02-18T19:44:52","guid":{"rendered":"https:\/\/www.affinite.fr\/index.php\/2023\/02\/18\/a-quelle-date-debute-le-jeune-en-mars\/"},"modified":"2023-02-18T19:44:52","modified_gmt":"2023-02-18T19:44:52","slug":"a-quelle-date-debute-le-jeune-en-mars","status":"publish","type":"post","link":"http:\/\/www.affinite.fr\/index.php\/2023\/02\/18\/a-quelle-date-debute-le-jeune-en-mars\/","title":{"rendered":"\u00e0 quelle date d\u00e9bute le je\u00fbne en mars\u00a0?"},"content":{"rendered":"<p> [ad_1]<br \/>\n<br \/><img decoding=\"async\" src=\"https:\/\/img-3.journaldesfemmes.fr\/OoFiKyUEVz4R44-eJObGl1Zs3fg=\/1280x\/smart\/73252f86541d4f909b90bfaebaace4f5\/ccmcms-jdf\/39585941.jpg\" \/><\/p>\n<p>\n                Selon le Centre international d&rsquo;astronomie d&rsquo;Abu Dhabi, le Ramadan devrait d\u00e9buter le jeudi 23\u00a0mars 2023\u00a0et se terminer le vendredi 21\u00a0avril. Ces dates doivent n\u00e9anmoins \u00eatre confirm\u00e9es lors de la Nuit du Doute, qui devrait \u00eatre organis\u00e9e le 21\u00a0mars.            <\/p>\n<div>\n<aside class=\"ccmsummary marqueur_module ccmcss_cms_summary ccmcss_cms_summary--right\">\n<p>Sommaire<\/p>\n<\/aside>\n<p><b>Le Ramadan correspond \u00e0 l&rsquo;un des cinq pilliers de l&rsquo;Islam.<\/b>\u00a0Durant ce mois sacr\u00e9 (le 9\u00e8me mois du calendrier h\u00e9g\u00e9rien), les musulmans je\u00fbnent de l&rsquo;aube \u00e0 la tomb\u00e9e de la nuit.\u00a0Mais la<strong> date de d\u00e9but et de fin du Ramadan <\/strong>diff\u00e8rent d&rsquo;une ann\u00e9e \u00e0 l&rsquo;autre, puisqu&rsquo;elle d\u00e9pend de l&rsquo;observation du croissant lunaire.\u00a0Les dates sont confirm\u00e9es quelques jours avant le d\u00e9but du je\u00fbne, lors de<strong> la <a href=\"https:\/\/www.journaldesfemmes.fr\/maman\/guide-sorties-et-fetes-en-famille\/2884723-nuit-du-doute-2023\/\" title=\"Nuit du Doute\">Nuit du Doute<\/a>,<\/strong> qui devrait \u00eatre organis\u00e9e aux alentours du 21 mars 2023. Interdits, traditions, repas de f\u00eate, A\u00efd el-Fitr&#8230;\u00a0Voici les infos sur le <strong>Ramadan 2023.<\/strong><\/p>\n<h2 id=\"quelle-est-la-date-du-ramadan-en-2023-\">Quelles sont les dates du Ramadan en 2023 ?<\/h2>\n<p><strong>Les dates du mois du Ramadan <\/strong>avaient \u00e9t\u00e9 annonc\u00e9es aux alentours du 22 mars et\u00a0jusqu&rsquo;au 21 avril 2023.\u00a0Mais selon le Centre International d&rsquo;Astronomie d&rsquo;Abu Dhabi et\u00a0le Projet Islamique d&rsquo;Observation du Croissant,<strong> le Ramadan devrait d\u00e9buter le jeudi 23 mars 2023 et se terminer le vendredi 21 avril<\/strong>.\u00a0Selon les calculs astronomiques, la Nuit du Doute, qui permet de confirmer les dates pr\u00e9cises du d\u00e9but du Ramadan, devrait se tenir le <strong>21 mars.\u00a0<\/strong>Rappelons par ailleurs que la date est fix\u00e9e en fonction de la position de la lune et par cons\u00e9quent, le d\u00e9but du mois de Ramadan peut varier d&rsquo;un pays \u00e0 l&rsquo;autre.<\/p>\n<p>La date du Ramadan est <strong>calcul\u00e9e durant la \u00ab\u00a0Nuit du doute\u00a0\u00bb gr\u00e2ce \u00e0 l&rsquo;observation du premier croissant de lune<\/strong>, visible apr\u00e8s la nouvelle lune.\u00a0Une commission th\u00e9ologique\u00a0se r\u00e9unit express\u00e9ment pour l&rsquo;observer, et en fonction des observations astronomiques, les dates du d\u00e9but et de fin du Ramadan sont calcul\u00e9es.\u00a0<\/p>\n<aside class=\"cke-aside\" id=\"pourquoi-y-aura-t-il-deux-ramadan-en-2030-\">\n<h2 id=\"pourquoi-y-aura-t-il-deux-ramadan-en-2030--1\">Pourquoi y aura-t-il deux Ramadan en 2030 ?<\/h2>\n<p><span style=\"font-size: 0.875em;\">Les dates du Ramadan changent chaque ann\u00e9e. Elles d\u00e9pendent du\u00a0calendrier musulman, dit aussi calendrier \u00ab\u00a0h\u00e9girien\u00a0\u00bb,\u00a0et du calendrier gr\u00e9gorien. Le calendrier musulman\u00a0est lunaire, le second solaire.\u00a0<\/span><em style=\"font-size: 0.875em;\">\u00ab\u00a0D&rsquo;une ann\u00e9e \u00e0 l&rsquo;autre le d\u00e9but de l&rsquo;ann\u00e9e musulmane se d\u00e9cale de 10\u00a0\u00e0 12\u00a0jours par rapport aux saisons\u00a0\u00bb<\/em><span style=\"font-size: 0.875em;\">, d\u00e9taille\u00a0le <\/span><a href=\"https:\/\/media4.obspm.fr\/public\/ressources_lu\/pages_calendriers\/mctc-calendrier-musulman.html\" style=\"font-size: 0.875em;\" target=\"_blank\" rel=\"noopener\">site de l&rsquo;Observatoire de Paris<\/a><span style=\"font-size: 0.875em;\">. Ce qui explique pourquoi il y aura <\/span><strong style=\"font-size: 0.875em;\">deux Ramadan en 2030, l&rsquo;un tombera en janvier et l&rsquo;autre en d\u00e9cembre de la m\u00eame ann\u00e9e.<\/strong><\/p>\n<\/aside>\n<h2 id=\"quelle-est-la-duree-du-ramadan-selon-les-pays-\">Quelle est l&rsquo;origine du Ramadan\u00a0?<\/h2>\n<p>Pour rechercher l&rsquo;origine du <strong>Ramadan<\/strong>, il faut remonter \u00e0 l&rsquo;an 610. L&rsquo;ange Gabriel serait apparu au proph\u00e8te Mahomet afin de lui r\u00e9v\u00e9ler le Coran. Cette r\u00e9v\u00e9lation &#8211; <strong><a href=\"https:\/\/www.journaldesfemmes.fr\/maman\/guide-sorties-et-fetes-en-famille\/2887897-nuit-du-destin\/\" title=\"Nuit du Destin\">Laylat al-Qadr<\/a> ou encore Nuit du destin<\/strong> &#8211; serait survenue durant le Ramadan. C&rsquo;est pour comm\u00e9morer cet \u00e9v\u00e8nement que les musulmans\u00a0pratiquent le je\u00fbne durant un mois. Form\u00e9 par la racine arabe \u00ab\u00a0ar-ramad\u00a0\u00bb, <strong>Ramadan signifie \u00ab\u00a0chaleur accablante\u00a0\u00bb<\/strong>.\u00a0<\/p>\n<h2 id=\"quels-sont-les-interdits-pendant-le-ramadan-\">Quels sont les interdits pendant le Ramadan ?<\/h2>\n<p>Pendant le Ramadan, les musulmans doivent respecter plusieurs interdits. En plus du je\u00fbne pendant la journ\u00e9e,\u00a0les pratiquants doivent observer des<strong> r\u00e8gles comportementales tr\u00e8s strictes<\/strong>. Lors de cette p\u00e9riode asc\u00e9tique, <strong>il est interdit d&rsquo;avoir des relations sexuelles la journ\u00e9e, de fumer, de tenir des propos obsc\u00e8nes ou se maquiller<\/strong>, du lever jusqu&rsquo;au coucher du soleil. Il est important de relever que le fait de manger par inadvertance n&rsquo;implique ni expiation ni je\u00fbne de rattrapage.\u00a0L&rsquo;\u00e9tourdi b\u00e9n\u00e9ficie donc d&rsquo;une certaine indulgence. \u00c0\u00a0l&rsquo;inverse, une transgression d\u00e9lib\u00e9r\u00e9e des r\u00e8gles pr\u00e9conis\u00e9es par le Ramadan annule le je\u00fbne.\u00a0<\/p>\n<h2 id=\"quelles-sont-les-prieres-a-respecter-pendant-le-ramadan\">Quelles sont les pri\u00e8res \u00e0 respecter pendant le Ramadan\u00a0?<\/h2>\n<p>Les musulmans pratiquant le Ramadan doivent\u00a0<strong>prier\u00a0cinq fois par jour. <\/strong>Ces cinq pri\u00e8res rythment les journ\u00e9es de Ramadan. Parmi elles on retrouve :<\/p>\n<ul>\n<li>La pri\u00e8re du Fajr<\/li>\n<li>La pri\u00e8re\u00a0Dohr<\/li>\n<li>La pri\u00e8re\u00a0Asser<\/li>\n<li>La pri\u00e8re Maghreb<\/li>\n<li>La pri\u00e8re Ichaa<\/li>\n<\/ul>\n<h2 id=\"quelles-sont-les-horaires-des-prieres-pendant-le-ramadan-\">Quelles sont les horaires des pri\u00e8res pendant le Ramadan ?<\/h2>\n<p><strong>L&rsquo;horaire des pri\u00e8res \u00e9tant d\u00e9termin\u00e9 par le mouvement du soleil<\/strong>, les musulmans doivent se r\u00e9f\u00e9rer \u00e0 un calendrier des heures de pri\u00e8re pendant le Ramadan. G\u00e9n\u00e9ralement, les cinq pri\u00e8res ont lieu \u00e0 des moments cl\u00e9s dans la journ\u00e9e.\u00a0<\/p>\n<ul>\n<li><strong>Fajr : la pri\u00e8re de l&rsquo;aube.<\/strong>\u00a0En f\u00e9vrier par exemple, les horaires varient de 6h33 \u00e0 5h55 selon les dates.<\/li>\n<li><strong>Dohr,\u00a0la pri\u00e8re du d\u00e9but d&rsquo;apr\u00e8s-midi<\/strong> (environ \u00e0 13h05 en f\u00e9vrier)<\/li>\n<li><strong>Asser,\u00a0la pri\u00e8re de la fin d&rsquo;apr\u00e8s-midi<\/strong> (entre 15h24 et 15h57 en f\u00e9vrier)<\/li>\n<li><strong>Maghreb, la pri\u00e8re au moment du coucher du soleil\u00a0<\/strong> (entre 17h51 et 18h34)<\/li>\n<li><strong>Ichaa, la pri\u00e8re \u00e0 faire avant minuit <\/strong>(entre 19h25 et 20h02)<\/li>\n<\/ul>\n<h2 id=\"que-manger-pendant-le-ramadan\">Que manger pendant le Ramadan\u00a0?<\/h2>\n<p><strong>Dates, Chorba, Harira, semoule, bl\u00e9, p\u00e2tisseries orientales..<\/strong>.\u00a0Chaque soir, lorsque le soleil se couche, le je\u00fbne peut \u00eatre rompu. C&rsquo;est l&rsquo;<strong><a href=\"https:\/\/www.journaldesfemmes.fr\/maman\/guide-sorties-et-fetes-en-famille\/2887457-iftar-ftour\/\" title=\"Ftour\">iftar<\/a><\/strong>, ou encore le repas du soir. Jusqu&rsquo;\u00e0 l&rsquo;aube \u2013 heure de l&rsquo;<strong>imsak<\/strong> \u2013, les musulmans sont autoris\u00e9s \u00e0 manger et boire.<\/p>\n<h2 id=\"a-quelle-heure-manger-pendant-le-ramadan-\">\u00c0 quelle heure manger pendant le Ramadan ?<\/h2>\n<p>Pendant le Ramadan,<strong> l&rsquo;heure pour manger varie en fonction du coucher et du\u00a0lever du soleil. <\/strong>En France, d&rsquo;une ville \u00e0 l&rsquo;autre, l&rsquo;heure change d&rsquo;une \u00e0 deux minutes chaque jour.\u00a0Les musulmans doivent rompre\u00a0le je\u00fbne et manger\u00a0d\u00e8s lors que le soleil se couche. Un autre repas est ensuite pris juste avant l&rsquo;aube.\u00a0<\/p>\n<h2 id=\"qui-peut-suivre-le-ramadan\">Qui peut suivre le Ramadan et quelles pr\u00e9cautions prendre ?<\/h2>\n<p>Toutes les personnes pub\u00e8res sont vis\u00e9es par le je\u00fbne. Certains musulmans peuvent cependant \u00eatre exempt\u00e9s de cette pratique dans des cas strictement d\u00e9finis\u00a0: <strong>en cas de maladie chronique, de grossesse, de voyage ou de grand \u00e2ge.<\/strong><\/p>\n<h2 id=\"quelle-est-la-date-du-ramadan-en-2022-\">C&rsquo;est quoi l&rsquo;A\u00efd el Fitr ?<\/h2>\n<p><strong>L&rsquo;<a href=\"https:\/\/www.journaldesfemmes.fr\/maman\/guide-sorties-et-fetes-en-famille\/2806967-aid-el-fitr-2023\/\" title=\"A\u00efd el-Fitr\">A\u00efd el-Fitr<\/a>\u00a0<\/strong>encore appel\u00e9 \u00ab\u00a0Petite f\u00eate\u00a0\u00bb, par opposition \u00e0 la Grande f\u00eate de l<strong>&lsquo;A\u00efd el-K\u00e9bir (ou A\u00efd-Al Adha<\/strong>, jour du sacrifice),\u00a0donne lieu \u00e0 diverses r\u00e9jouissances. Apr\u00e8s une pri\u00e8re \u00e0 la mosqu\u00e9e, les musulmans, \u00e0 l&rsquo;occasion d&rsquo;un copieux d\u00e9jeuner, peuvent s&rsquo;offrir des cadeaux ou diff\u00e9rents mets, traditionnellement des p\u00e2tisseries. C&rsquo;est aussi le moment de s&rsquo;acquitter de l&rsquo;obligation religieuse de la Zakat, \u00e0 savoir la charit\u00e9.<\/p>\n<h2 id=\"quelle-est-la-date-de-fin-du-ramadan-2022-\">Qu&rsquo;est-ce que l&rsquo;aum\u00f4ne de Zakat El Fitr ?<\/h2>\n<p>La tradition veut aussi que les pratiquants se parent de nouveaux v\u00eatements et <strong>versent une aum\u00f4ne de rupture du je\u00fbne d\u00e9di\u00e9e aux pauvres et appel\u00e9e<\/strong> <strong>Zakat El Fitr.\u00a0<\/strong>Cette coutume\u00a0permet ainsi de valider le mois du je\u00fbne du Ramadan. C&rsquo;est en g\u00e9n\u00e9ral le p\u00e8re de famille qui verse une somme d&rsquo;un <strong>montant de 7\u00a0euros<\/strong>\u00a0\u00e0 chacun des membres de la famille dont il a la charge. C&rsquo;est le Conseil th\u00e9ologique musulman de France qui fixe le montant de l&rsquo;aum\u00f4ne Zakat El Fitr.<\/p>\n<p>Pour souhaiter un bon Ramadan \u00e0 ses proches, il est coutume de prononcer <strong>\u00ab\u00a0Ramadan mubarak\u00a0\u00bb <\/strong>! On peut \u00e9galement dire<strong> \u00ab\u00a0Ramadan Kareem\u00a0\u00bb<\/strong> au tout d\u00e9but du mois de Ramadan, ce qui signifie \u00ab\u00a0ramadan g\u00e9n\u00e9reux, ramadan bienfaisant\u00a0\u00bb.\u00a0\u00a0<\/p>\n<\/p><\/div>\n<p>[ad_2]<br \/>\n<br \/><a href=\"https:\/\/www.journaldesfemmes.fr\/maman\/guide-sorties-et-fetes-en-famille\/2700421-ramadan-2023-quand-debute-le-jeune-en-mars\/\">Source link <\/a><\/p>\n","protected":false},"excerpt":{"rendered":"<p>[ad_1] Selon le Centre international d&rsquo;astronomie d&rsquo;Abu Dhabi, le Ramadan devrait d\u00e9buter le jeudi 23\u00a0mars 2023\u00a0et se terminer le vendredi &hellip; <a href=\"http:\/\/www.affinite.fr\/index.php\/2023\/02\/18\/a-quelle-date-debute-le-jeune-en-mars\/\" class=\"more-link\">Plus <span class=\"screen-reader-text\">\u00e0 quelle date d\u00e9bute le je\u00fbne en mars\u00a0?<\/span> <span class=\"meta-nav\">&rarr;<\/span><\/a><\/p>\n","protected":false},"author":1,"featured_media":8867,"comment_status":"","ping_status":"open","sticky":false,"template":"","format":"standard","meta":{"_sitemap_exclude":false,"_sitemap_priority":"","_sitemap_frequency":"","footnotes":""},"categories":[1],"tags":[],"class_list":["post-8866","post","type-post","status-publish","format-standard","has-post-thumbnail","hentry","category-tous"],"_links":{"self":[{"href":"http:\/\/www.affinite.fr\/index.php\/wp-json\/wp\/v2\/posts\/8866"}],"collection":[{"href":"http:\/\/www.affinite.fr\/index.php\/wp-json\/wp\/v2\/posts"}],"about":[{"href":"http:\/\/www.affinite.fr\/index.php\/wp-json\/wp\/v2\/types\/post"}],"author":[{"embeddable":true,"href":"http:\/\/www.affinite.fr\/index.php\/wp-json\/wp\/v2\/users\/1"}],"replies":[{"embeddable":true,"href":"http:\/\/www.affinite.fr\/index.php\/wp-json\/wp\/v2\/comments?post=8866"}],"version-history":[{"count":0,"href":"http:\/\/www.affinite.fr\/index.php\/wp-json\/wp\/v2\/posts\/8866\/revisions"}],"wp:featuredmedia":[{"embeddable":true,"href":"http:\/\/www.affinite.fr\/index.php\/wp-json\/wp\/v2\/media\/8867"}],"wp:attachment":[{"href":"http:\/\/www.affinite.fr\/index.php\/wp-json\/wp\/v2\/media?parent=8866"}],"wp:term":[{"taxonomy":"category","embeddable":true,"href":"http:\/\/www.affinite.fr\/index.php\/wp-json\/wp\/v2\/categories?post=8866"},{"taxonomy":"post_tag","embeddable":true,"href":"http:\/\/www.affinite.fr\/index.php\/wp-json\/wp\/v2\/tags?post=8866"}],"curies":[{"name":"wp","href":"https:\/\/api.w.org\/{rel}","templated":true}]}}