{"id":8847,"date":"2023-02-13T19:30:59","date_gmt":"2023-02-13T19:30:59","guid":{"rendered":"https:\/\/www.affinite.fr\/index.php\/2023\/02\/13\/cette-enfant-de-sosie-de-sa-mere-confirme-son-statut-de-it-girl-a-suivre\/"},"modified":"2023-02-13T19:30:59","modified_gmt":"2023-02-13T19:30:59","slug":"cette-enfant-de-sosie-de-sa-mere-confirme-son-statut-de-it-girl-a-suivre","status":"publish","type":"post","link":"http:\/\/www.affinite.fr\/index.php\/2023\/02\/13\/cette-enfant-de-sosie-de-sa-mere-confirme-son-statut-de-it-girl-a-suivre\/","title":{"rendered":"Cette enfant de, sosie de sa m\u00e8re, confirme son statut de it girl \u00e0 suivre"},"content":{"rendered":"<p> [ad_1]<br \/>\n<\/p>\n<p>La nouvelle collection homme automne-hiver 2023-2024 de <strong>Celine <\/strong>a &eacute;t&eacute; pr&eacute;sent&eacute; le vendredi 10 f&eacute;vrier 2023, dans la mythique salle&nbsp;du&nbsp;Palace, &agrave; Paris. De nombreuses c&eacute;l&eacute;brit&eacute;s &eacute;taient invit&eacute;es &agrave;&nbsp;d&eacute;couvrir le d&eacute;fil&eacute;&nbsp;intitul&eacute; <strong>&quot;La collection du Palace &#8211; Paris Syndrome&quot;<\/strong>, en r&eacute;f&eacute;rence &agrave; la sc&egrave;ne &eacute;lectro-rock des ann&eacute;es 2000.&nbsp;Parmi les stars convi&eacute;es par Hedi Slimane, le directeur artistique de la maison, la jeune&nbsp;<strong>Ava Phillippe<\/strong>. La fille de l&#039;actrice&nbsp;<strong><a href=\"https:\/\/www.journaldesfemmes.fr\/people\/reese-witherspoon\/\" title=\"Reese Witerspoon\">Reese Witherspoon<\/a><\/strong> et du com&eacute;dien <strong>Ryan Phillippe<\/strong>&nbsp;&eacute;tait install&eacute;e en front row aux c&ocirc;t&eacute;s d&#039;Etienne Daho, Catherine Deneuve, Suzanne Lindon ou encore Jane Birkin, &eacute;galement pr&eacute;sent.e.s &agrave; l&#039;&eacute;v&eacute;nement.<\/p>\n<div class=\"ccminsert\">\n<aside class=\"app_widget_fo app_widget_fo--call\">\n<ul>\n<li>                <a href=\"https:\/\/www.journaldesfemmes.fr\/mode\/looks-de-star\/2874893-ces-duos-mere-fille-prouvent-que-le-style-est-une-histoire-de-famille\/\" class=\"jGTMWidgetGAEventClick\" data-GTMWidgetGaEventAction=\"clickWidgetCall\" data-GTMWidgetGaEventLabel=\"Ces\u00a0duos m\u00e8re-fille prouvent que le style est une histoire de famille\"><br \/>\n<figure>                                                                                                                                        <img decoding=\"async\" src=\"https:\/\/img-3.journaldesfemmes.fr\/RcRFpa-duobFw6TGyc7NfNOziH0=\/200x132\/smart\/c5ad85aa55324a6fbb6e6253f0ac8034\/ccmcms-jdf\/39449802.jpg\" alt=\"\" width=\"200\" height=\"132\" loading=\"lazy\"><figcaption>\n<h3>Ces\u00a0duos m\u00e8re-fille prouvent que le style est une histoire de famille<\/h3>\n<p>Certaines c\u00e9l\u00e9brit\u00e9s partagent\u00a0leur passion pour la mode avec leurs enfants.\u00a0La preuve avec ces 30\u00a0duos m\u00e8re-fille hyper styl\u00e9s.\u00a0<\/p>\n<\/figcaption><\/figure>\n<p>                <\/a>            <\/li>\n<\/ul>\n<\/aside>\n<\/div>\n<figure class=\"image\" style=\"float:right\"><a class=\"fancy\" href=\"https:\/\/img-3.journaldesfemmes.fr\/r_ieIBznoqI9JTmu_yfdERPG94o=\/1080x\/smart\/92ea06f0999e492993ec2094b6782da3\/ccmcms-jdf\/39582834.jpg\" target=\"_blank\" rel=\"noopener\"><img decoding=\"async\" alt=\"\" src=\"https:\/\/img-3.journaldesfemmes.fr\/KGQAm0rhP1ROzO33sAZ6Zs3rZdQ=\/300x\/smart\/92ea06f0999e492993ec2094b6782da3\/ccmcms-jdf\/39582834.jpg\" \/><\/a><figcaption data-credit=\"Celine\" data-legend=\"Ava Phillippe en look Celine au d\u00e9fil\u00e9 Celine pour la collection homme automne-hiver 2023-2024 \u00e0 Paris le 10 f\u00e9vrier 2023\">Ava Phillippe en look Celine au d&eacute;fil&eacute; Celine pour la collection homme automne-hiver 2023-2024&nbsp;&agrave; Paris le 10&nbsp;f&eacute;vrier 2023 <small>&copy;&nbsp;Celine<\/small><\/figcaption><\/figure>\n<p>Pour assister &agrave; l&#039;&eacute;v&eacute;nement, Ava Phillippe a rev&ecirc;tu un total look Celine : une robe noir et blanc &agrave; strass avec un col lavalli&egrave;re, une paire&nbsp;d&#039;escarpins noire &agrave; talons ainsi qu&#039;un sac &agrave; main&nbsp;en cuir noir, le mod&egrave;le <strong>Triomphe<\/strong>, un iconique de la&nbsp;griffe de mode qui vaut&nbsp;<strong>3 000<\/strong> <strong>euros<\/strong>.<\/p>\n<h2>Ava Phillippe a d&eacute;j&agrave; plusieurs tapis rouge &agrave; son actif<\/h2>\n<p>N&eacute;e en 1999, Ava Phillippe&nbsp;est d&eacute;j&agrave; une habitu&eacute;e des tapis rouge et des <a href=\"https:\/\/www.journaldesfemmes.fr\/mode\/conseils-mode\/2653329-defiles-mode\/\" title=\"D&eacute;fil&eacute;\">d&eacute;fil&eacute;s de mode<\/a>. Elle a par exemple assist&eacute; au show&nbsp;<strong>Valentino<\/strong> automne-hiver 2018-2019 en mars 2018. L&#039;ann&eacute;e pr&eacute;c&eacute;dente, elle avait particip&eacute; au bal des d&eacute;butantes dans une robe sign&eacute;e <strong>Giambattista&nbsp;Valli<\/strong> haute couture. Adoub&eacute;e par Hedi Slimane, la jeune femme a d&eacute;sormais un destin mode tout trac&eacute;.<\/p>\n<p>[ad_2]<br \/>\n<br \/><a href=\"https:\/\/www.journaldesfemmes.fr\/mode\/looks-de-star\/2891033-cette-enfant-de-sosie-de-sa-mere-confirme-son-statut-de-it-girl-a-suivre\/\">Source link <\/a><\/p>\n","protected":false},"excerpt":{"rendered":"<p>[ad_1] La nouvelle collection homme automne-hiver 2023-2024 de Celine a &eacute;t&eacute; pr&eacute;sent&eacute; le vendredi 10 f&eacute;vrier 2023, dans la mythique &hellip; <a href=\"http:\/\/www.affinite.fr\/index.php\/2023\/02\/13\/cette-enfant-de-sosie-de-sa-mere-confirme-son-statut-de-it-girl-a-suivre\/\" class=\"more-link\">Plus <span class=\"screen-reader-text\">Cette enfant de, sosie de sa m\u00e8re, confirme son statut de it girl \u00e0 suivre<\/span> <span class=\"meta-nav\">&rarr;<\/span><\/a><\/p>\n","protected":false},"author":1,"featured_media":8848,"comment_status":"","ping_status":"open","sticky":false,"template":"","format":"standard","meta":{"_sitemap_exclude":false,"_sitemap_priority":"","_sitemap_frequency":"","footnotes":""},"categories":[1],"tags":[],"class_list":["post-8847","post","type-post","status-publish","format-standard","has-post-thumbnail","hentry","category-tous"],"_links":{"self":[{"href":"http:\/\/www.affinite.fr\/index.php\/wp-json\/wp\/v2\/posts\/8847"}],"collection":[{"href":"http:\/\/www.affinite.fr\/index.php\/wp-json\/wp\/v2\/posts"}],"about":[{"href":"http:\/\/www.affinite.fr\/index.php\/wp-json\/wp\/v2\/types\/post"}],"author":[{"embeddable":true,"href":"http:\/\/www.affinite.fr\/index.php\/wp-json\/wp\/v2\/users\/1"}],"replies":[{"embeddable":true,"href":"http:\/\/www.affinite.fr\/index.php\/wp-json\/wp\/v2\/comments?post=8847"}],"version-history":[{"count":0,"href":"http:\/\/www.affinite.fr\/index.php\/wp-json\/wp\/v2\/posts\/8847\/revisions"}],"wp:featuredmedia":[{"embeddable":true,"href":"http:\/\/www.affinite.fr\/index.php\/wp-json\/wp\/v2\/media\/8848"}],"wp:attachment":[{"href":"http:\/\/www.affinite.fr\/index.php\/wp-json\/wp\/v2\/media?parent=8847"}],"wp:term":[{"taxonomy":"category","embeddable":true,"href":"http:\/\/www.affinite.fr\/index.php\/wp-json\/wp\/v2\/categories?post=8847"},{"taxonomy":"post_tag","embeddable":true,"href":"http:\/\/www.affinite.fr\/index.php\/wp-json\/wp\/v2\/tags?post=8847"}],"curies":[{"name":"wp","href":"https:\/\/api.w.org\/{rel}","templated":true}]}}