{"id":8841,"date":"2023-02-10T19:26:36","date_gmt":"2023-02-10T19:26:36","guid":{"rendered":"https:\/\/www.affinite.fr\/index.php\/2023\/02\/10\/prix-pour-qui-effets-quand-le-prendre\/"},"modified":"2023-02-10T19:26:36","modified_gmt":"2023-02-10T19:26:36","slug":"prix-pour-qui-effets-quand-le-prendre","status":"publish","type":"post","link":"http:\/\/www.affinite.fr\/index.php\/2023\/02\/10\/prix-pour-qui-effets-quand-le-prendre\/","title":{"rendered":"prix, pour qui, effets, quand le prendre\u00a0?"},"content":{"rendered":"<p> [ad_1]<br \/>\n<\/p>\n<p>\n                Le m\u00e9dicament Paxlovid de Pfizer est un traitement du Covid-19\u00a0qui doit \u00eatre pris dans les 5\u00a0jours suivant l&rsquo;apparition des sympt\u00f4mes. Il est r\u00e9serv\u00e9 aux personnes \u00e0 risque de formes graves. Indications, posologie, effets secondaires et interactions m\u00e9dicamenteuses\u00a0: tout savoir sur le Paxlovid.            <\/p>\n<div>\n<aside class=\"ccmsummary marqueur_module ccmcss_cms_summary ccmcss_cms_summary--right\">\n<p>Sommaire<\/p>\n<\/aside>\n<p>Le <b>Paxlovid <\/b>est\u00a0un m\u00e9dicament fabriqu\u00e9 par le laboratoire\u00a0<strong>Pfizer<\/strong> pour \u00eatre administr\u00e9 <strong>par voie orale <\/strong>(en comprim\u00e9s) <strong>aux personnes \u00e0 risque de formes graves de Covid<\/strong>. Il est <strong>disponible depuis f\u00e9vrier 2022 en France<\/strong>,\u00a0en pharmacie<strong>. Depuis le 10 d\u00e9cembre 2022, <\/strong>selon l&rsquo;arr\u00eat\u00e9 paru\u00a0au <a href=\"https:\/\/www.legifrance.gouv.fr\/jorf\/id\/JORFTEXT000046719550\" target=\"_blank\" rel=\"noopener\">Journal officiel<\/a>, il peut \u00eatre prescrit en pr\u00e9vention via une <strong>ordonnance\u00a0conditionnelle<\/strong>\u00a0\u00ab\u00a0<em>pour une dur\u00e9e de <strong>trois mois<\/strong>\u00a0\u00bb\u00a0<\/em>a\u00a0expliqu\u00e9\u00a0le ministre de la Sant\u00e9 Fran\u00e7ois Braun.<em>\u00a0<\/em>\u00ab\u00a0<em>Un <strong>m\u00e9decin qui suit un patient \u00e0 risque lui dit\u00a0: si vous avez des sympt\u00f4mes, vous vous faites tester et je vous donne l&rsquo;ordonnance<\/strong>, et avec la preuve que votre test est positif, vous pouvez obtenir le Paxlovid<\/em>\u00ab\u00a0, avait indiqu\u00e9 Brigitte Autran, la pr\u00e9sidente du Comit\u00e9 de veille et d&rsquo;anticipation des risques sanitaires (Covars) le 28\u00a0novembre. Le Paxlovid comporte des <strong>contre-indications<\/strong> \u00e0 v\u00e9rifier avant la prise. Ce traitement m\u00e9dicamenteux vient <strong>en compl\u00e9ment de la vaccination non en remplacement. <\/strong>Quelle est la <strong>composition <\/strong>du Paxlovid ?\u00a0<strong>Quelle indication ?<\/strong> Quelle efficacit\u00e9 contre le Covid ? Avec quels m\u00e9dicaments ne doit-il pas \u00eatre pris (<strong>interactions m\u00e9dicamenteuses dangereuses<\/strong>) ? Quel est son <strong>prix <\/strong>? Son remboursement ?\u00a0\u00a0<strong>Ses effets secondaires ?<\/strong>\u00a0<\/p>\n<h2 id=\"cest-quoi-le-paxlovid-\">D\u00e9finition : c&rsquo;est quoi le Paxlovid ?<\/h2>\n<p>Le laboratoire pharmaceutique am\u00e9ricain <strong>Pfizer <\/strong>a mis au point <strong>un traitement <a href=\"https:\/\/sante.journaldesfemmes.fr\/fiches-medicaments\/2850513-antiviraux-principe-sans-ordonnance-dangers\/\" title=\"M\u00e9dicaments antiviraux\">antiviral<\/a>,<\/strong> commercialis\u00e9 sous le nom de <strong>Paxlovid <\/strong>compos\u00e9 de\u00a0<strong>nirmatrelvir <\/strong>et de <strong>ritonavir<\/strong>. Il se pr\u00e9sente sous la forme de comprim\u00e9s \u00e0 prendre\u00a0d\u00e8s que possible apr\u00e8s le diagnostic positif \u00e0 la Covid-19\u00a0et <strong>au maximum dans les 5 jours<\/strong> suivant l&rsquo;apparition des sympt\u00f4mes. Ce traitement cible l&rsquo;enzyme n\u00e9cessaire \u00e0 la r\u00e9plication virale, la prot\u00e9ase 3C-like, et en inhibant son action, il bloque la r\u00e9plication du SARS-CoV-2\u00a0dans l&rsquo;organisme. Une Autorisation de Mise sur le March\u00e9 (AMM) lui a \u00e9t\u00e9 octroy\u00e9e le 28\u00a0janvier 2022.<\/p>\n<figure class=\"image\" style=\"float:right\"><a class=\"fancy\" href=\"https:\/\/img-3.journaldesfemmes.fr\/hmesFcQDA6QRxzU4sxWuoLxTUWw=\/1080x\/smart\/321e47886fa44c80bc5158e4f4a00978\/ccmcms-jdf\/31591985.jpg\"><img decoding=\"async\" alt=\"Photo d'une bo\u00eete de Paxlovid\" src=\"https:\/\/img-3.journaldesfemmes.fr\/Bjqdvw6PT-hBtKcUGwamrtJ4jpc=\/300x\/smart\/321e47886fa44c80bc5158e4f4a00978\/ccmcms-jdf\/31591985.jpg\"\/><\/a><figcaption data-credit=\"Minist\u00e8re de la Sant\u00e9\" data-legend=\"Photo d'une bo\u00eete de Paxlovid\">Photo d&rsquo;une bo\u00eete de Paxlovid <small>\u00a9\u00a0Minist\u00e8re de la Sant\u00e9<\/small><\/figcaption><\/figure>\n<h2 id=\"pour-qui-le-paxlovid-est-il-indique-\">Quelles sont les indications du Paxlovid contre le Covid ?<\/h2>\n<p>Le traitement par Paxlovid est r\u00e9serv\u00e9 aux personnes \u00e0 risque de formes graves de Covid-19. Il doit \u00eatre initi\u00e9 dans <strong>les 5 jours suivant l&rsquo;apparition des sympt\u00f4mes du Covid.\u00a0<\/strong><span style=\"font-size: 1rem;\">Paxlovid est recommand\u00e9 :\u00a0<\/span><\/p>\n<ul>\n<li>Aux\u00a0patients porteurs d&rsquo;une immunod\u00e9pression, quel que soit leur \u00e2ge et leur statut vaccinal<\/li>\n<li>Aux patients pr\u00e9sentant une comorbidit\u00e9 \u00e0 haut risque de forme s\u00e9v\u00e8re (list\u00e9es sur le site de la HAS), quel que soit leur \u00e2ge, lorsque leur sch\u00e9ma vaccinal est incomplet (non vaccin\u00e9, absence de 1er rappel, absence de 2\u00e8me rappel chez les &gt; 60\u00a0ans)<\/li>\n<li>Aux patients &gt; 60\u00a0ans m\u00eame sans comorbidit\u00e9 lorsque leur sch\u00e9ma vaccinal est incomplet (absence de 2\u00e8me rappel notamment)<\/li>\n<\/ul>\n<h2 id=\"quand-le-paxlovid-sera-t-il-disponible-en-france-\">Comment avoir du Paxlovid en pharmacie ?<\/h2>\n<p>Le Paxlovid\u00a0est le<strong> premier <a href=\"https:\/\/sante.journaldesfemmes.fr\/fiches-maladies\/2695941-traitement-covid-19\/\" title=\"Traitement du covid\">traitement de la Covid-19<\/a>\u00a0accessible en pharmacie de ville. <\/strong>La prescription peut \u00eatre r\u00e9alis\u00e9e par <strong>tout m\u00e9decin sur une ordonnance classique<\/strong>, ou conditionnelle dans l&rsquo;attente d&rsquo;un test diagnostic positif (RT-PCR ou antig\u00e9nique r\u00e9alis\u00e9 sous la supervision d&rsquo;un professionnel de sant\u00e9).\u00a0Les pharmacies d&rsquo;officine en ville<strong> sur pr\u00e9sentation de l&rsquo;ordonnance <\/strong>mentionnant le code barre qui permet\u00a0au pharmacien de s&rsquo;assurer que l&rsquo;\u00e9ligibilit\u00e9 du traitement a \u00e9t\u00e9 valid\u00e9 par le m\u00e9decin prescripteur. La commande est pass\u00e9e par le pharmacien apr\u00e8s remise de l&rsquo;ordonnance par le patient. Ainsi pour tenir compte des d\u00e9lais d&rsquo;approvisionnement et respecter la prise du m\u00e9dicament dans les <strong>d\u00e9lais de 5\u00a0jours <\/strong>apr\u00e8s l&rsquo;apparition des sympt\u00f4mes, il est n\u00e9cessaire que le patient se rende rapidement chez le pharmacien d&rsquo;officine apr\u00e8s la consultation\u00a0m\u00e9dicale et le d\u00e9but des sympt\u00f4mes.<\/p>\n<h2 id=\"quelle-est-son-efficacite-contre-le-covid\">Quelle est son efficacit\u00e9 contre le Covid\u00a0et contre Omicron ?<\/h2>\n<p>Selon la Haute Autorit\u00e9 de Sant\u00e9, Paxlovid <em>\u00ab\u00a0conserve une activit\u00e9 antivirale sur les diff\u00e9rents variants<\/em>\u00ab\u00a0. <em>\u00ab\u00a0Les donn\u00e9es disponibles pour \u00e9valuer l&rsquo;efficacit\u00e9 de ce traitement ont d\u00e9montr\u00e9 une <strong>r\u00e9duction du risque de progression vers une forme s\u00e9v\u00e8re de la Covid-19\u00a0(hospitalisation ou d\u00e9c\u00e8s) d&rsquo;environ 85,2\u00a0%<\/strong>\u00a0apr\u00e8s son administration.\u00a0\u00bb<\/em> De plus, le m\u00e9canisme d&rsquo;action du Paxlovid laisse esp\u00e9rer une efficacit\u00e9 maintenue sur les diff\u00e9rents variants, y compris Omicron. Des donn\u00e9es pr\u00e9liminaires in vitro sugg\u00e8rent en effet que les variants pr\u00e9occupants qui circulent actuellement sont sensibles au traitement.<\/p>\n<h2 id=\"quelle-est-la-composition-de-paxlovid-\">Quelle est la composition de Paxlovid ?<\/h2>\n<p>Paxlovid est compos\u00e9 de deux mol\u00e9cules :<\/p>\n<p>\u25ba La premi\u00e8re\u00a0<strong>PF-07321332 <\/strong>est l&rsquo;agent actif qui emp\u00eache \u00e0 la\u00a0prot\u00e9ine du virus de se r\u00e9pliquer.<\/p>\n<p>\u25ba La deuxi\u00e8me, c&rsquo;est <strong>le\u00a0ritonavir<\/strong>, <strong>un inhibiteur de la prot\u00e9ase<\/strong>, normalement utilis\u00e9 pour le traitement des infections par le VIH. \u00ab\u00a0<em>Le VIH n&rsquo;est pas apparent\u00e9 aux <a href=\"https:\/\/sante.journaldesfemmes.fr\/fiches-maladies\/2771815-chiffres-covid-france-cas-incidence-hospitalisations-2023\/\" title=\"Covid-19\">coronavirus<\/a> et la r\u00e9plication de son mat\u00e9riel g\u00e9n\u00e9tique se fait par un m\u00e9canisme diff\u00e9rent. Mais il produit <strong>lui aussi<\/strong> une poly-prot\u00e9ine qui doit \u00eatre coup\u00e9e 9\u00a0fois par <strong>une prot\u00e9ase<\/strong> pour former les nouvelles particules virales<\/em>\u00ab\u00a0, explique <a href=\"https:\/\/www.medecinesciences.org\/en\/articles\/medsci\/full_html\/2020\/06\/msc200106\/msc200106.html\" target=\"_blank\" rel=\"noopener\">un article publi\u00e9 dans la revue scientifique M\u00e9decine Science<\/a> en juin 2020.<\/p>\n<blockquote>\n<p style=\"text-align: right;\">Paxlovid emp\u00eacherait la prot\u00e9ase du coronavirus de se r\u00e9pliquer.<\/p>\n<\/blockquote>\n<p>Une prot\u00e9ase est une enzyme\u00a0sp\u00e9cifique d&rsquo;un virus <strong>qui agit sur les prot\u00e9ines virales afin de favoriser la r\u00e9plication du virus<\/strong>. Pour stopper la r\u00e9plication d&rsquo;un virus, il faut donc r\u00e9duire ou emp\u00eacher la prot\u00e9ase d&rsquo;agir.\u00a0Les coronavirus poss\u00e8dent deux prot\u00e9ases dont une appel\u00e9e <strong>SARS-CoV-2, 3CL<\/strong>. C&rsquo;est sur cette prot\u00e9ase-ci que le traitement oral Paxlovid agit.\u00a0<\/p>\n<h2 id=\"quelle-est-la-posologie-du-paxlovid\">Quelle est la posologie du Paxlovid\u00a0?<\/h2>\n<p>La posologie recommand\u00e9e pour PAXLOVID\u00ae est de <strong>300\u00a0mg<\/strong> de PF-07321332\u00a0(2\u00a0comprim\u00e9s dos\u00e9s \u00e0 150\u00a0mg) et de <strong>100\u00a0mg de ritonavir<\/strong> (1\u00a0comprim\u00e9 dos\u00e9 \u00e0 100\u00a0mg), qui doivent \u00eatre pris ensemble (<strong>3\u00a0comprim\u00e9s en tout<\/strong>, par voie orale, <strong>2\u00a0fois par jour pendant 5\u00a0jours<\/strong>). PAXLOVID peut \u00eatre pris avec ou sans nourriture. <strong>Les comprim\u00e9s doivent \u00eatre aval\u00e9s entiers et ne doivent pas \u00eatre m\u00e2ch\u00e9s, cass\u00e9s ou \u00e9cras\u00e9s.<\/strong> Il doit \u00eatre administr\u00e9 dans les plus brefs d\u00e9lais apr\u00e8s l&rsquo;obtention d&rsquo;un r\u00e9sultat positif \u00e0 un test de d\u00e9pistage virologique direct du SARS-CoV-2\u00a0(PCR ou TAG) et au plus tard dans les 5\u00a0jours qui suivent l&rsquo;apparition des sympt\u00f4mes.<\/p>\n<h2 id=\"quelles-sont-les-interactions-medicamenteuses-du-paxlovid-\">Quelles sont les interactions m\u00e9dicamenteuses du Paxlovid ?<\/h2>\n<p>L&rsquo;utilisation concomitante de PAXLOVID est contre-indiqu\u00e9e avec certains traitements. Un ajustement posologique ou une interruption temporaire de certains autres m\u00e9dicaments peut \u00eatre envisag\u00e9e pendant la dur\u00e9e du traitement antiviral.\u00a0Il convient de consulter syst\u00e9matiquement le\u00a0<a href=\"https:\/\/www.ema.europa.eu\/en\/documents\/product-information\/paxlovid-epar-product-information_fr.pdf\" rel=\"noopener\" target=\"_blank\">r\u00e9sum\u00e9 des caract\u00e9ristiques du produit de Paxlovid<\/a>, ainsi que les\u00a0<a href=\"https:\/\/sfpt-fr.org\/recospaxlovid\" rel=\"noopener\" target=\"_blank\">recommandations de la SFPT qui sont susceptibles d&rsquo;\u00e9voluer en cons\u00e9quence<\/a>.\u00a0Un<strong> num\u00e9ro vert permet d&rsquo;appeler du lundi au vendredi, de 9\u00a0h \u00e0 18\u00a0h, un m\u00e9decin ou pharmacien <\/strong>du centre r\u00e9gional de pharmacovigilance ou du laboratoire de pharmacologie de sa r\u00e9gion\u00a0:\u00a0<strong>0800\u00a0130\u00a0000.<\/strong><\/p>\n<div style=\"text-align:center\">\n<figure class=\"image\" style=\"display:inline-block\"><a class=\"fancy\" href=\"https:\/\/img-3.journaldesfemmes.fr\/KBwu3HI1TrP3YZfpahdtz5UbTOM=\/1080x\/smart\/808d2247c53342019a72751304d62e08\/ccmcms-jdf\/36257022.png\"><img decoding=\"async\" alt=\"Interactions m\u00e9dicamenteuses du Paxlovid\" src=\"https:\/\/img-3.journaldesfemmes.fr\/KBwu3HI1TrP3YZfpahdtz5UbTOM=\/1080x\/smart\/808d2247c53342019a72751304d62e08\/ccmcms-jdf\/36257022.png\"\/><\/a><figcaption data-credit=\"Minist\u00e8re des Solidarit\u00e9s et de la Sant\u00e9\" data-legend=\"Interactions m\u00e9dicamenteuses du Paxlovid\">Interactions m\u00e9dicamenteuses du Paxlovid <small>\u00a9\u00a0Minist\u00e8re des Solidarit\u00e9s et de la Sant\u00e9<\/small><\/figcaption><\/figure>\n<\/div>\n<h2 id=\"quels-sont-les-effets-secondaires-\">Quels sont les effets secondaires du Paxlovid ?<\/h2>\n<p><strong>165 cas d&rsquo;effets secondaires <\/strong>li\u00e9s \u00e0 l&rsquo;utilisation du Paxlovid sont confirm\u00e9s par l&rsquo;<a href=\"https:\/\/ansm.sante.fr\/actualites\/suivi-des-effets-indesirables-des-medicaments-utilises-dans-la-prise-en-charge-du-covid-19-en-date-du-15-09-2022\" target=\"_blank\" rel=\"noopener\">Agence du m\u00e9dicament<\/a> en septembre 2022 dont 61% non graves. Le seul <strong>signal sous surveillance<\/strong> des autorit\u00e9s sanitaires est la possibilit\u00e9 de faire une <strong>hypertension art\u00e9rielle <\/strong>apr\u00e8s la prise de Paxlovid (<strong>6 cas dont 2 graves<\/strong>).<em> \u00ab\u00a0Dans la plupart des cas, l&rsquo;\u00e9l\u00e9vation de la pression art\u00e9rielle a \u00e9t\u00e9 transitoire\u00a0\u00bb<\/em> indique l&rsquo;ANSM. L&rsquo;incidence des cas d&rsquo;hypertension art\u00e9rielle rapport\u00e9s dans les essais cliniques du Paxlovid \u00e9tait faible (&lt;1%). N\u00e9anmoins, une disproportion \u00e9tait observ\u00e9e en d\u00e9faveur du bras trait\u00e9 par rapport au bras <a href=\"https:\/\/sante.journaldesfemmes.fr\/fiches-medicaments\/2756181-placebo-medicament-effet-vaccin-definition-danger-exemple-efficacite\/\" title=\"Placebo\">placebo<\/a>. <strong>Une analyse des cas d&rsquo;hypertension art\u00e9rielle rapport\u00e9s avec Paxlovid est actuellement en cours au niveau europ\u00e9en.<\/strong> Dans l&rsquo;attente des r\u00e9sultats de cette analyse, \u00ab\u00a0<em>il est recommand\u00e9 de prendre en compte ce signal potentiel dans le suivi des patients trait\u00e9s par Paxlovid, notamment chez les personnes \u00e2g\u00e9es particuli\u00e8rement \u00e0 risque de complications graves provoqu\u00e9es par le Covid-19, dont l&rsquo;HTA compliqu\u00e9e\u00a0\u00bb.\u00a0<\/em><\/p>\n<h2 id=\"quelles-sont-les-contre-indications-du-paxlovid-\">Quelles sont les contre-indications du Paxlovid ?\u00a0<\/h2>\n<p>L&rsquo;antiviral est contre-indiqu\u00e9 chez les personnes avec une insuffisance h\u00e9patique s\u00e9v\u00e8re ou une insuffisance r\u00e9nale s\u00e9v\u00e8re\u00a0(DFGe &lt; 30\u00a0ml\/min), y compris les patients atteints d&rsquo;insuffisance r\u00e9nale terminale sous h\u00e9modialyse. Une adaptation de la posologie est n\u00e9cessaire chez les patients pr\u00e9sentant une insuffisance r\u00e9nale mod\u00e9r\u00e9e. Les patients pr\u00e9sentant une insuffisance r\u00e9nale mod\u00e9r\u00e9e doivent prendre un seul comprim\u00e9 de nirmatrelvir 150\u00a0mg (rose) et un comprim\u00e9 de ritonavir 100\u00a0mg (blanc) toutes les 12\u00a0heures pendant 5\u00a0jours. Par ailleurs, il n&rsquo;est<strong> pas recommand\u00e9 d&rsquo;utiliser Paxlovid\u00a0pendant la grossesse\u00a0et chez les femmes en \u00e2ge de procr\u00e9er n&rsquo;utilisant pas de contraception.<\/strong> L&rsquo;allaitement doit \u00eatre interrompu pendant le traitement par PAXLOVID\u00ae et, par mesure de pr\u00e9caution, pendant 7\u00a0jours apr\u00e8s la fin du traitement.\u00a0<strong>L&rsquo;utilisation de ritonavir peut r\u00e9duire l&rsquo;efficacit\u00e9 des contraceptifs hormonaux combin\u00e9s.<\/strong> Il convient de conseiller aux patientes utilisant des contraceptifs hormonaux combin\u00e9s d&rsquo;utiliser une m\u00e9thode contraceptive alternative efficace ou une m\u00e9thode de contraception \u00ab\u00a0barri\u00e8re\u00a0\u00bb suppl\u00e9mentaire pendant le traitement par PAXLOVID\u00ae et jusqu&rsquo;au cycle menstruel suivant l&rsquo;arr\u00eat du PAXLOVID\u00ae<\/p>\n<h2 id=\"quel-est-le-prix-\">Quel est le prix du Paxlovid ?<\/h2>\n<p>Le Paxlovid est vendu\u00a0<strong>entre 5 et 7 euros en pharmacie la bo\u00eete de 30 comprim\u00e9<\/strong>s, uniquement sur ordonnance.<\/p>\n<h2 id=\"le-paxlovid-est-il-rembourse-\">Quel remboursement pour le Paxlovid ?<\/h2>\n<p>La HAS a rendu un avis favorable le 25\u00a0avril 2022 \u00e0 la<strong> prise en charge du Paxlovid\u00a0<\/strong>dans le traitement curatif de la COVID-19.<\/p>\n<p>Sources<\/p>\n<p>&#8211; <a href=\"https:\/\/uspo.fr\/wp-content\/uploads\/2022\/05\/37-2022-05-06-paxlovid.pdf\" target=\"_blank\" rel=\"noopener\">Paxlovid en pharmacie<\/a>, USPO, mai 2022<\/p>\n<p>&#8211;\u00a0Covid-19\u00a0: acc\u00e8s pr\u00e9coce accord\u00e9 au Paxlovid\u00ae en traitement curatif. HAS. Communiqu\u00e9 de presse 21 janvier 2022.<\/p>\n<p>&#8211;\u00a0PFIZER&rsquo;S NOVEL COVID-19\u00a0ORAL ANTIVIRAL TREATMENT CANDIDATE REDUCED RISK OF HOSPITALIZATION OR DEATH BY 89% IN INTERIM ANALYSIS OF PHASE 2\/3\u00a0EPIC-HR STUDY, 5 novembre 2021.<\/p>\n<p>&#8211;\u00a0Cibler la prot\u00e9ase majeure du SARS-CoV-2\u00a0pour fabriquer un m\u00e9dicament efficace contre ce coronavirus, Medecine Science, Juin 2020.\u00a0<\/p>\n<\/p><\/div>\n<p>[ad_2]<br \/>\n<br \/><a href=\"https:\/\/sante.journaldesfemmes.fr\/fiches-maladies\/2758919-paxlovid-traitement-covid-indication-effets-secondaires\/\">Source link <\/a><\/p>\n","protected":false},"excerpt":{"rendered":"<p>[ad_1] Le m\u00e9dicament Paxlovid de Pfizer est un traitement du Covid-19\u00a0qui doit \u00eatre pris dans les 5\u00a0jours suivant l&rsquo;apparition des &hellip; <a href=\"http:\/\/www.affinite.fr\/index.php\/2023\/02\/10\/prix-pour-qui-effets-quand-le-prendre\/\" class=\"more-link\">Plus <span class=\"screen-reader-text\">prix, pour qui, effets, quand le prendre\u00a0?<\/span> <span class=\"meta-nav\">&rarr;<\/span><\/a><\/p>\n","protected":false},"author":1,"featured_media":8842,"comment_status":"","ping_status":"open","sticky":false,"template":"","format":"standard","meta":{"_sitemap_exclude":false,"_sitemap_priority":"","_sitemap_frequency":"","footnotes":""},"categories":[1],"tags":[],"class_list":["post-8841","post","type-post","status-publish","format-standard","has-post-thumbnail","hentry","category-tous"],"_links":{"self":[{"href":"http:\/\/www.affinite.fr\/index.php\/wp-json\/wp\/v2\/posts\/8841"}],"collection":[{"href":"http:\/\/www.affinite.fr\/index.php\/wp-json\/wp\/v2\/posts"}],"about":[{"href":"http:\/\/www.affinite.fr\/index.php\/wp-json\/wp\/v2\/types\/post"}],"author":[{"embeddable":true,"href":"http:\/\/www.affinite.fr\/index.php\/wp-json\/wp\/v2\/users\/1"}],"replies":[{"embeddable":true,"href":"http:\/\/www.affinite.fr\/index.php\/wp-json\/wp\/v2\/comments?post=8841"}],"version-history":[{"count":0,"href":"http:\/\/www.affinite.fr\/index.php\/wp-json\/wp\/v2\/posts\/8841\/revisions"}],"wp:featuredmedia":[{"embeddable":true,"href":"http:\/\/www.affinite.fr\/index.php\/wp-json\/wp\/v2\/media\/8842"}],"wp:attachment":[{"href":"http:\/\/www.affinite.fr\/index.php\/wp-json\/wp\/v2\/media?parent=8841"}],"wp:term":[{"taxonomy":"category","embeddable":true,"href":"http:\/\/www.affinite.fr\/index.php\/wp-json\/wp\/v2\/categories?post=8841"},{"taxonomy":"post_tag","embeddable":true,"href":"http:\/\/www.affinite.fr\/index.php\/wp-json\/wp\/v2\/tags?post=8841"}],"curies":[{"name":"wp","href":"https:\/\/api.w.org\/{rel}","templated":true}]}}