{"id":8839,"date":"2023-02-10T19:07:05","date_gmt":"2023-02-10T19:07:05","guid":{"rendered":"https:\/\/www.affinite.fr\/index.php\/2023\/02\/10\/la-recette-du-super-granola-de-catherine-kluger\/"},"modified":"2023-02-10T19:07:05","modified_gmt":"2023-02-10T19:07:05","slug":"la-recette-du-super-granola-de-catherine-kluger","status":"publish","type":"post","link":"http:\/\/www.affinite.fr\/index.php\/2023\/02\/10\/la-recette-du-super-granola-de-catherine-kluger\/","title":{"rendered":"La recette du super granola de Catherine Kluger"},"content":{"rendered":"<p> [ad_1]<br \/>\n<\/p>\n<div>\n<p><a class=\"asset-img-link\" href=\"https:\/\/scally.typepad.com\/.a\/6a00d8341c676f53ef02b7517033ed200b-pi\"><img decoding=\"async\" alt=\"Recette granola catherine kluger\" border=\"0\" class=\"asset  asset-image at-xid-6a00d8341c676f53ef02b7517033ed200b image-full img-responsive\" src=\"https:\/\/scally.typepad.com\/.a\/6a00d8341c676f53ef02b7517033ed200b-800wi\" style=\"display: block; margin-left: auto; margin-right: auto;\" title=\"Recette granola catherine kluger\"\/><\/a><\/p>\n<p>Si vous me suivez sur ces pages ou sur les r\u00e9seaux sociaux, vous savez que je suis folle de granola. Le matin, j&rsquo;alterne entre tartines et bol de yaourt, <a href=\"http:\/\/www.affinite.fr\/index.php\/2023\/07\/29\/valoriser-ses-invendus-une-demarche-ecologique-et-rentable-pour-les-marchands-de-fruits\/\">fruits<\/a> et granola.<\/p>\n<p>Il y a d\u00e9j\u00e0 une <a href=\"https:\/\/scally.typepad.com\/cest_moi_qui_lai_fait\/2016\/10\/granola-sans-fruits-s%C3%A9ch%C3%A9s.html\" rel=\"noopener\" target=\"_blank\">recette de granola<\/a> sur C\u2019est moi qui l\u2019ai fait que j\u2019aime beaucoup. J\u2019ai d\u00fb en faire des kilos et des kilos pour nos besoins propres mais aussi pour des cadeaux gourmands.\u00a0<\/p>\n<p>J\u2019en ach\u00e8te rarement mais il m\u2019arrive de craquer pour le <strong>granola Super Nature de Catherine Kluger<\/strong> que je trouve tr\u00e8s bon. Vous pouvez le trouver dans les magasins bio mais aussi dans certaine Monoprix, dans des \u00e9piceries fines et en vente en ligne sur son site <a href=\"https:\/\/www.supernature.paris\/\" rel=\"noopener\" target=\"_blank\">Super Nature<\/a>. Il est peu sucr\u00e9 et ne contient aucun ingr\u00e9dient bizarre. Il est croquant mais pas trop non plus. Quand elle a partag\u00e9 sa recette en vid\u00e9o il y a deux ans, je me suis empress\u00e9e de la tester. Aujourd\u2019hui, j\u2019ai du mal \u00e0 dire quelle recette je pr\u00e9f\u00e8re, entre celle que je fais depuis des ann\u00e9es et la sienne. J\u2019avoue que la version de Catherine Kluger est la plus pratique car elle ne n\u00e9cessite pas de compote de pommes. Je peux donc pr\u00e9parer un bocal sur un coup de t\u00eate, sans aller faire de courses.<\/p>\n<p>A chaque fois que je veux le faire, je peste car j\u2019ai ajout\u00e9 la recette sur un post de mon compte Instagram, ce qui veut dire que je suis oblig\u00e9e de faire d\u00e9filer tout mon fil pour trouver la pr\u00e9cieuse recette. Avec ce billet de blog, je reviens aux sources : partager mes coups de c\u0153ur pour que vous puissiez les refaire \u00e0 la maison et moi aussi.\u00a0<\/p>\n<p><strong>Le super granola de Catherine Kluger\u00a0<\/strong><\/p>\n<p>Recette adapt\u00e9e en fonction de mes placards<\/p>\n<p><strong><em>Pour un bocal (je choisis toujours des ingr\u00e9dients bio)<\/em><\/strong><\/p>\n<ul>&#13;<\/p>\n<li>150 g de flocons d\u2019avoine<\/li>\n<p>&#13;<\/p>\n<li>75 g d\u2019amandes ou de noisette ou un m\u00e9lange<\/li>\n<p>&#13;<\/p>\n<li>15 g de graines de courge ou de tournesol<\/li>\n<p>&#13;<\/p>\n<li>50 g de pur\u00e9e d\u2019amande ou de tahini<\/li>\n<p>&#13;<\/p>\n<li>25 g de sirop d\u2019\u00e9rable<\/li>\n<p>&#13;<\/p>\n<li>15 g d\u2019huile neutre (tournesol ou p\u00e9pins de raisins)<\/li>\n<p>&#13;<\/p>\n<li>35 g d\u2019eau tr\u00e8s chaude<\/li>\n<p>&#13;<\/p>\n<li>Fleur de sel<\/li>\n<p>&#13;\n<\/ul>\n<p>\u00a0<\/p>\n<p><strong>Comment faire ?<\/strong><\/p>\n<p>\u00a0<\/p>\n<p>Concasser grossi\u00e8rement les fruits secs, versez dans un grand bol.<\/p>\n<p>Ajoutez les flocons, les graines et \u00bd cuill\u00e8re \u00e0 caf\u00e9 de fleur de sel.<\/p>\n<p>M\u00e9langez dans un pichet ou dans un bol la pur\u00e9e d\u2019amandes (ou le tahini), le sirop d\u2019\u00e9rable, l\u2019huile et l\u2019eau. Versez sur les flocons et m\u00e9langez bien.<\/p>\n<p>\u00c9talez sur une plaque sur une \u00e9paisseur r\u00e9guli\u00e8re d\u20191 cm puis enfournez pour 40 minutes \u00e0 150\u00b0C en m\u00e9langeant \u00e0 mi-cuisson.<\/p>\n<p>Laissez refroidir avant de conserver ce granola dans un bocal en verre herm\u00e9tique.<\/p>\n<\/p><\/div>\n<p><script>\nwindow.fbAsyncInit = function() {\n    FB.init( { apiKey: 'a279adbe87e2b3c505e777af99a5260d', xfbml: true, version: 'v2.8' } );\n};\n( function() {\n    var e = document.createElement( 'script' ); e.async = true;\n    e.src = document.location.protocol + '\/\/connect.facebook.net\/en_US\/sdk.js';\n    document.getElementById( 'fb-root' ).appendChild( e );\n} )();\n<\/script><br \/>\n<br \/>[ad_2]<br \/>\n<br \/><a href=\"https:\/\/scally.typepad.com\/cest_moi_qui_lai_fait\/2023\/02\/la-recette-du-super-granola-de-catherine-kluger.html\">Source link <\/a><\/p>\n","protected":false},"excerpt":{"rendered":"<p>[ad_1] Si vous me suivez sur ces pages ou sur les r\u00e9seaux sociaux, vous savez que je suis folle de &hellip; <a href=\"http:\/\/www.affinite.fr\/index.php\/2023\/02\/10\/la-recette-du-super-granola-de-catherine-kluger\/\" class=\"more-link\">Plus <span class=\"screen-reader-text\">La recette du super granola de Catherine Kluger<\/span> <span class=\"meta-nav\">&rarr;<\/span><\/a><\/p>\n","protected":false},"author":1,"featured_media":8840,"comment_status":"","ping_status":"open","sticky":false,"template":"","format":"standard","meta":{"_sitemap_exclude":false,"_sitemap_priority":"","_sitemap_frequency":"","footnotes":""},"categories":[1],"tags":[],"class_list":["post-8839","post","type-post","status-publish","format-standard","has-post-thumbnail","hentry","category-tous"],"_links":{"self":[{"href":"http:\/\/www.affinite.fr\/index.php\/wp-json\/wp\/v2\/posts\/8839"}],"collection":[{"href":"http:\/\/www.affinite.fr\/index.php\/wp-json\/wp\/v2\/posts"}],"about":[{"href":"http:\/\/www.affinite.fr\/index.php\/wp-json\/wp\/v2\/types\/post"}],"author":[{"embeddable":true,"href":"http:\/\/www.affinite.fr\/index.php\/wp-json\/wp\/v2\/users\/1"}],"replies":[{"embeddable":true,"href":"http:\/\/www.affinite.fr\/index.php\/wp-json\/wp\/v2\/comments?post=8839"}],"version-history":[{"count":0,"href":"http:\/\/www.affinite.fr\/index.php\/wp-json\/wp\/v2\/posts\/8839\/revisions"}],"wp:featuredmedia":[{"embeddable":true,"href":"http:\/\/www.affinite.fr\/index.php\/wp-json\/wp\/v2\/media\/8840"}],"wp:attachment":[{"href":"http:\/\/www.affinite.fr\/index.php\/wp-json\/wp\/v2\/media?parent=8839"}],"wp:term":[{"taxonomy":"category","embeddable":true,"href":"http:\/\/www.affinite.fr\/index.php\/wp-json\/wp\/v2\/categories?post=8839"},{"taxonomy":"post_tag","embeddable":true,"href":"http:\/\/www.affinite.fr\/index.php\/wp-json\/wp\/v2\/tags?post=8839"}],"curies":[{"name":"wp","href":"https:\/\/api.w.org\/{rel}","templated":true}]}}