{"id":8831,"date":"2023-02-07T19:21:37","date_gmt":"2023-02-07T19:21:37","guid":{"rendered":"https:\/\/www.affinite.fr\/index.php\/2023\/02\/07\/quest-ce-qui-explique-cette-perte-de-cheveux\/"},"modified":"2023-02-07T19:21:37","modified_gmt":"2023-02-07T19:21:37","slug":"quest-ce-qui-explique-cette-perte-de-cheveux","status":"publish","type":"post","link":"http:\/\/www.affinite.fr\/index.php\/2023\/02\/07\/quest-ce-qui-explique-cette-perte-de-cheveux\/","title":{"rendered":"qu&rsquo;est-ce qui explique cette perte de cheveux\u00a0?"},"content":{"rendered":"<p> [ad_1]<br \/>\n<br \/><img decoding=\"async\" src=\"https:\/\/img-3.journaldesfemmes.fr\/nLeUb2G90C3O1tmRllaCOkex72k=\/1280x\/smart\/d49d6143d72644ddb47786bd25b0652b\/ccmcms-jdf\/39578614.jpg\" \/><\/p>\n<p>\n                L&rsquo;ex-Premier ministre est apparu sans sourcils, sans barbe, sans moustache et avec moins de cheveux lors d&rsquo;une interview pour BFM-TV le 2\u00a0f\u00e9vrier. Il confirme \u00eatre atteint d&rsquo;alop\u00e9cie. Qu&rsquo;est-ce que c&rsquo;est\u00a0? Quelles sont les causes de cette perte de cheveux\u00a0? Les traitements\u00a0?            <\/p>\n<div>\n<aside class=\"ccmsummary marqueur_module ccmcss_cms_summary ccmcss_cms_summary--right\">\n<p>Sommaire<\/p>\n<\/aside>\n<p><strong>[Mise \u00e0 jour le 7 f\u00e9vrier 2023 \u00e0 19h04]\u00a0<\/strong><em>\u00ab\u00a0J&rsquo;ai <strong>perdu mes sourcils, ma barbe est devenue blanche, elle tombe un peu, mes cheveux aussi, la moustache<\/strong> est partie\u00a0\u00bb <\/em>a\u00a0expliqu\u00e9 l&rsquo;ex-Premier ministre Edouard Philippe lors d&rsquo;une interview pour BFM-TV jeudi 2 f\u00e9vrier. Avant de donner la<strong> cause de ces changements physiques <\/strong>: une <strong>alop\u00e9cie<\/strong>.<strong><em>\u00a0\u00ab\u00a0Ce n&rsquo;est ni douloureux, ni dangereux, ni contagieux ni grave\u00a0\u00bb <\/em><\/strong>a\u00a0rassur\u00e9 l&rsquo;homme de 52 ans.<strong><em> \u00ab\u00a0Les m\u00e9decins m&rsquo;ont dit que c&rsquo;\u00e9tait le stress. Est-ce que j&rsquo;ai une vie stressante ? Oui je vous le confirme\u00a0\u00bb\u00a0<\/em><\/strong>a-t-il poursuivi avant de souligner qu&rsquo;il y a des gens qui<em> \u00ab\u00a0vivent des choses beaucoup, beaucoup plus difficiles\u00a0\u00bb. <\/em>L&rsquo;alop\u00e9ce<strong>\u00a0touche plut\u00f4t des hommes<\/strong> mais aussi des <strong>femmes<\/strong> (et elle alors bien <strong>plus taboue<\/strong>).<em>\u00a0<\/em><\/p>\n<p>En octobre 2022, Edouard Philippe avait d\u00e9j\u00e0 r\u00e9v\u00e9l\u00e9\u00a0\u00eatre atteint d&rsquo;alop\u00e9cie, sa \u00ab\u00a0<em><strong>seconde maladie auto-immune\u00a0\u00bb <\/strong><\/em>dans une interview au <a href=\"https:\/\/www.leparisien.fr\/societe\/sante\/quest-ce-que-lalopecie-la-maladie-dont-on-est-atteint-edouard-philippe-08-10-2022-Y7FQXLR3LBAUPITQ2C24DEP3HA.php\" target=\"_blank\" rel=\"noopener\">Parisien<\/a>. Il souffrait\u00a0aussi de vitiligo.\u00a0<em>\u00ab\u00a0<\/em><em><strong>Tr\u00e8s r\u00e9cemment, mes sourcils sont tomb\u00e9s.<\/strong><\/em><em>\u00a0Je me suis longtemps demand\u00e9 \u00e0 quoi servait un sourcil. Eh bien, cela sert \u00e0 se faire remarquer quand \u00e7a tombe\u00a0\u00bb<\/em>, s&rsquo;est-il amus\u00e9\u00a0avant d&rsquo;expliquer la nature de cette maladie\u00a0:\u00a0<em>\u00ab\u00a0<strong>C&rsquo;est visible,\u00a0cela peut arriver \u00e0 tout \u00e2ge. Il y a des gens pour qui c&rsquo;est plus visible encore que pour moi d&rsquo;ailleurs\u00a0!\u00a0\u00bb<\/strong><\/em><\/p>\n<h2 id=\"cest-quoi-lalopecie-\">C&rsquo;est quoi l&rsquo;alop\u00e9cie ?<\/h2>\n<p>La <strong>chute de cheveux brutale ou progressive est appel\u00e9e \u00ab\u00a0alop\u00e9cie\u00a0\u00bb. <\/strong><em>\u00a0<\/em>Tous les \u00eatres humains perdent leurs cheveux\u00a0au cours de leur vie. Les\u00a0cheveux morts se trouvent remplac\u00e9s par des nouveaux cheveux. Cette phase de chute de cheveux dure 1\u00a0\u00e0 3\u00a0mois.\u00a0 <em>\u00ab\u00a0Le capital cheveux diminue tout au long de l&rsquo;existence. Ainsi, une femme de 60\u00a0ans poss\u00e8de la moiti\u00e9 de la chevelure, qu&rsquo;elle avait \u00e0 l&rsquo;\u00e2ge de 15\u00a0ans\u00a0\u00bb,<\/em> explique le Dr Jean-Luc Rigon, <a href=\"https:\/\/sante.journaldesfemmes.fr\/fiches-sante-du-quotidien\/2525910-dermatologue-prix-consultation-role-diplome\/\" title=\"Dermatologue\">dermatologue<\/a>. <strong>Le nombre de cheveux qui poussent est normalement toujours largement sup\u00e9rieur au nombre de cheveux qui tombent<\/strong> : \u00e0 tout moment, environ 80\u00a0\u00e0 85% de nos cheveux sont en phase anag\u00e8ne (pousse), 1\u00a0\u00e0 2\u00a0% sont en phase catag\u00e8ne (stagnation), et 15\u00a0\u00e0 20\u00a0% sont en phase t\u00e9log\u00e8ne (chute). Chaque follicule capillaire a jusqu&rsquo;\u00e0 20\u00a0cycles capillaires. Il ne faut donc pas s&rsquo;inqui\u00e9ter outre mesure d&rsquo;un cheveux qui tombe\u00a0: il sera la plupart du temps remplac\u00e9.\u00a0Au cours de la vie, ce sont 20\u00a0\u00e0 30\u00a0cycles pilaires qui s&rsquo;encha\u00eenent.\u00a0<strong>Quand la chute de cheveux s&rsquo;acc\u00e9l\u00e8re et n&rsquo;est plus compens\u00e9e par une repousse proportionnelle\u00a0: on parle d&rsquo;alop\u00e9cie,<\/strong> car la <strong>chevelure se rar\u00e9fie de mani\u00e8re anormale<\/strong>.<em> \u00ab\u00a0On estime qu&rsquo;une perte de <strong>plus 100\u00a0cheveux par jour sur une longue p\u00e9riode <\/strong>(plusieurs mois), est une <strong>perte anormale.\u00a0\u00bb<\/strong><\/em><\/p>\n<h2 id=\"quelles-sont-les-causes-dalopecie\">Quelles sont les causes d&rsquo;alop\u00e9cie\u00a0?<\/h2>\n<p><strong>\u25baUn r\u00e9gime trop strict<\/strong> peut\u00a0\u00eatre \u00e0 l&rsquo;origine d&rsquo;une alop\u00e9cie. <em>\u00ab\u00a0Les tissus du corps qui se renouvellent le plus vite sont les plus impact\u00e9s par un tel r\u00e9gime. Or, les cheveux se renouvellent tr\u00e8s vite.\u00a0\u00bb<\/em>\u00a0Ces r\u00e9gimes peuvent entra\u00eener des carences, elles-m\u00eames responsables d&rsquo;une acc\u00e9l\u00e9ration de la perte de cheveux (carence\u00a0en\u00a0zinc, carence en\u00a0magn\u00e9sium,\u00a0carence en calcium\u00a0et surtout\u00a0<strong><a href=\"https:\/\/sante.journaldesfemmes.fr\/fiches-sante-du-quotidien\/2629325-carence-en-fer-ferritine-basse-symptome-que-faire\/\" title=\"Manque de fer\">carence en fer<\/a><\/strong>).<\/p>\n<p><strong>\u25baLe stress et la d\u00e9pression <\/strong>sont une autre cause possible d&rsquo;alop\u00e9cie. Ils peuvent \u00eatre \u00e0 l&rsquo;origine d&rsquo;une <strong>pelade<\/strong>, qui est une forme particuli\u00e8re de perte de cheveux, ou d&rsquo;un <strong>blanchiment de la chevelure<\/strong>, car les cheveux blancs tombent en dernier. <em>\u00ab\u00a0C&rsquo;\u00e9tait le cas de Marie-Antoinette, dont la chevelure est devenue blanche la veille de son ex\u00e9cution.\u00a0\u00bb<\/em> D&rsquo;autres causes de <a href=\"https:\/\/sante.journaldesfemmes.fr\/fiches-maladies\/2701650-pelade-cheveux-barbe-cause-traitement-universelle-cuir-chevelu-sourcils\/\" title=\"Alop\u00e9cie en plaques\">pelade<\/a> existent, notamment en cas de probl\u00e8mes dentaires.<\/p>\n<p><strong>\u25baLe fait d&rsquo;avoir subi une anesth\u00e9sie g\u00e9n\u00e9rale<\/strong> est un autre facteur d&rsquo;alop\u00e9cie. <em>\u00ab\u00a0Les produits \u00e9tant toxiques pour la racine, le cheveux meurt puis tombe.\u00a0Mais en r\u00e8gle g\u00e9n\u00e9rale, les cheveux finissent par repousser.\u00a0\u00bb\u00a0<\/em><\/p>\n<p><strong>\u25ba L&rsquo;automne et le printemps<\/strong> sont des p\u00e9riodes propices \u00e0 la perte de cheveux. <em>\u00ab\u00a0Tous les animaux \u00e0 poils, dont l&rsquo;\u00eatre humain, font leur mue \u00e0 l&rsquo;entr\u00e9e et \u00e0 la sortie de l&rsquo;hiver. En septembre-octobre, de nombreuses personnes viennent consulter car elles s&rsquo;inqui\u00e8tent d&rsquo;une perte de cheveux\u2026 Or, c&rsquo;est tout \u00e0 fait normal \u00e0 cette p\u00e9riode de l&rsquo;ann\u00e9e, mais le manque de moral, qui s&rsquo;installe dans le passage \u00e0 la mauvaise saison, majore l&rsquo;inqui\u00e9tude\u00a0\u00bb<\/em>, rassure le Dr Rigon.<\/p>\n<p>\u25baDes<strong> dysfonctionnements des ovaires <\/strong>ou des glandes surr\u00e9nales font par ailleurs partie des facteurs identifi\u00e9s.<\/p>\n<p><strong>\u25baLa\u00a0<a href=\"https:\/\/sante.journaldesfemmes.fr\/fiches-sexo-gyneco\/2504370-menopause-definition-age-premiers-symptomes-traitements\/\" title=\"M\u00e9nopause\">m\u00e9nopause<\/a> <\/strong>s&rsquo;accompagnant de modifications hormonales peut entra\u00eener une chute de cheveux importante, ainsi qu&rsquo;un changement d&rsquo;aspect de la chevelure (cheveux plus fins, plus secs).<\/p>\n<p>\u200b\u200b\u200b\u200b\u200b\u200b\u200b<strong>\u25ba\u00a0Pendant la grossesse,<\/strong> les hormones sexuelles f\u00e9minines (oestrog\u00e8nes et progest\u00e9rones) augmentent. Les cheveux sont prot\u00e9g\u00e9s et en bonne forme. Mais apr\u00e8s l&rsquo;accouchement, c&rsquo;est le contraire, le taux d&rsquo;hormones chute. La phase de croissance est stopp\u00e9e, un grand nombre de cheveux passe en phase catag\u00e8ne, puis en phase t\u00e9log\u00e8ne. R\u00e9sultat, trois mois plus tard, les femmes remarquent que leurs cheveux tombent.\u00a0\u00ab\u00a0<em>Lorsqu&rsquo;il y a un d\u00e9s\u00e9quilibre entre les hormones femelles et m\u00e2les, on peut observer une acc\u00e9l\u00e9ration de la chute des cheveux\u00a0\u00bb <\/em>commente le Dr Rigon.\u00a0<\/p>\n<h2 id=\"cest-quoi-lalopecie-androgenetique\">C&rsquo;est quoi l&rsquo;alop\u00e9cie androg\u00e9n\u00e9tique\u00a0?<\/h2>\n<p>La <a href=\"https:\/\/sante.journaldesfemmes.fr\/fiches-maladies\/2555974-calvitie-homme-femme-signe-traitement\/\" title=\"Calvitie\">calvitie<\/a> est une forme d&rsquo;alop\u00e9cie dit \u00ab\u00a0<strong>androg\u00e9n\u00e9tique<\/strong>\u00ab\u00a0. Elle est localis\u00e9e<strong> au front chez l&rsquo;homme<\/strong> et <strong>plus diffuse chez la femme.<\/strong> Contrairement aux chutes saisonni\u00e8res qui sont brutales, ces<strong> alop\u00e9cies sont progressives<\/strong>. Les <strong>causes <\/strong>sont \u00e0 la fois <strong>h\u00e9r\u00e9ditaires <\/strong>et <strong>hormonales<\/strong>. Ainsi, certains cheveux \u00e9tant anormalement sensibles aux hormones m\u00e2les, ils se renouvellent de plus en plus rapidement et les phases de chutes s&rsquo;acc\u00e9l\u00e8rent. On <strong>parle plus souvent des alop\u00e9cies masculines.<\/strong><\/p>\n<p>Un test simple permet de savoir si la perte de cheveux est effectivement anormale\u00a0: le test de traction.<strong><em> \u00ab\u00a0Il faut passer deux mains dans la chevelure en \u00e9cartant ses doigts \u00e0 la mani\u00e8re d&rsquo;un grand peigne. Si, au total, plus de 20\u00a0cheveux restent entre les doigts, c&rsquo;est que le niveau de perte est anormal.\u00a0\u00bb<\/em><\/strong><\/p>\n<h2 id=\"quels-sont-les-aliments-qui-freinent-lalopecie-\">Quels sont les aliments qui freinent l&rsquo;alop\u00e9cie ?<\/h2>\n<p>Des r\u00e9gimes tr\u00e8s stricts peuvent engendrer une acc\u00e9l\u00e9ration de la perte de cheveux. En revanche, <strong>certains aliments peuvent freiner ou pr\u00e9venir l&rsquo;alop\u00e9cie.<em> \u00ab\u00a0Il en va ainsi de tous les aliments contenants des acides amin\u00e9s soufr\u00e9s\u00a0\u00bb<\/em>, <\/strong>pr\u00e9cise le Dr Rigon. Parmi ces aliments\u00a0: viandes, poissons, <a href=\"https:\/\/sante.journaldesfemmes.fr\/fiches-nutrition\/1578730-legumineuses-definition-liste-bienfaits\/\" title=\"L\u00e9gumes secs\">l\u00e9gumineuses<\/a>, c\u00e9r\u00e9ales, \u0153ufs.\u00a0Les oligo\u00e9l\u00e9ments ont aussi un int\u00e9r\u00eat dans la pr\u00e9vention de l&rsquo;alop\u00e9cie, de m\u00eame que certains <strong><a href=\"https:\/\/sante.journaldesfemmes.fr\/fiches-nutrition\/2704581-complements-alimentaires-quand-carence-dangers-fer-zinc-definition\/\" title=\"Compl\u00e9ment alimentaire\">compl\u00e9ments alimentaires<\/a> \u00e0 base d&rsquo;acides amin\u00e9s soufr\u00e9s. <\/strong><em>\u00ab\u00a0Mais ils ne sont pas anodins sur le plan digestif\u00a0: ils peuvent notamment<strong> donner des flatulences<\/strong>. Dans tous les cas, il est n\u00e9cessaire de consulter son m\u00e9decin avant de prendre ces compl\u00e9ments alimentaires.\u00a0\u00bb<\/em><\/p>\n<h2 id=\"quels-sont-les-traitements-de-lalopecie-\">Quels sont les traitements de l&rsquo;alop\u00e9cie ?<\/h2>\n<p>Le traitement de l&rsquo;alop\u00e9cie est avant tout celui de sa cause. Si l&rsquo;origine est hormonale, un bilan et une th\u00e9rapie appropri\u00e9s seront propos\u00e9s.\u00a0<em>\u00ab\u00a0On peut aussi donner un <a href=\"http:\/\/www.affinite.fr\/index.php\/2024\/08\/08\/repas-dentreprise-3-raisons-de-solliciter-un-traiteur-a-montpellier\/\">cocktail<\/a> de vitamines pendant un \u00e0 trois mois\u00a0\u00bb<\/em>, pr\u00e9cise le dermatologue. Un acide amin\u00e9 soufr\u00e9 sous forme de comprim\u00e9s (cyst\u00e9ine) est prescrit, de m\u00eame que des lotions de <a href=\"https:\/\/sante.journaldesfemmes.fr\/fiches-medicaments\/2872037-minoxidil-alopecie-cheveux-quand-l-utiliser\/\" title=\"Minoxidil\">minoxidil<\/a>.<\/p>\n<h2 id=\"les-lotions-et-shampoings-anti-chutes-de-cheveux-sont-ils-efficaces-\">Les lotions et shampoings anti-chutes de cheveux sont-ils efficaces ?<\/h2>\n<p>Tout d\u00e9pend de la s\u00e9v\u00e9rit\u00e9 de la chute. Pour une chute de cheveux faible ou moyenne, certaines lotions sont efficaces. En revanche, lorsque le d\u00e9garnissement est r\u00e9ellement important, il faut consulter un dermatologue et se tourner vers un traitement m\u00e9dicamenteux. Les lotions \u00e0 base de minoxidil\u00ae 2\u00a0% pour les femmes, et 5\u00a0% pour les hommes sont efficaces. <em>\u00ab\u00a0A noter que le minoxidil est assez gras\u00a0ce qui peut donner un aspect inesth\u00e9tique \u00e0 la chevelure. Par ailleurs, la pr\u00e9sence de propyl\u00e8ne glycol dans ces produits peut induire des allergies, dans un cas sur 20\u00a0\u00bb <\/em>pr\u00e9cise le Dr Rigon.<em>\u00a0<\/em>Si ce n&rsquo;est pas suffisant, les hommes peuvent \u00eatre trait\u00e9s par m\u00e9dicaments \u00e0 base de finasteride\u00ae sous forme de comprim\u00e9s.<\/p>\n<aside class=\"cke-aside\">\n<p style=\"text-align: center;\"><strong>Les 3\u00a0phases de la pousse des cheveux <\/strong><\/p>\n<p><strong>1-Phase anag\u00e8ne\u00a0:\u00a0<\/strong>les cheveux sont en p\u00e9riode de croissance. En moyenne, ils grandissent de 1cm par mois. Mais il existe des variations en fonction du sexe (les cheveux des femmes poussent un peu plus vite que ceux des hommes) ou de la saison (les cheveux poussent plus rapidement en \u00e9t\u00e9 qu&rsquo;en hiver). La dur\u00e9e de la phase anag\u00e8ne varie \u00e9galement avec le sexe\u00a0: elle dure 4\u00a0\u00e0 6\u00a0ans chez les femmes, contre 2\u00a0\u00e0 4\u00a0ans chez les hommes.<\/p>\n<p><strong>2- Phase catag\u00e8ne<\/strong> qui dure 3\u00a0semaines, les cheveux stoppent leur croissance. Le follicule pileux qui entoure et nourrit la racine du cheveu n&rsquo;est plus actif.<\/p>\n<p><strong>3- Phase t\u00e9log\u00e8ne\u00a0<\/strong>: les cheveux morts se trouvent remplac\u00e9s par des nouveaux cheveux. Cette phase de chute de cheveux dure 1\u00a0\u00e0 3\u00a0mois.\u00a0<strong>Le nombre de cheveux qui poussent est toujours largement sup\u00e9rieur au nombre de cheveux qui tombent<\/strong> : \u00e0 tout moment, environ 80\u00a0\u00e0 85% de nos cheveux sont en phase anag\u00e8ne, 1\u00a0\u00e0 2\u00a0% sont en phase catag\u00e8ne, et 15\u00a0\u00e0 20\u00a0% sont en phase t\u00e9log\u00e8ne.\u00a0<\/p>\n<\/aside>\n<h2 id=\"quand-faire-une-greffe-de-cheveux-\">Quand faire une greffe de cheveux ?<\/h2>\n<p>Lorsque la personne souffre trop de la perte de cheveux, on peut lui proposer une transplantation capillaire sous forme de micro-greffe. Il s&rsquo;agit d&rsquo;une\u00a0intervention chirurgicale sous anesth\u00e9sie locale\u00a0qui dure 2\u00a0\u00e0 3\u00a0heures. On d\u00e9place des cheveux implant\u00e9s \u00e0 l&rsquo;arri\u00e8re du cuir chevelu pour les greffer \u00e0 l&rsquo;avant. En effet, les cheveux de derri\u00e8re ne sont pas soumis aux hormones et sont donc \u00e9pargn\u00e9s pas le ph\u00e9nom\u00e8ne de calvitie. Autrement dit, les cheveux greff\u00e9s \u00e0 l&rsquo;avant du cr\u00e2ne vont persister et se renouveler normalement pendant toute la vie de l&rsquo;individu op\u00e9r\u00e9.<\/p>\n<p><strong>Quelques conseils\u00a0:<\/strong><\/p>\n<ul>\n<li>Commencez par voir un dermatologue avant d&rsquo;aller frapper \u00e0 la porte d&rsquo;un chirurgien capillaire. Peut-\u00eatre que votre alop\u00e9cie ne n\u00e9cessite pas de <a href=\"https:\/\/sante.journaldesfemmes.fr\/fiches-maladies\/2719463-greffe-de-cheveux-technique-resultats-prix\/\" title=\"Greffes de cheveux\">greffe de cheveux<\/a>, et qu&rsquo;elle peut \u00eatre soign\u00e9e avec des m\u00e9dicaments.<\/li>\n<li>Si vous \u00eates d\u00e9cid\u00e9 pour l&rsquo;op\u00e9ration, n&rsquo;allez pas chez n&rsquo;importe quel chirurgien. <strong>Mieux vaut vous faire conseiller par votre dermatologue (il peut vous orienter vers un de ses confr\u00e8res) ou vous fier au bouche \u00e0 oreille<\/strong>. Surtout \u00e9vitez les m\u00e9decins qui vous promettent la lune, qui affichent leurs coordonn\u00e9es sur le web, qui attirent les clients avec des messages publicitaires du type \u00ab\u00a0vu \u00e0 la t\u00e9l\u00e9\u00a0\u00bb, ou encore qui se vantent d&rsquo;avoir op\u00e9r\u00e9 des stars.<\/li>\n<li><strong>Soyez tr\u00e8s vigilant si le chirurgien vous propose un prix exorbitant<\/strong>. D&rsquo;ailleurs demandez un devis mentionnant le d\u00e9tail des prestations. Assurez-vous aussi que le m\u00e9decin est bien garanti en responsabilit\u00e9 civile professionnelle. Et prenez votre temps pour r\u00e9fl\u00e9chir et prendre votre d\u00e9cision, m\u00e9fiez-vous des m\u00e9decins qui essaient de vous influencer.\u00a0<\/li>\n<\/ul>\n<p>En revanche, il est un traitement pr\u00e9ventif parfaitement inutile, qui a pourtant eu la vie dure\u00a0: les 100\u00a0coups de brosse pour rendre ses cheveux plus r\u00e9sistants. <em>\u00ab\u00a0C&rsquo;est une l\u00e9gende urbaine. Loin de renforcer le cheveu, cela l&rsquo;ab\u00eeme\u00a0!\u00a0\u00bb<\/em> Pour entretenir sa chevelure, mieux vaut d&rsquo;ailleurs troquer sa brosse contre un peigne \u00e0 large dents, et l&rsquo;utiliser avec des gestes doux.<\/p>\n<h2 id=\"qui-consulter-quand-on-perd-ses-cheveux-\">Qui consulter quand on perd ses cheveux ?<\/h2>\n<p>Le dermatologue est le sp\u00e9cialiste de la perte de cheveux, mais le m\u00e9decin traitant peut \u00eatre consult\u00e9 sur ce point. Si la cause est d&rsquo;origine hormonale, le suivi se fera avec un endocrinologue ou un gyn\u00e9cologue.<\/p>\n<p><em>Merci au Dr Jean-Luc Rigon, dermatologue.<\/em><\/p>\n<\/p><\/div>\n<p>[ad_2]<br \/>\n<br \/><a href=\"https:\/\/sante.journaldesfemmes.fr\/fiches-maladies\/2507890-perte-de-cheveux-alopecie-edouard-philippe\/\">Source link <\/a><\/p>\n","protected":false},"excerpt":{"rendered":"<p>[ad_1] L&rsquo;ex-Premier ministre est apparu sans sourcils, sans barbe, sans moustache et avec moins de cheveux lors d&rsquo;une interview pour &hellip; <a href=\"http:\/\/www.affinite.fr\/index.php\/2023\/02\/07\/quest-ce-qui-explique-cette-perte-de-cheveux\/\" class=\"more-link\">Plus <span class=\"screen-reader-text\">qu&rsquo;est-ce qui explique cette perte de cheveux\u00a0?<\/span> <span class=\"meta-nav\">&rarr;<\/span><\/a><\/p>\n","protected":false},"author":1,"featured_media":8832,"comment_status":"","ping_status":"open","sticky":false,"template":"","format":"standard","meta":{"_sitemap_exclude":false,"_sitemap_priority":"","_sitemap_frequency":"","footnotes":""},"categories":[1],"tags":[],"class_list":["post-8831","post","type-post","status-publish","format-standard","has-post-thumbnail","hentry","category-tous"],"_links":{"self":[{"href":"http:\/\/www.affinite.fr\/index.php\/wp-json\/wp\/v2\/posts\/8831"}],"collection":[{"href":"http:\/\/www.affinite.fr\/index.php\/wp-json\/wp\/v2\/posts"}],"about":[{"href":"http:\/\/www.affinite.fr\/index.php\/wp-json\/wp\/v2\/types\/post"}],"author":[{"embeddable":true,"href":"http:\/\/www.affinite.fr\/index.php\/wp-json\/wp\/v2\/users\/1"}],"replies":[{"embeddable":true,"href":"http:\/\/www.affinite.fr\/index.php\/wp-json\/wp\/v2\/comments?post=8831"}],"version-history":[{"count":0,"href":"http:\/\/www.affinite.fr\/index.php\/wp-json\/wp\/v2\/posts\/8831\/revisions"}],"wp:featuredmedia":[{"embeddable":true,"href":"http:\/\/www.affinite.fr\/index.php\/wp-json\/wp\/v2\/media\/8832"}],"wp:attachment":[{"href":"http:\/\/www.affinite.fr\/index.php\/wp-json\/wp\/v2\/media?parent=8831"}],"wp:term":[{"taxonomy":"category","embeddable":true,"href":"http:\/\/www.affinite.fr\/index.php\/wp-json\/wp\/v2\/categories?post=8831"},{"taxonomy":"post_tag","embeddable":true,"href":"http:\/\/www.affinite.fr\/index.php\/wp-json\/wp\/v2\/tags?post=8831"}],"curies":[{"name":"wp","href":"https:\/\/api.w.org\/{rel}","templated":true}]}}