{"id":8825,"date":"2023-02-05T19:17:55","date_gmt":"2023-02-05T19:17:55","guid":{"rendered":"https:\/\/www.affinite.fr\/index.php\/2023\/02\/05\/ce-chanteur-avec-lequel-elle-na-plus-de-contact-et-qui-le-regrette\/"},"modified":"2023-02-05T19:17:55","modified_gmt":"2023-02-05T19:17:55","slug":"ce-chanteur-avec-lequel-elle-na-plus-de-contact-et-qui-le-regrette","status":"publish","type":"post","link":"http:\/\/www.affinite.fr\/index.php\/2023\/02\/05\/ce-chanteur-avec-lequel-elle-na-plus-de-contact-et-qui-le-regrette\/","title":{"rendered":"Ce chanteur avec lequel elle n&rsquo;a plus de contact (et qui le regrette)"},"content":{"rendered":"<p> [ad_1]<br \/>\n<br \/><img decoding=\"async\" src=\"https:\/\/img-3.journaldesfemmes.fr\/doSW7H5KxdKVtYEteP1Kn_1S1ys=\/1280x\/smart\/ae946becb66c4e4fa8b0fe50ad5c4ded\/ccmcms-jdf\/39460424.jpg\" \/><\/p>\n<p>\n                Bien qu&rsquo;il se soit quelque peu \u00e9loign\u00e9 de la sc\u00e8ne m\u00e9diatique, G\u00e9rard Lenorman a tout de m\u00eame accept\u00e9 de se confier dans les colonnes de \u00ab\u00a0France Dimanche\u00a0\u00bb ce vendredi 3\u00a0f\u00e9vrier. Le chanteur \u00e0 succ\u00e8s y est notamment revenu sur sa relation avec Brigitte Bardot.            <\/p>\n<div>\n<p>Depuis quelques ann\u00e9es, G\u00e9rard Lenorman s&rsquo;est un peu mis en retrait de la sc\u00e8ne m\u00e9diatique, pr\u00e9f\u00e9rant la tranquillit\u00e9 de la campagne et la m\u00e9ditation. Et s&rsquo;il s&rsquo;est aujourd&rsquo;hui \u00e9loign\u00e9 du show business, il en a tout de m\u00eame c\u00f4toy\u00e9 les plus grandes stars pendant de nombreuses ann\u00e9es. <strong>Il a donc finalement accept\u00e9 de donner une interview \u00e0 <em>France Dimanche<\/em> ce vendredi 3\u00a0f\u00e9vrier 2023.<\/strong> Un entretien \u00e0 c\u0153ur ouvert dans lequel il se <a href=\"http:\/\/www.affinite.fr\/index.php\/2023\/08\/24\/lart-de-la-glace-transforme-en-business-la-vision-unique-de-fabien-gris\/\">livre<\/a>, sans fard, sur sa carri\u00e8re et son nouveau quotidien. Et <strong>sa relation avec BB, laquelle vit isol\u00e9e dans le Sud, avec ses animaux<\/strong>.<\/p>\n<h2>G\u00e9rard Lenorman ne donne plus de nouvelles \u00e0 Brigitte Bardot\u00a0<\/h2>\n<p>L&rsquo;artiste tr\u00e8s populaire dans l&rsquo;Hexagone y est notamment revenu <strong>sur sa relation avec l&rsquo;actrice et chanteuse <a href=\"https:\/\/www.journaldesfemmes.fr\/people\/personnalites\/2850505-brigitte-bardot-88-ans\/\" title=\"Brigitte Bardot\">Brigitte Bardot<\/a> pour qui il a \u00e9crit pas moins de deux chansons au cours de sa carri\u00e8re. <\/strong>Et\u00a0l&rsquo;auteur-compositeur et interpr\u00e8te d&rsquo;avouer qu&rsquo;il est bien trop timide pour avoir un jour os\u00e9 la recontacter. <em>\u00ab\u00a0<strong>Je suis un peu sauvage (&#8230;)\u00a0Je ne sais pas entretenir mes relations. J&rsquo;esp\u00e8re qu&rsquo;elle me lit et qu&rsquo;elle m&rsquo;entend chaque fois que je parle d&rsquo;elle\u00a0\u00bb<\/strong><\/em>, a notamment confi\u00e9 l&rsquo;artiste qui soufflera bient\u00f4t sa 78\u00e8me bougie (le 9\u00a0f\u00e9vrier prochain) \u00e0 nos confr\u00e8res de <em>France Dimanche<\/em>.<\/p>\n<p>Brigitte Bardot elle-m\u00eame n&rsquo;a pas de lien avec le show business, ayant fait le choix de vivre dans sa maison du Sud, entour\u00e9e des touristes \u00e0 son grand regret, pour s&rsquo;occuper \u00e0 plein temps des animaux. L&rsquo;actrice ne donne de ses nouvelles sur les r\u00e9seaux sociaux que pour distribuer les tacles aux politiques, pas assez engag\u00e9s dans la d\u00e9fense des animaux selon elle.<\/p>\n<p>Pour autant, dans les colonnes du m\u00eame magazine, il n&rsquo;a pas manqu\u00e9 de faire moult compliments \u00e0 celle avec qui il partage au moins la passion des animaux et la d\u00e9fense de leur cause, notamment sur sa carri\u00e8re.<strong>\u00a0Il\u00a0a m\u00eame avou\u00e9 qu&rsquo;il lui \u00e9tait tr\u00e8s reconnaissant d&rsquo;avoir accept\u00e9 ses textes :<em>\u00a0La Fille de paille<\/em>\u00a0et <em>Je voudrais perdre la m\u00e9moire<\/em>.\u00a0<\/strong>Un geste qu&rsquo;il d\u00e9crit lui-m\u00eame comme <em>\u00ab\u00a0un <a href=\"http:\/\/www.affinite.fr\/index.php\/2024\/12\/08\/chere-maman-et-si-ce-noel-vous-offriez-a-votre-ado-un-avenir-%f0%9f%8e%84%e2%9c%a8\/\">cadeau<\/a> immense\u00a0\u00bb<\/em>.\u00a0<\/p>\n<p>Pour rappel, <strong>ils se sont rencontr\u00e9s en 1968 au Club Med<\/strong> relate Nostalgie.<\/p>\n<h2>Pourquoi G\u00e9rard Lenorman a-t-il toujours refus\u00e9 d&rsquo;int\u00e9grer Les Enfoir\u00e9s\u00a0?\u00a0<\/h2>\n<p>Et en parlant de cadeau, on ne peut pas dire que G\u00e9rard Lenorman en ait d\u00e9j\u00e0 fait un \u00e0 la troupe des Enfoir\u00e9s. En effet, <strong>le chanteur aux quarante ann\u00e9es de carri\u00e8re a toujours refus\u00e9 de faire partie de la bande. <\/strong><\/p>\n<p>Pourtant, l&rsquo;interpr\u00e8te de <em>La ballade des gens heureux<\/em> a expliqu\u00e9 il y a quelques ann\u00e9es qu&rsquo;il avait d\u00e9j\u00e0 <em>\u00ab\u00a0fait quelque chose\u00a0\u00bb<\/em> avec elle, sans jamais donner plus de d\u00e9tails \u00e0 ce sujet.\u00a0<strong><em>\u00ab\u00a0C&rsquo;est peut-\u00eatre une question de g\u00e9n\u00e9ration. Je date un peu, j&rsquo;ai pass\u00e9 les 23\u00a0ans. Vachement l\u00e9g\u00e8rement\u00a0! (rires)\u00a0\u00bb<\/em><\/strong>, avait alors confi\u00e9 avec humour celui qui est \u00e9galement\u00a0p\u00e8re de quatre enfants, Victor, Cl\u00e9mence, Justine et Mathieu. L&rsquo;histoire semble donc bel et bien enterr\u00e9e&#8230;\u00a0<\/p>\n<\/p><\/div>\n<p>[ad_2]<br \/>\n<br \/><a href=\"https:\/\/www.journaldesfemmes.fr\/people\/actus\/2887885-brigitte-bardot-gerard-lenorman-amitie\/\">Source link <\/a><\/p>\n","protected":false},"excerpt":{"rendered":"<p>[ad_1] Bien qu&rsquo;il se soit quelque peu \u00e9loign\u00e9 de la sc\u00e8ne m\u00e9diatique, G\u00e9rard Lenorman a tout de m\u00eame accept\u00e9 de &hellip; <a href=\"http:\/\/www.affinite.fr\/index.php\/2023\/02\/05\/ce-chanteur-avec-lequel-elle-na-plus-de-contact-et-qui-le-regrette\/\" class=\"more-link\">Plus <span class=\"screen-reader-text\">Ce chanteur avec lequel elle n&rsquo;a plus de contact (et qui le regrette)<\/span> <span class=\"meta-nav\">&rarr;<\/span><\/a><\/p>\n","protected":false},"author":1,"featured_media":8826,"comment_status":"","ping_status":"open","sticky":false,"template":"","format":"standard","meta":{"_sitemap_exclude":false,"_sitemap_priority":"","_sitemap_frequency":"","footnotes":""},"categories":[1],"tags":[],"class_list":["post-8825","post","type-post","status-publish","format-standard","has-post-thumbnail","hentry","category-tous"],"_links":{"self":[{"href":"http:\/\/www.affinite.fr\/index.php\/wp-json\/wp\/v2\/posts\/8825"}],"collection":[{"href":"http:\/\/www.affinite.fr\/index.php\/wp-json\/wp\/v2\/posts"}],"about":[{"href":"http:\/\/www.affinite.fr\/index.php\/wp-json\/wp\/v2\/types\/post"}],"author":[{"embeddable":true,"href":"http:\/\/www.affinite.fr\/index.php\/wp-json\/wp\/v2\/users\/1"}],"replies":[{"embeddable":true,"href":"http:\/\/www.affinite.fr\/index.php\/wp-json\/wp\/v2\/comments?post=8825"}],"version-history":[{"count":0,"href":"http:\/\/www.affinite.fr\/index.php\/wp-json\/wp\/v2\/posts\/8825\/revisions"}],"wp:featuredmedia":[{"embeddable":true,"href":"http:\/\/www.affinite.fr\/index.php\/wp-json\/wp\/v2\/media\/8826"}],"wp:attachment":[{"href":"http:\/\/www.affinite.fr\/index.php\/wp-json\/wp\/v2\/media?parent=8825"}],"wp:term":[{"taxonomy":"category","embeddable":true,"href":"http:\/\/www.affinite.fr\/index.php\/wp-json\/wp\/v2\/categories?post=8825"},{"taxonomy":"post_tag","embeddable":true,"href":"http:\/\/www.affinite.fr\/index.php\/wp-json\/wp\/v2\/tags?post=8825"}],"curies":[{"name":"wp","href":"https:\/\/api.w.org\/{rel}","templated":true}]}}