{"id":8815,"date":"2023-02-01T19:13:12","date_gmt":"2023-02-01T19:13:12","guid":{"rendered":"https:\/\/www.affinite.fr\/index.php\/2023\/02\/01\/fevrier-2023-gorge-rhume-que-faire\/"},"modified":"2023-02-01T19:13:12","modified_gmt":"2023-02-01T19:13:12","slug":"fevrier-2023-gorge-rhume-que-faire","status":"publish","type":"post","link":"http:\/\/www.affinite.fr\/index.php\/2023\/02\/01\/fevrier-2023-gorge-rhume-que-faire\/","title":{"rendered":"f\u00e9vrier 2023, gorge, rhume, que faire\u00a0?"},"content":{"rendered":"<p> [ad_1]<br \/>\n<\/p>\n<p>\n                Les sympt\u00f4mes Covid rapport\u00e9s en ce d\u00e9but d&rsquo;ann\u00e9e 2023\u00a0sont toujours li\u00e9s \u00e0 la contamination du variant Omicron. L&rsquo;infection se traduit par une maladie aigu\u00eb f\u00e9brile, avec des sympt\u00f4mes essentiellement ORL (rhume, mal de gorge).            <\/p>\n<div>\n<aside class=\"ccmsummary marqueur_module ccmcss_cms_summary ccmcss_cms_summary--right\">\n<p>Sommaire<\/p>\n<\/aside>\n<p>Quand le virus du Covid-19 est apparu\u00a0en d\u00e9cembre 2019, il s&rsquo;est\u00a0manifest\u00e9\u00a0par des sympt\u00f4mes respiratoires menant dans les formes les plus graves \u00e0 des\u00a0<strong>pneumonies<\/strong>. mortelles. En\u00a0<strong>2023<\/strong>, le <strong>virus a mut\u00e9 <\/strong>plusieurs fois et ses sympt\u00f4mes ont chang\u00e9 au fil des variants. Il est <strong>toujours mortel<\/strong>\u00a0mais<strong> globalement\u00a0moins s\u00e9v\u00e8re.<\/strong> L&rsquo;\u00e9tude anglaise <strong>REACT\u00a0<\/strong>publi\u00e9e\u00a0fin 2022 dans\u00a0<a href=\"https:\/\/www.nature.com\/articles\/s41467-022-34244-2\" target=\"_blank\" rel=\"noopener\">Nature Communications<\/a>\u00a0a montr\u00e9\u00a0sur plus de 17\u00a0000\u00a0personnes\u00a0positives au Covid\u00a0entre mai 2020\u00a0et mars 2022,<strong> que <\/strong>les<strong>\u00a0cas positifs \u00e0 Omicron<\/strong> (variant toujours majoritaire en France en f\u00e9vrier 2023)<strong> pr\u00e9sentaient moins de perte d&rsquo;odorat ou de\u00a0go\u00fbt <\/strong>(comme on pouvait le voir en 2020 et 2021)\u00a0mais<strong>\u00a0plus de\u00a0rhume et de grippe avec fi\u00e8vre, \u00e9coulement nasal ou toux.<\/strong>\u00a0Depuis le<strong> 1er f\u00e9vrier 2023, <\/strong>le <strong>d\u00e9pistage en cas de sympt\u00f4mes \u00e9vocateurs de Covid est toujours recommand\u00e9 <\/strong>mais l<strong>&lsquo;isolement des personnes positives n&rsquo;est plus requis.<\/strong>\u00a0<span style=\"font-size: 1rem;\">Quels sont les<\/span><strong style=\"font-size: 1rem;\"> sympt\u00f4mes au d\u00e9but <\/strong><span style=\"font-size: 1rem;\">d&rsquo;une infection par le\u00a0Covid ?<\/span><span style=\"font-size: 1rem;\">\u00a0Au bout de combien de temps apparaissent-ils\u00a0?\u00a0Comment les <strong>diff\u00e9rencier d&rsquo;une grippe,\u00a0d&rsquo;une angine\u00a0ou d&rsquo;une gastro<\/strong> ? Quels sont les <strong>signes d&rsquo;aggravation <\/strong>? R\u00e9ponses.<\/span><\/p>\n<h2 id=\"quels-sont-les-signes-cliniques-evocateurs-du-covid-\">Quels sont les signes cliniques \u00e9vocateurs du Covid ?<\/h2>\n<p>Selon la d\u00e9finition actualis\u00e9e<strong> par le Haut Conseil de la Sant\u00e9 Publique<\/strong> mi-2022, les<strong> signes cliniques \u00e9vocateurs de Covid-19<\/strong> sont<strong> dans la population g\u00e9n\u00e9rale<\/strong> :\u00a0<\/p>\n<ul>\n<li>infection respiratoire aigu\u00eb avec une fi\u00e8vre ou une sensation de fi\u00e8vre,<\/li>\n<li>asth\u00e9nie inexpliqu\u00e9e ;<\/li>\n<li>myalgies inexpliqu\u00e9es ;<\/li>\n<li>c\u00e9phal\u00e9es en dehors d&rsquo;une pathologie migraineuse connue,<\/li>\n<li>anosmie ou hyposmie avec ou sans rhinite associ\u00e9e,<\/li>\n<li>agueusie ou dysgueusie,<\/li>\n<li>odynophagie<\/li>\n<\/ul>\n<p><strong>\u25ba Chez les personnes \u00e2g\u00e9es de 80\u00a0ans ou plus<\/strong>\u00a0:\u00a0alt\u00e9ration de l&rsquo;\u00e9tat g\u00e9n\u00e9ral ; chutes r\u00e9p\u00e9t\u00e9es , apparition ou aggravation de troubles cognitifs, syndrome confusionnel ; diarrh\u00e9e, d\u00e9compensation d&rsquo;une pathologie ant\u00e9rieure.<\/p>\n<p><strong>\u25ba\u00a0Chez les enfants\u00a0:<\/strong> tous les signes sus-cit\u00e9s en population g\u00e9n\u00e9rale ; alt\u00e9ration de l&rsquo;\u00e9tat g\u00e9n\u00e9ral ; diarrh\u00e9e ; fi\u00e8vre isol\u00e9e chez l&rsquo;enfant de moins de 3\u00a0mois.<\/p>\n<p><strong>\u25ba\u00a0Chez les patients en situation d&rsquo;urgence ou de r\u00e9animation<\/strong>\u00a0: troubles du rythme cardiaque r\u00e9cents, atteintes myocardiques aigu\u00ebs ; \u00e9v\u00e8nement thromboembolique grave.<\/p>\n<h2 id=\"les-symptomes-sont-ils-differents-avec-omicron-\">Quels sont les sympt\u00f4mes Covid en f\u00e9vrier 2023 ?<\/h2>\n<p>D\u00e9but 2023, les sympt\u00f4mes du Covid sont toujours ceux li\u00e9s \u00e0 la circulation du variant Omicron, majoritaire en France et dans le monde<strong>.<\/strong>\u00a0Selon les derni\u00e8res informations officielles relatives \u00e0 la\u00a0France\u00a0<strong><em>\u00ab\u00a0l&rsquo;infection symptomatique se traduit, <\/em><\/strong><em>chez les personnes vaccin\u00e9es, <\/em><strong><em>par une maladie aigu\u00eb f\u00e9brile, essentiellement ORL (rhume, mal de gorge, ndlr), suivie de 1\u00a0\u00e0 2\u00a0semaines d&rsquo;asth\u00e9nie (grosse fatigue)\u00a0\u00bb <\/em><\/strong>expliquait\u00a0le <a href=\"https:\/\/sante.gouv.fr\/IMG\/pdf\/avis_du_covars_du_20.10.2022_sur_le_covid-19.pdf\" target=\"_blank\" rel=\"noopener\">Covars<\/a>\u00a0en fin d&rsquo;ann\u00e9e derni\u00e8re. Les derniers sous-variants Omicron sont associ\u00e9s\u00a0\u00e0 des\u00a0<strong>formes b\u00e9nignes<\/strong>. Les sympt\u00f4mes ont\u00a0tendance \u00e0 <strong>durer plus longtemps<\/strong> que lors des premi\u00e8res contaminations Omicron.\u00a0Selon les donn\u00e9es\u00a0<span style=\"font-size: 1rem;\">r\u00e9colt\u00e9es chez nos voisins anglais par l&rsquo;application\u00a0<a href=\"https:\/\/joinzoe.com\/learn\/covid-new-top-10-covid-symptoms\" target=\"_blank\" rel=\"noopener\">Zoe Study<\/a>\u00a0en d\u00e9cembre 2022, les<strong> 10\u00a0sympt\u00f4mes les plus fr\u00e9quents du Covid-19\u00a0sont aujourd&rsquo;hui\u00a0:<\/strong><\/span><\/p>\n<ol>\n<li><strong><span style=\"font-size: 1rem;\">le mal de gorge, <\/span><\/strong><\/li>\n<li><strong><span style=\"font-size: 1rem;\">le nez qui coule, <\/span><\/strong><\/li>\n<li><strong><span style=\"font-size: 1rem;\">le nez bouch\u00e9, <\/span><\/strong><\/li>\n<li><strong><span style=\"font-size: 1rem;\">les \u00e9ternuements, <\/span><\/strong><\/li>\n<li><strong><span style=\"font-size: 1rem;\">la toux, <\/span><\/strong><\/li>\n<li><strong><span style=\"font-size: 1rem;\">le mal de t\u00eate,<\/span><\/strong><\/li>\n<li><strong><span style=\"font-size: 1rem;\">la toux avec mucosit\u00e9s,<\/span><\/strong><\/li>\n<li><strong><span style=\"font-size: 1rem;\">la voix rauque, <\/span><\/strong><\/li>\n<li><strong><span style=\"font-size: 1rem;\">les douleurs musculaires, <\/span><\/strong><\/li>\n<li><strong><span style=\"font-size: 1rem;\">l&rsquo;odorat alt\u00e9r\u00e9.<\/span><\/strong><\/li>\n<\/ol>\n<p><span style=\"font-size: 1rem;\"><strong><em>\u00ab\u00a0Les sympt\u00f4mes \u00ab\u00a0traditionnels\u00a0\u00bb pr\u00e9c\u00e9dents, tels que la perte d&rsquo;odorat (anosmie), l&rsquo;essoufflement et la fi\u00e8vre, sont beaucoup moins fr\u00e9quents de nos jours\u00a0\u00bb<\/em><\/strong> notent les auteurs de l&rsquo;application.<\/span><\/p>\n<h2 id=\"quand-faire-le-test-covid-si-on-a-des-symptomes\">Quand faire le test Covid si on a des sympt\u00f4mes\u00a0?<\/h2>\n<p><em>\u00ab\u00a0Comme pour toute maladie \u00e0 infection respiratoire aigu\u00eb, il reste fortement recommand\u00e9\u00a0aux personnes ayant \u00e9t\u00e9 expos\u00e9es \u00e0 une personne contagieuse (contamin\u00e9es par le Covid, ndlr) et susceptibles de d\u00e9velopper la maladie, de\u00a0<strong>respecter les gestes barri\u00e8res<\/strong>, de\u00a0<strong>se faire tester<\/strong>\u00a0et d&rsquo;<\/em><strong><em>\u00e9viter le contact avec les personnes fragiles\u00a0\u00bb<\/em> <\/strong>indique le <a href=\"https:\/\/sante.gouv.fr\/actualites\/presse\/communiques-de-presse\/article\/lutte-contre-l-epidemie-de-covid-19-entree-en-vigueur-de-plusieurs-evolutions\" target=\"_blank\" rel=\"noopener\">minist\u00e8re de la Sant\u00e9<\/a> le 1er f\u00e9vrier 2023.\u00a0A compter de cette date,<strong> le gouvernement l\u00e8ve l&rsquo;isolement syst\u00e9matique des personnes positives au Covid<\/strong>. En cas de sympt\u00f4mes Covid, les tests recommand\u00e9s sont le test PCR (le plus fiable) et le test antig\u00e9nique, non les autotests. A noter que la consigne de tests pour les cas contacts est lev\u00e9e le 1er f\u00e9vrier 2023.<\/p>\n<h2 id=\"quels-sont-lessymptomes-digestifs-du-covid\">Quels sont les\u00a0sympt\u00f4mes digestifs du Covid\u00a0?<\/h2>\n<p>Des<strong> troubles digestifs <\/strong>(<strong>diarrh\u00e9es, vomissements<\/strong>&#8230;) peuvent survenir en cas de contamination par le coronavirus. Parmi les hypoth\u00e8ses envisag\u00e9es par les chercheurs\u00a0: le SARS-CoV-2\u00a0infecterait les cellules dot\u00e9es \u00e0 leur surface d&rsquo;un r\u00e9cepteur appel\u00e9 \u00ab\u00a0ACE2\u00a0\u00bb. Ce r\u00e9cepteur est pr\u00e9sent dans les cellules du syst\u00e8me respiratoire mais aussi dans celles du tube digestif. Voil\u00e0 pourquoi le coronavirus pourrait modifier le transit. Il pourrait aussi provoquer des\u00a0atteintes au niveau du foie et <strong>perturber le microbiote<\/strong> intestinal. En novembre 2021, la <a href=\"https:\/\/www.has-sante.fr\/upload\/docs\/application\/pdf\/2021-11\/fiche_symptomes_digestifs_2021-11-18_22-40-32_267.pdf\" target=\"_blank\" rel=\"noopener\">Haute Autorit\u00e9 de Sant\u00e9<\/a> a confirm\u00e9 que<em><strong> \u00ab\u00a0le tube digestif a sans doute un r\u00f4le important dans les sympt\u00f4mes prolong\u00e9s de la Covid-19<\/strong>. Environ 20\u00a0% des patients rapportent des sympt\u00f4mes digestifs lors de la phase prolong\u00e9e de Covid\u00a0\u00bb.<\/em><\/p>\n<h2 id=\"quelle-est-la-duree-des-symptomes-\">Combien de temps durent les sympt\u00f4mes du Covid\u00a0?<\/h2>\n<p>La dur\u00e9e moyenne des sympt\u00f4mes d&rsquo;une infection Covid par Omicron est d&rsquo;environ<strong>\u00a07 jours<\/strong>\u00a0<strong>(3 \u00e0 10 jours selon les cas).\u00a0<\/strong><\/p>\n<h2 id=\"peut-on-avoir-des-signes-de-covid-apres-avoir-ete-vaccines-\">Peut-on avoir des signes de Covid apr\u00e8s avoir \u00e9t\u00e9 vaccin\u00e9 ?<\/h2>\n<p>Il n&rsquo;y a pas de virus actif du Covid dans les vaccins Covid autoris\u00e9s en France. <em>\u00ab\u00a0La vaccination ne rend en aucun cas positif\u00a0\u00bb<\/em> pr\u00e9cise le <a href=\"https:\/\/mesconseilscovid.sante.gouv.fr\/je-veux-me-faire-vacciner.html#est-ce-que-la-vaccination-rend-malade-contagieux-ou-positif\" target=\"_blank\" rel=\"noopener\">gouvernement<\/a>. Il est cependant possible de pr\u00e9senter de la<strong> fi\u00e8vre, des maux de t\u00eate, des douleurs musculaires\u00a0ou de la fatigue apr\u00e8s avoir \u00e9t\u00e9 vaccin\u00e9<\/strong>. Il s&rsquo;agit d&rsquo;effets secondaires passagers li\u00e9s \u00e0 l&rsquo;activation du syst\u00e8me immunitaire <em>\u00ab\u00a0mais vous n&rsquo;\u00eates ni malade, ni contagieux\u00a0\u00bb <\/em>poursuit le gouvernement. Il est aussi possible -mais cela n&rsquo;est pas li\u00e9 au vaccin- d&rsquo;\u00eatre positif \u00e0 la Covid apr\u00e8s avoir \u00e9t\u00e9 vaccin\u00e9 car les vaccins ne sont jamais efficaces \u00e0 100%. Ils prot\u00e8gent surtout des formes graves de la maladie et r\u00e9duisent le risque d&rsquo;hospitalisation et de d\u00e9c\u00e8s.<\/p>\n<div style=\"text-align:center\">\n<figure class=\"image\" style=\"display:inline-block\"><a class=\"fancy\" href=\"https:\/\/img-3.journaldesfemmes.fr\/D6-YvUXI3AEI2VUpHlzKldUd2ho=\/1080x\/smart\/b1e715c23d8a43688879a4843997ba2b\/ccmcms-jdf\/31333450.jpg\" target=\"_blank\" rel=\"noopener\"><img decoding=\"async\" alt=\"sch\u00e9ma sympt\u00f4mes covid\" src=\"https:\/\/img-3.journaldesfemmes.fr\/orXcrsHTvA3SXjLn1uy3dpmu1_8=\/600x\/smart\/b1e715c23d8a43688879a4843997ba2b\/ccmcms-jdf\/31333450.jpg\"\/><\/a><figcaption data-credit=\"123rf\" data-legend=\"Sympt\u00f4mes Covid-19\">Sympt\u00f4mes Covid-19 <small>\u00a9\u00a0123rf<\/small><\/figcaption><\/figure>\n<\/div>\n<h2 id=\"quels-sont-les-symptomes-du-covid-chez-les-jeunes-\">Quels sont les sympt\u00f4mes du Covid chez les enfants ?<\/h2>\n<p>Les enfants infect\u00e9s par le SARS-CoV-2\u00a0sont majoritairement asymptomatiques ou d\u00e9veloppent une forme b\u00e9nigne de la maladie. Quand l&rsquo;infection se manifeste, c&rsquo;est le plus souvent \u00ab\u00a0<em>par un<strong> syndrome grippal <\/strong>banal\u00a0\u00bb\u00a0<\/em>nous\u00a0expliquait\u00a0le <a href=\"https:\/\/sante.journaldesfemmes.fr\/fiches-maladies\/2623333-coronavirus-enfant-covid-positif-symptome-septembre\/\" target=\"_blank\" rel=\"noopener\">Dr Fabienne Kochert<\/a>, p\u00e9diatre, en 2021. L&rsquo;alt\u00e9ration de l&rsquo;\u00e9tat g\u00e9n\u00e9ral de l&rsquo;enfant, la diarrh\u00e9e, une fi\u00e8vre isol\u00e9e chez l&rsquo;enfant de moins de 3\u00a0mois doivent pousser \u00e0 consulter.<\/p>\n<h2 id=\"quels-sont-les-symptomes-du-covid-chez-le-bebe-\">Quels sont les sympt\u00f4mes du Covid chez le b\u00e9b\u00e9 ?<\/h2>\n<p>En p\u00e9diatrie, le Covid-19\u00a0est <strong>souvent peu symptomatique<\/strong>, notamment chez les nourrissons. Parmi les signes pouvant faire suspecter une infection au coronavirus chez l&rsquo;enfant, la Soci\u00e9t\u00e9 fran\u00e7aise de P\u00e9diatrie, liste :\u00a0<\/p>\n<ul>\n<li>une fi\u00e8vre &gt;38\u00b0, irritabilit\u00e9 inhabituelle,<\/li>\n<li>une toux f\u00e9brile,<\/li>\n<li>des selles liquides, vomissements, douleurs abdominales<\/li>\n<li>les signes de gravit\u00e9 sont : toux ou difficult\u00e9s respiratoires associ\u00e9es \u00e0 l&rsquo;un des signes suivants\u00a0: cyanose,\u00a0d\u00e9tresse respiratoire aigu\u00eb (geignement), signes de pneumonie\u00a0: prise de boisson ou allaitement impossible, perte de connaissance ou convulsions,\u00a0tachycardie, marbrures.<\/li>\n<\/ul>\n<h2 id=\"quels-sont-les-premiers-symptomes-du-covid\">Quels sont les premiers sympt\u00f4mes du Covid\u00a0?<\/h2>\n<blockquote>\n<p style=\"text-align: right;\">\u00ab\u00a0Selon le d\u00e9but de la maladie, on sait ce qui va se passer dans les phases suivantes.\u00a0\u00bb\u00a0<\/p>\n<\/blockquote>\n<p>Les <strong>premiers sympt\u00f4mes <\/strong>d&rsquo;une infection Covid-19 sont le plus souvent peu sp\u00e9cifiques\u00a0: <strong>maux de t\u00eate,<\/strong> <strong>douleurs musculaires<\/strong>, <strong>grosse\u00a0fatigue, rhume<\/strong>. Peuvent ensuite survenir\u00a0des naus\u00e9es et\/ou des vomissements et\u00a0des diarrh\u00e9es, parfois (mais plus rare depuis 2022) des pertes du go\u00fbt et\/ou de l&rsquo;odorat.\u00a0L&rsquo;aggravation clinique survient en moyenne<strong> une semaine apr\u00e8s les premiers sympt\u00f4mes.<\/strong><\/p>\n<h2 id=\"quel-est-le-delai-dapparition-des-symptomes-\">Quel est le d\u00e9lai d&rsquo;apparition des sympt\u00f4mes ?<\/h2>\n<p>La dur\u00e9e moyenne d&rsquo;incubation du virus Sars-CoV-2 \u00e9tait\u00a0initialement de<strong> 5\u00a0jours. Cette dur\u00e9e peut \u00eatre r\u00e9duite en cas d&rsquo;infection par Omicron avec une incubation de 2 \u00e0 3 jours et des signes qui surviennent \u00e0 ce moment-l\u00e0.\u00a0<\/strong><\/p>\n<h2 id=\"le-rhume-est-il-un-symptome-de-covid-\">Le rhume est-il un sympt\u00f4me de Covid ?<\/h2>\n<p><em>\u00ab\u00a0<strong>Dans plus de 80% des cas, les signes<\/strong><\/em><strong> (d&rsquo;une infection par le coronavirus) <em>sont mineurs. Ce sont des angines ou des rhinopharyngites\u00a0\u00bb<\/em><\/strong> constatait le Pr Karine Lacombe,\u00a0cheffe de service des maladies infectieuses \u00e0 l&rsquo;h\u00f4pital Saint-Antoine \u00e0 Paris, en mars 2020. Les premiers malades du coronavirus ont effectivement d\u00e9crit les <strong>sympt\u00f4mes du rhume (nez qui coule, fatigue&#8230;) <\/strong>mais aussi\u00a0un \u00e9tat grippal qui peut \u00eatre \u00ab\u00a0puissant\u00a0\u00bb comme nous l&rsquo;expliquait <a href=\"https:\/\/sante.journaldesfemmes.fr\/fiches-maladies\/2627743-temoignage-coronavirus-patient-symptome-hospitalisation-guerison\/\" target=\"_blank\" rel=\"noopener\">Olivier Sadou, infect\u00e9 par le coronavirus<\/a>,\u00a0au mois de mars. Le rhume est un signe toujours rapport\u00e9 par les patients infect\u00e9s en 2022 comme le montrait Sant\u00e9 Publique France dans son rapport sur les cas Omicron. Des<strong> courbatures et une sensation d&rsquo;abattement g\u00e9n\u00e9ral\u00a0font aussi partie des sympt\u00f4mes de l&rsquo;infection.\u00a0<\/strong><\/p>\n<blockquote>\n<p style=\"text-align: right;\">\u00a0<\/p>\n<\/blockquote>\n<h2 id=\"le-mal-de-gorge-est-il-un-signe-de-covid-\">Le mal de gorge est-il un signe de Covid ?<\/h2>\n<p>Une infection \u00e0 coronavirus peut entra\u00eener un mal de gorge. C&rsquo;est un signe rapport\u00e9 par 88 cas Covid Omicron sur 277 selon l&rsquo;analyse publi\u00e9e par Sant\u00e9 Publique France en avril 2022 soit <strong>31%. C&rsquo;est aussi un des signes rapport\u00e9s dans les analyses de juin sur les cas Omicron.<\/strong><\/p>\n<h2 id=\"qui-est-touche-par-laperte-du-gout-et-de-lodorat-\">Qui est touch\u00e9 par la\u00a0perte du go\u00fbt et de l&rsquo;odorat ?<\/h2>\n<p>C&rsquo;\u00e9tait\u00a0un sympt\u00f4me inattendu mais devenu au fil du temps tr\u00e8s caract\u00e9ristique d&rsquo;une infection Covid.\u00a0Plusieurs ORL et infectiologues fran\u00e7ais ont\u00a0constat\u00e9 la survenue de <strong>perte brutale de l&rsquo;odorat <\/strong>(\u00ab\u00a0<strong>anosmie<\/strong><a href=\"https:\/\/sante.journaldesfemmes.fr\/fiches-maladies\/2627657-anosmie-perte-odorat-covid-duree\/\" target=\"_blank\" rel=\"noopener\">\u00ab\u00a0<\/a>)\u00a0souvent associ\u00e9e\u00a0\u00e0 une perte du go\u00fbt (<strong>agueusie)<\/strong>\u00a0<u>mais sans obstruction nasale<\/u>, chez des patients suspects ou confirm\u00e9s COVID-19<strong>. <\/strong>Souvent chez des malades\u00a0<strong><em>\u00ab\u00a0plut\u00f4t jeunes\u00a0\u00bb<\/em><\/strong> et\u00a0ayant des formes\u00a0<em>\u00ab\u00a0peu s\u00e9v\u00e8res\u00a0\u00bb<\/em>\u00a0de la maladie, rapportait le<strong><em>\u00a0<\/em><\/strong>Pr J\u00e9r\u00f4me Salomon, Directeur g\u00e9n\u00e9ral de la sant\u00e9 dans un point de situation de l&rsquo;\u00e9pid\u00e9mie fin mars 2020. Ce qu&rsquo;a\u00a0confirm\u00e9 une \u00e9tude europ\u00e9enne publi\u00e9e en mai 2020\u00a0:<em>\u00a0\u00ab\u00a0Les <strong>patients jeunes pr\u00e9sentent plus souvent des troubles ORL<\/strong> (oreille, du nez et de la gorge).\u00a0\u00bb<\/em>\u00a0Et de constater aussi que <em>\u00ab\u00a0<strong>les femmes \u00e9taient nettement plus atteintes par cette\u00a0anosmie\u00a0\u00bb<\/strong>. \u00ab\u00a0Cette perte (odorat et go\u00fbt, ndlr) initiale est initialement<strong> secondaire \u00e0 un \u0153d\u00e8me de l&rsquo;\u00e9pith\u00e9lium olfactif <\/strong>(connu pour \u00eatre une cible du SARS-CoV-2) emp\u00eachant tout odorant de parvenir aux cellules sensorielles. \u00c0 la<strong> disparition de cet \u0153d\u00e8me <\/strong>des fentes olfactives,<strong> l&rsquo;odorat se r\u00e9tablit spontan\u00e9ment<\/strong> dans la majorit\u00e9 des cas\u00a0\u00bb <\/em>explique la <a href=\"https:\/\/www.has-sante.fr\/upload\/docs\/application\/pdf\/2021-11\/fiche_troubles_du_gout_et_de_l_odorat.pdf\" target=\"_blank\" rel=\"noopener\">HAS<\/a> en f\u00e9vrier 2021. Certains patients peuvent pr\u00e9senter des <strong>sympt\u00f4mes persistants au-del\u00e0 de 1\u00a0mois\u00a0<\/strong>:<\/p>\n<ul>\n<li>Une atteinte de la d\u00e9tection<strong> (je ne sens pas)\u00a0: l&rsquo;hyposmie.<\/strong><\/li>\n<li>Une atteinte de l&rsquo;identification (je ne reconnais pas).<\/li>\n<li>Une distorsion de la perception des saveurs et des odeurs\u00a0: <strong>parosmies<\/strong>.<strong> Elles sont fr\u00e9quentes lors de la r\u00e9cup\u00e9ration neurosensorielle et plut\u00f4t de bon pronostic<\/strong>.<\/li>\n<li>Des fluctuations de l&rsquo;odorat, soit au cours d&rsquo;une m\u00eame journ\u00e9e ou sur plusieurs semaines, des rechutes de la perte \u00e0 distance de l&rsquo;infection aigu\u00eb.<\/li>\n<li>Une g\u00eane nasale ou une sensation d&rsquo;obstruction nasale.<\/li>\n<\/ul>\n<h2 id=\"peut-on-avoir-des-pertes-daudition-suite-au-covid-\">Peut-on avoir des pertes d&rsquo;audition suite au Covid ?<\/h2>\n<p>Un<strong> nouveau sympt\u00f4me <\/strong>a \u00e9t\u00e9 pr\u00e9sent\u00e9 en octobre 2020\u00a0par des m\u00e9decins britanniques dans la revue <a href=\"https:\/\/casereports.bmj.com\/content\/13\/11\/e238419\" target=\"_blank\" rel=\"noopener\">BMJ Case Reports<\/a>\u00a0: la<strong> perte soudaine de l&rsquo;audition<\/strong> dite \u00ab\u00a0neurosensorielle\u00a0\u00bb (SSNHL) chez un<strong>\u00a0patient asthmatique de 45\u00a0ans hospitalis\u00e9 dans leur h\u00f4pital\u00a0londonien,\u00a0dans un \u00e9tat grave du Covid-19<\/strong>. Il a \u00e9t\u00e9 intub\u00e9 30\u00a0jours, a eu une embolie pulmonaire, une pneumonie, une hypertension pulmonaire et une an\u00e9mie. Une semaine apr\u00e8s l&rsquo;extubation, il a pr\u00e9sent\u00e9 des <strong>acouph\u00e8nes <\/strong>et une perte auditive soudaine du c\u00f4t\u00e9 gauche. Il n&rsquo;avait aucun ant\u00e9c\u00e9dent de perte auditive ou de pathologie de l&rsquo;oreille. Son<strong> audition s&rsquo;est am\u00e9lior\u00e9e apr\u00e8s l&rsquo;administration de st\u00e9ro\u00efdes<\/strong>. En mars 2021,\u00a0<span style=\"font-size: 1rem;\">des chercheurs anglais ont rapport\u00e9\u00a0dans l<a href=\"https:\/\/www.tandfonline.com\/doi\/full\/10.1080\/14992027.2021.1896793\" target=\"_blank\" rel=\"noopener\">&lsquo;International Journal of Audiology<\/a>, des sympt\u00f4mes auditifs comme<em> \u00ab\u00a0potentiels sympt\u00f4mes li\u00e9s au Covid-19\u00a0\u00bb.<\/em> Parmi eux\u00a0: des cas de <strong>pertes auditives<\/strong>, de vertiges et <strong>d&rsquo;acouph\u00e8nes <\/strong>observ\u00e9s dans plusieurs \u00e9tudes regroup\u00e9es dans une m\u00e9ta-analyse.<em> \u00ab\u00a0<strong>Le SRAS-CoV-2\u00a0pourrait se propager dans tout le syst\u00e8me nerveux, peut-\u00eatre y acc\u00e9der via le nerf olfactif et le bulbe<\/strong>. Dans ce cas, on peut s&rsquo;attendre \u00e0 une association entre la perte de go\u00fbt \/ odeur et les sympt\u00f4mes audio-vestibulaires\u00a0\u00bb<\/em> ont-ils indiqu\u00e9. Avant de souligner qu&rsquo;\u00a0<em>\u00ab\u00a0une grande partie des preuves est bas\u00e9e sur des rapports de cas et des enqu\u00eates (ces derni\u00e8res \u00e9tant souvent r\u00e9trospectives, reposant donc sur l&rsquo;auto-\u00e9valuation et le rappel). Il existe une p\u00e9nurie d&rsquo;\u00e9tudes rapportant une \u00e9valuation compl\u00e8te de la fonction audio-vestibulaire chez les patients COVID-19\u00a0et des t\u00e9moins correctement contr\u00f4l\u00e9s.\u00a0\u00bb <\/em>A suivre donc&#8230;<\/span><\/p>\n<blockquote>\n<p>Si on a des sympt\u00f4mes, il faut se tester sans attendre.<\/p>\n<\/blockquote>\n<h2 id=\"la-fievre-est-elle-un-signesystematique-de-covid-\">La fi\u00e8vre est-elle un signe\u00a0syst\u00e9matique de Covid ?<\/h2>\n<p>La fi\u00e8vre peut \u00eatre\u00a0pr\u00e9sente lors d&rsquo;une infection par le Covid-19\u00a0sans \u00eatre forc\u00e9ment tr\u00e8s \u00e9lev\u00e9e. Dans un rapport de l&rsquo;OMS publi\u00e9 en f\u00e9vrier 2020, relayant une \u00e9tude sur\u00a055\u00a0924\u00a0malades chinois test\u00e9s positifs au coronavirus, la fi\u00e8vre \u00e9tait rapport\u00e9e par\u00a088% des sond\u00e9s. Alors que dans l&rsquo;\u00e9tude europ\u00e9enne men\u00e9e sur des formes l\u00e9g\u00e8res \u00e0 mod\u00e9r\u00e9es de Covid-19, elle <strong>ne concernait\u00a0que 45% des sujets<\/strong>. La fi\u00e8vre peut\u00a0\u00eatre absente ce qui ne veut pas dire qu&rsquo;une infection par le coronavirus est exclue. Certains malades test\u00e9s positifs au Covid-19\u00a0n&rsquo;ont pas de fi\u00e8vre. L&rsquo;analyse des cas <strong>Omicron <\/strong>par Sant\u00e9 Publique France en avril 2022 montre que <strong>la fi\u00e8vre est le<\/strong> <strong>3e sympt\u00f4me le plus fr\u00e9quemment<\/strong>\u00a0rapport\u00e9 par les malades, apr\u00e8s l&rsquo;asth\u00e9nie et la toux.<\/p>\n<h2 id=\"le-covid-peut-il-entrainer-des-maux-de-tete-\">Le Covid peut-il entra\u00eener des maux de t\u00eate ?<\/h2>\n<p>Le virus Sars-CoV-2 est souvent associ\u00e9 \u00e0 des <strong>maux de t\u00eate parfois\u00a0tr\u00e8s intenses. <\/strong>Dans l&rsquo;\u00e9tude chinoise cit\u00e9e plus haut, 14% des malades avaient mal \u00e0 la t\u00eate. Olivier Sadou, infect\u00e9 par le Covid au d\u00e9but de l&rsquo;\u00e9pid\u00e9mie en 2020,\u00a0nous avait rapport\u00e9 des maux de t\u00eate \u00ab\u00a0violents\u00a0\u00bb comme rarement il avait eu. C&rsquo;est un sympt\u00f4me qui persiste chez les cas Covid en 2022, notamment dans les formes longues de Covid qu&rsquo;elles touchent l&rsquo;adulte ou l&rsquo;enfant.<\/p>\n<h2 id=\"quels-sont-lessymptomes-dermatologiques-du-covid-\">Quels sont les\u00a0sympt\u00f4mes dermatologiques du Covid ?<\/h2>\n<p>Urticaire, engelures&#8230; Les atteintes dermatologiques sont des manifestations\u00a0d\u00e9crites \u00e0 partir du mois d&rsquo;avril 2020 chez des malades du coronavirus.\u00a0Les dermatologues ont d&rsquo;abord\u00a0\u00e9t\u00e9 alert\u00e9s par la survenue de <strong>taches rouges<\/strong>\u00a0(\u00e9ryth\u00e8me)\u00a0<strong>sur le\u00a0visage <\/strong>de patients\u00a0infect\u00e9s par le Covid-19.\u00a0En octobre, une <a href=\"https:\/\/www.eurekalert.org\/news-releases\/909633\" target=\"_blank\" rel=\"noopener\">analyse<\/a> du <a href=\"https:\/\/www.aad.org\/member\/practice\/coronavirus\/registry\" target=\"_blank\" rel=\"noopener\">Registre international des r\u00e9percussions dermatologiques de la Covid-19<\/a>\u00a0pr\u00e9sent\u00e9e lors du 29e Congr\u00e8s de l&rsquo;Acad\u00e9mie europ\u00e9enne de dermatologie et de v\u00e9n\u00e9r\u00e9ologie a rapport\u00e9 des<strong> signes inflammatoires au niveau des orteils<\/strong>.\u00a0Pr\u00e8s de 1\u00a0000\u00a0cas de patients pr\u00e9sentant des manifestations cutan\u00e9es de Covid-19\u00a0dans 39\u00a0pays ont \u00e9t\u00e9 enregistr\u00e9s.\u00a0Parmi eux,\u00a0<em>\u00ab\u00a0des patients\u00a0ont eu un <strong>gonflement des orteils,<\/strong>\u00a0une d\u00e9coloration<\/em> (les <strong>orteils deviennent rouges <\/strong>puis violets). <em>Cela dure en moyenne 15\u00a0jours environ mais certains patients ont\u00a0des <strong>douleurs <\/strong>aux orteils <strong>pendant plusieurs mois<\/strong>\u00ab\u00a0,<\/em> a d\u00e9clar\u00e9 le\u00a0<a href=\"https:\/\/www.massgeneral.org\/doctors\/19521\/esther-freeman\" target=\"_blank\" rel=\"noopener\">Dr. Esther Freeman<\/a>, Directrice au Massachusetts General Hospital\u00a0de Boston qui a particip\u00e9 \u00e0 l&rsquo;analyse. Selon elle, ces signes ne doivent pas \u00eatre n\u00e9glig\u00e9s\u00a0:<em> \u00ab\u00a0La peau peut \u00eatre consid\u00e9r\u00e9e comme une fen\u00eatre sur le reste du corps parce que c&rsquo;est une inflammation que vous pouvez voir &#8211; et qui peut \u00eatre le signe d&rsquo;une inflammation ailleurs.\u00a0\u00bb<\/em><\/p>\n<p><strong>Que faire\u00a0? <\/strong>Les patients qui ont des <strong>probl\u00e8mes cutan\u00e9s<\/strong>\u00a0avec peut-\u00eatre d&rsquo;autres signes pouvant faire penser \u00e0 une infection Covid-19 doivent\u00a0consulter un dermatologue. <em>\u00ab\u00a0Il faut \u00eatre attentif \u00e0 ces signes cutan\u00e9s et rechercher dans le contexte,\u00a0d&rsquo;autres signes cliniques,\u00a0mais\u00a0il faut\u00a0aussi\u00a0rester prudent,\u00a0car toute engelure n&rsquo;est pas obligatoirement\u00a0un signe\u00a0de\u00a0Covid,\u00a0les engelures \u00e9tant\u00a0quand m\u00eame une\u00a0dermatose\u00a0assez fr\u00e9quente\u00a0\u00bb.<\/em>\u00a0rappelle la SFD.<\/p>\n<p>Les pr\u00e9cisions du docteur Pierrick Hord\u00e9 :<\/p>\n<div class=\"jccmPlayerParent ads--insertor-avoid\" style=\"position:relative;max-width:100%;padding-bottom:56.25%;clear:both;\">\n<div class=\"jccmPlayer ccmPlayer\" id=\"ccmPlayer-869167\" data-id=\"869167\" data-key=\"1018192979\" data-site=\"ccmsante\">\n<div class=\"ccmPlayerPlaceHolder\">\n<p>\u00ab\u00a0Sant\u00e9 m\u00e9decine : Les autres sympt\u00f4mes du coronavirus\u00a0\u00bb<\/p>\n<\/p><\/div>\n<\/p><\/div>\n<\/p><\/div>\n<h2 id=\"quels-sont-les-signes-graves-de-covid\">Quels sont les signes graves de Covid\u00a0?<\/h2>\n<p>L&rsquo;aggravation clinique de la maladie Covid-19 survient en moyenne<strong> une semaine\u00a0apr\u00e8s les premiers sympt\u00f4mes.\u00a0<\/strong>Une dyspn\u00e9e voire une d\u00e9tresse respiratoire sont les <strong>premiers signes graves <\/strong>d&rsquo;une infection Covid-19. La dyspn\u00e9e correspond \u00e0 des<strong> difficult\u00e9s respiratoires.<\/strong> Concr\u00e8tement <em>\u00ab\u00a0ce sont des<strong> signes de pneumonie <\/strong>donc d&rsquo;infection du poumon. C&rsquo;est globalement un taux d&rsquo;oxyg\u00e8ne qui va baisser et un syndrome infectieux qui va augmenter, de la fi\u00e8vre qui augmente, des difficult\u00e9s respiratoires,<strong> on cherche de l&rsquo;air, on s&rsquo;\u00e9touffe un peu de l&rsquo;int\u00e9rieur,<\/strong> la fr\u00e9quence respiratoire augmente, les <\/em><strong><em>ongles sont un peu bleut\u00e9s\u00a0\u00bb<\/em> <\/strong>d\u00e9crivait le Dr G\u00e9rald Kierzek, m\u00e9decin urgentiste \u00e0 l&rsquo;H\u00f4tel-Dieu contact\u00e9 en 2020. On parle alors de SDRA ou Syndrome de D\u00e9tresse Respiratoire Aigue. C&rsquo;est une urgence vitale.\u00a0<\/p>\n<p><em>\u2192 \u00ab\u00a0Ressentir <strong>un essoufflement dans des activit\u00e9s simples chez soi est un signe qui doit alerter<\/strong>\u00ab\u00a0<\/em>\u00a0a rappel\u00e9 le Pr J\u00e9r\u00f4me Salomon en\u00a0mars 2020. Il\u00a0ne faut pas attendre que cela empire. Ce sympt\u00f4me n\u00e9cessite une consultation m\u00e9dicale ou un appel au 15.<\/p>\n<h2 id=\"quelle-est-la-duree-des-symptomes-\">Quels sont les sympt\u00f4mes du Covid long ?<\/h2>\n<p>Les sympt\u00f4mes prolong\u00e9s de la Covid-19\u00a0peuvent se pr\u00e9senter sous des formes tr\u00e8s diverses. Pour m\u00e9moire, un patient pr\u00e9sente des sympt\u00f4mes prolong\u00e9s de la Covid-19\u00a0lorsqu&rsquo;il r\u00e9pond aux 3\u00a0crit\u00e8res suivants\u00a0:<\/p>\n<ul>\n<li>\u00e9pisode initial symptomatique de la Covid-19\u00a0confirm\u00e9 ou probable\u00a0;<\/li>\n<li>pr\u00e9sence d&rsquo;<strong>au moins un des sympt\u00f4mes initiaux au-del\u00e0 de 4\u00a0semaines <\/strong>suivant le d\u00e9but de la phase aigu\u00eb de la maladie ;<\/li>\n<li>sympt\u00f4mes initiaux et prolong\u00e9s non expliqu\u00e9s par un autre diagnostic.<\/li>\n<\/ul>\n<p>\u25ba<strong> Les sympt\u00f4mes les plus fr\u00e9quemment rencontr\u00e9s sont <\/strong>: une <strong>fatigue <\/strong>pouvant \u00eatre s\u00e9v\u00e8re, des <strong>troubles neurologiques<\/strong> (cognitifs, sensoriels, c\u00e9phal\u00e9es), des troubles cardio-thoraciques (douleurs et oppressions thoraciques, tachycardie, dyspn\u00e9e, toux) et des <strong>troubles de l&rsquo;odorat et du go\u00fbt<\/strong>.\u00a0Des douleurs, des<strong> troubles digestifs et cutan\u00e9s sont \u00e9galement fr\u00e9quents<\/strong>.<\/p>\n<p><u>Sources :<\/u><\/p>\n<p>\u2022\u00a0Lutte contre l&rsquo;\u00e9pid\u00e9mie de Covid-19\u00a0: entr\u00e9e en vigueur de plusieurs \u00e9volutions l\u00e9gislatives \u00e0 compter du 31\u00a0janvier 2023<\/p>\n<p>\u2022\u00a0Rapport relatif \u00e0 l&rsquo;actualisation de la d\u00e9finition de cas de Covid-19\u00a0et des contacts \u00e0 risque, HCSP, juin 2022<\/p>\n<p>\u2022\u00a0Coronavirus\u00a0: circulation des variants du SARS-CoV-2, mis \u00e0 jour le 15 juin 2022,\u00a0Sant\u00e9 Publique France.<\/p>\n<p>\u2022\u00a0COVID-19\u00a0: point \u00e9pid\u00e9miologique du 31\u00a0mars 2022. Sant\u00e9 Publique France.<\/p>\n<p>\u2022\u00a0Conduite \u00e0 tenir devant un cas d&rsquo;infection par le SARS-CoV-2\u00a0(COVID-19) 22\/07\/2021. Sant\u00e9 Publique France.<\/p>\n<p>\u2022 Avis n\u00b08\u00a0du Conseil scientifique COVID-19\u00a027\u00a0juillet 2020\u00a0Se pr\u00e9parer maintenant pour anticiper un retour du virus \u00e0 l&rsquo;automne. 27 juillet 2020.<\/p>\n<p>\u2022 COVID-19\u00a0: point \u00e9pid\u00e9miologique du 23\u00a0juillet 2020, Sant\u00e9 Publique France.<\/p>\n<p>\u2022 Part des formes asymptomatiques et transmission du Sars-CoV-2 en phase pr\u00e9-symptomatique, Sant\u00e9 Publique France, 8 juillet 2020.<\/p>\n<p>\u2022 Sia, S.F., Yan, L.M., Chin, A.W.H., Fung, K., Choy, K.T., Wong, A.Y.L., Kaewpreedee, P., Perera, R., Poon, L.L.M., Nicholls, J.M., Peiris, M., Yen, H.L., 2020.\u00a0Pathogenesis and transmission of SARS-CoV-2\u00a0in golden hamsters. Nature.<\/p>\n<p>\u2022 Romoli, M., Jelcic, I., Bernard-Valnet, R., Garcia Azorin, D., Mancinelli, L., Akhvlediani, T., Monaco, S., Taba, P., Sellner, J., 2020. A systematic review of neurological manifestations of SARS-CoV-2\u00a0infection: the devil is hidden in the details.\u00a0European journal of neurology<\/p>\n<p>\u2022 Chien JR et al. Olfactory and Gustatory Dysfunctions as a Clinical Presentation of Mild to Moderate forms of the Coronavirus Disease (COVID-19): A Multicenter European Study.<em>\u00a0Eur Arch Otorhinolaryngol<\/em><em>. 2020\u00a0Apr 6. doi: 10.1007\/s00405-020-05965-1.<\/em><\/p>\n<p>\u2022 Covid-19: identifying and isolating asymptomatic people helped eliminate virus in Italian village.\u00a0BMJ\u00a02020.<\/p>\n<p>\u2022 Covid-19\u00a0et l\u00e9sions cutan\u00e9es\u00a0: la Soci\u00e9t\u00e9 Fran\u00e7aise de Dermatologie appelle \u00e0 la vigilance mais \u00e9galement \u00e0 la prudence. Soci\u00e9t\u00e9 fran\u00e7aise de dermatologie, 8 avril 2020.<\/p>\n<p>\u2022 Communiqu\u00e9 de presse SNDV, COVID et Peau. 6 avril 2020.<\/p>\n<\/p><\/div>\n<p>[ad_2]<br \/>\n<br \/><a href=\"https:\/\/sante.journaldesfemmes.fr\/fiches-maladies\/2630075-symptomes-covid-janvier-2023-que-faire\/\">Source link <\/a><\/p>\n","protected":false},"excerpt":{"rendered":"<p>[ad_1] Les sympt\u00f4mes Covid rapport\u00e9s en ce d\u00e9but d&rsquo;ann\u00e9e 2023\u00a0sont toujours li\u00e9s \u00e0 la contamination du variant Omicron. L&rsquo;infection se &hellip; <a href=\"http:\/\/www.affinite.fr\/index.php\/2023\/02\/01\/fevrier-2023-gorge-rhume-que-faire\/\" class=\"more-link\">Plus <span class=\"screen-reader-text\">f\u00e9vrier 2023, gorge, rhume, que faire\u00a0?<\/span> <span class=\"meta-nav\">&rarr;<\/span><\/a><\/p>\n","protected":false},"author":1,"featured_media":8816,"comment_status":"","ping_status":"open","sticky":false,"template":"","format":"standard","meta":{"_sitemap_exclude":false,"_sitemap_priority":"","_sitemap_frequency":"","footnotes":""},"categories":[1],"tags":[],"class_list":["post-8815","post","type-post","status-publish","format-standard","has-post-thumbnail","hentry","category-tous"],"_links":{"self":[{"href":"http:\/\/www.affinite.fr\/index.php\/wp-json\/wp\/v2\/posts\/8815"}],"collection":[{"href":"http:\/\/www.affinite.fr\/index.php\/wp-json\/wp\/v2\/posts"}],"about":[{"href":"http:\/\/www.affinite.fr\/index.php\/wp-json\/wp\/v2\/types\/post"}],"author":[{"embeddable":true,"href":"http:\/\/www.affinite.fr\/index.php\/wp-json\/wp\/v2\/users\/1"}],"replies":[{"embeddable":true,"href":"http:\/\/www.affinite.fr\/index.php\/wp-json\/wp\/v2\/comments?post=8815"}],"version-history":[{"count":0,"href":"http:\/\/www.affinite.fr\/index.php\/wp-json\/wp\/v2\/posts\/8815\/revisions"}],"wp:featuredmedia":[{"embeddable":true,"href":"http:\/\/www.affinite.fr\/index.php\/wp-json\/wp\/v2\/media\/8816"}],"wp:attachment":[{"href":"http:\/\/www.affinite.fr\/index.php\/wp-json\/wp\/v2\/media?parent=8815"}],"wp:term":[{"taxonomy":"category","embeddable":true,"href":"http:\/\/www.affinite.fr\/index.php\/wp-json\/wp\/v2\/categories?post=8815"},{"taxonomy":"post_tag","embeddable":true,"href":"http:\/\/www.affinite.fr\/index.php\/wp-json\/wp\/v2\/tags?post=8815"}],"curies":[{"name":"wp","href":"https:\/\/api.w.org\/{rel}","templated":true}]}}