{"id":8809,"date":"2023-01-30T19:11:08","date_gmt":"2023-01-30T19:11:08","guid":{"rendered":"https:\/\/www.affinite.fr\/index.php\/2023\/01\/30\/duree-de-vie-cest-quoi-cette-demence\/"},"modified":"2023-01-30T19:11:08","modified_gmt":"2023-01-30T19:11:08","slug":"duree-de-vie-cest-quoi-cette-demence","status":"publish","type":"post","link":"http:\/\/www.affinite.fr\/index.php\/2023\/01\/30\/duree-de-vie-cest-quoi-cette-demence\/","title":{"rendered":"dur\u00e9e de vie, c&rsquo;est quoi cette d\u00e9mence\u00a0?"},"content":{"rendered":"<p> [ad_1]<br \/>\n<\/p>\n<p>\n                Plus fr\u00e9quente \u00e0 partir de 50\u00a0ans, la d\u00e9mence \u00e0 corps de Lewy est une maladie neuro-\u00e9volutive qui affecte les fonctions cognitives du cerveau et ressemble \u00e0 Alzheimer. L&rsquo;ex-pr\u00e9sentatrice m\u00e9t\u00e9o Catherine Laborde en est atteinte.            <\/p>\n<div>\n<aside class=\"ccmsummary marqueur_module ccmcss_cms_summary ccmcss_cms_summary--right\">\n<p>Sommaire<\/p>\n<\/aside>\n<p>La maladie \u00e0 corps de Lewy repr\u00e9senterait <strong>20% des maladies neuro-\u00e9volutives <\/strong>en France. Pr\u00e8s de <strong>200\u00a0000\u00a0personnes en seraient atteintes.<\/strong> Beaucoup de recherches sont faites pour am\u00e9liorer son diagnostic et sa prise en charge. L&rsquo;ex-pr\u00e9sentatrice <strong>m\u00e9t\u00e9o <\/strong>de TF1 <strong>Catherine Laborde<\/strong>\u00a0<strong>\u00e2g\u00e9e de 71 ans<\/strong>\u00a0<strong>en est atteinte depuis<\/strong>\u00a0<strong>2014<\/strong>. C&rsquo;est en 2017 qu&rsquo;elle a fait ses adieux \u00e0 la t\u00e9l\u00e9vision. <strong><em>\u00ab\u00a0On plonge petit \u00e0 petit dans quelque chose de tr\u00e8s douloureux et puis on remonte, et pouf, on redescend \u00e0 nouveau, c&rsquo;est comme dans les montagnes russes, \u00e7a c&rsquo;est difficile \u00e0 vivre\u00a0\u00bb <\/em><\/strong>explique-t-elle\u00a0le 27 janvier sur le compte <a href=\"https:\/\/www.instagram.com\/p\/Cn66hTQoCMQ\/\" target=\"_blank\" rel=\"noopener\">Instagram <\/a>de Femme Actuelle. Cette maladie <strong><em>\u00ab\u00a0ne demande de courage, \u00e7a me demande de tenir, de ne pas craquer, de ne pas se r\u00e9signer\u00a0\u00bb<\/em><\/strong> poursuit l&rsquo;ex-pr\u00e9sentatrice.<i> <\/i>Le 8 mai\u00a02022, jour d&rsquo;anniversaire de Catherine Laborde, sa soeur,\u00a0Fran\u00e7oise Laborde la disait <strong><em>\u00ab\u00a0toujours courageuse\u00a0\u00bb <\/em><\/strong>dans un post <a href=\"https:\/\/www.instagram.com\/p\/CdTZFrbIJm6\/\" target=\"_blank\" rel=\"noopener\">Instagram<\/a>. Dans l&rsquo;\u00e9mission \u00ab\u00a0<a href=\"https:\/\/www.tf1.fr\/tf1\/sept-a-huit\" target=\"_blank\" rel=\"noopener\">Sept \u00e0 Huit<\/a>\u00a0\u00bb du 4\u00a0octobre 2020, Catherine Laborde se confiait\u00a0sur cette maladie\u00a0<em><strong>\u00ab\u00a0qui va l&#8217;emporter\u00a0\u00e0 un moment ou \u00e0 un autre\u00a0\u00bb<\/strong> <\/em>.<em>\u00ab\u00a0C&rsquo;est dommage, j&rsquo;aurais bien aim\u00e9 que \u00e7a dure encore longtemps. Mais<strong> je sais bien qu&rsquo;il y a un moment o\u00f9 \u00e7a doit s&rsquo;arr\u00eater.\u00a0<\/strong>C&rsquo;est un <strong>\u00e9tat extr\u00eamement p\u00e9nible<\/strong>, comme si j&rsquo;avais un poids \u00e0 porter, que je sois d&rsquo;accord ou pas.\u00a0\u00bb\u00a0<\/em><\/p>\n<h2 id=\"quest-ce-que-la-demence-a-corps-de-lewy-\">Qu&rsquo;est-ce que la d\u00e9mence \u00e0 corps de Lewy ?<\/h2>\n<figure class=\"image\" style=\"float:right\"><a class=\"fancy\" href=\"https:\/\/img-3.journaldesfemmes.fr\/kFzjixe9DTgT21bPNK72tp8cPOo=\/1080x\/smart\/a036be0ee34b47beba6d39c90ed53d01\/ccmcms-jdf\/38386988.jpg\"><img decoding=\"async\" alt=\"Catherine Laborde, atteinte de la d\u00e9mence \u00e0 corps de Lewy, lors du Salon du Livre de 2019.\" src=\"https:\/\/img-3.journaldesfemmes.fr\/ChcHGOpZSr5HURvlSeqldSlTjeA=\/300x\/smart\/a036be0ee34b47beba6d39c90ed53d01\/ccmcms-jdf\/38386988.jpg\"\/><\/a><figcaption data-credit=\"LAURENT BENHAMOU\/SIPA (publi\u00e9e le 07\/10\/2022)\" data-legend=\"Catherine Laborde, atteinte de la d\u00e9mence \u00e0 corps de Lewy, lors du Salon du Livre de 2019.\">Catherine Laborde, atteinte de la d\u00e9mence \u00e0 corps de Lewy, lors du Salon du <a href=\"http:\/\/www.affinite.fr\/index.php\/2023\/08\/24\/lart-de-la-glace-transforme-en-business-la-vision-unique-de-fabien-gris\/\">Livre<\/a> de 2019. <small>\u00a9\u00a0LAURENT BENHAMOU\/SIPA (publi\u00e9e le 07\/10\/2022)<\/small><\/figcaption><\/figure>\n<p>Aussi appel\u00e9e \u00ab\u00a0maladie \u00e0 corps de Lewy diffus\u00a0\u00bb ou \u00ab\u00a0<a href=\"https:\/\/sante.journaldesfemmes.fr\/fiches-maladies\/2780799-demence-definition-types-symptomes-que-faire-vasculaire-corps-lewy-precoce-alcool\/\" title=\"D\u00e9mence\">d\u00e9mence<\/a> \u00e0 corps de Lewy\u00a0\u00bb, la maladie \u00e0 corps de Lewy est une maladie neuro-d\u00e9g\u00e9n\u00e9rative qui peut se d\u00e9clarer chez les hommes comme chez les femmes <strong>\u00e0 partir de 50\u00a0ans. <\/strong><em><strong>\u00ab\u00a0Le corps de Lewy est une<\/strong> <strong>l\u00e9sion dans le cerveau qu&rsquo;on retrouve dans la maladie \u00e0 corps de Lewy, mais aussi dans la <a href=\"https:\/\/sante.journaldesfemmes.fr\/fiches-maladies\/2525529-maladie-de-parkinson-definition-causes-age-symptomes-traitement-esperance-de-vie\/\" title=\"Parkinson\">maladie de Parkinson<\/a><\/strong>. Alors que dans cette derni\u00e8re, ces l\u00e9sions touchent les structures impliqu\u00e9es dans la motricit\u00e9, dans la maladie \u00e0 corps de Lewy, elles se retrouvent principalement dans le <a href=\"https:\/\/sante.journaldesfemmes.fr\/fiches-anatomie-et-examens\/2794379-cortex-cerebral-definition-fonction-c-est-quoi-schema\/\" title=\"Cortex\">cortex c\u00e9r\u00e9bral<\/a> et<strong> <\/strong>provoquent des troubles cognitifs<strong>\u00ab\u00a0<\/strong><\/em>, explique Mathieu Ceccaldi, professeur dans le Service de Neurologie et de Neuropsychologie au CHU de la Timone \u00e0 Marseille.\u00a0Cette maladie provoque notamment des <strong>probl\u00e8mes de la <a href=\"https:\/\/sante.journaldesfemmes.fr\/fiches-maladies\/2870131-la-memoire-role-fonctionnement-troubles-associes\/\" title=\"M\u00e9moire\">m\u00e9moire<\/a><\/strong>, et \u00e0 ce titre, peut ressembler \u00e0 la maladie d&rsquo;Alzheimer. <em>\u00ab\u00a0Cette maladie serait la <strong>deuxi\u00e8me cause de d\u00e9mence apr\u00e8s la maladie d&rsquo;<a href=\"https:\/\/sante.journaldesfemmes.fr\/fiches-maladies\/2529498-maladie-alzheimer-causes-symptomes-age-hereditaire-traitement\/\" title=\"Alzheimer\">Alzheimer<\/a><\/strong>.\u00a0\u00bb\u00a0<\/em><\/p>\n<h2 id=\"a-quel-age-la-maladie-est-elle-la-plus-frequente-\">A quel \u00e2ge la maladie est-elle la plus fr\u00e9quente ?<\/h2>\n<p>La maladie \u00e0 corps de Lewy d\u00e9bute g\u00e9n\u00e9ralement apr\u00e8s l&rsquo;\u00e2ge de 50 ans.\u00a0Elle semble affecter un peu plus les hommes que les femmes.<\/p>\n<h2 id=\"quels-sont-les-symptomes-de-la-demence-a-corps-de-lewy-\">Quels sont les sympt\u00f4mes de la d\u00e9mence \u00e0 corps de Lewy ?<\/h2>\n<p>N&rsquo;importe quelle partie du cerveau peut \u00eatre touch\u00e9e, souvent le cortex. Les signes cliniques sont fonction de la localisation des l\u00e9sions. Un des premiers sympt\u00f4mes de cette maladie porte\u00a0<em>\u00ab\u00a0<strong>particuli\u00e8rement sur le manque d&rsquo;attention imm\u00e9diate<\/strong>\u00ab\u00a0<\/em>, indique le Pr Ceccaldi. Les personnes atteintes peuvent aussi d\u00e9velopper dans les premiers stades de la maladie des <strong>troubles de la motricit\u00e9<\/strong>. La maladie provoque souvent des <strong><a href=\"https:\/\/sante.journaldesfemmes.fr\/fiches-psycho-psychiatrie\/2584527-hallucination-definition-cause-type-traitement\/\" title=\"Hallucination\">hallucinations<\/a> visuelles <\/strong>accompagnant l&rsquo;installation des troubles cognitifs parfois d\u00e8s le d\u00e9but de la maladie alors qu&rsquo;en cas d&rsquo;Alzheimer, elles se manifestent davantage \u00e0 un stade plus avanc\u00e9. <em>\u00ab\u00a0Mais ce qui caract\u00e9rise particuli\u00e8rement cette maladie, c&rsquo;est la<strong> fluctuation des sympt\u00f4mes<\/strong>. Les patients alternent entre des phases o\u00f9 ils vont bien et des phases o\u00f9 ils sont confus.\u00a0\u00bb<\/em>\u00a0Et ce, dans une m\u00eame journ\u00e9e ou en quelques heures seulement. C&rsquo;est une des diff\u00e9rences majeures avec les sympt\u00f4mes de la maladie d&rsquo;Alzheimer. Autre diff\u00e9rence\u00a0: il y a<strong>\u00a0beaucoup de\u00a0troubles du sommeil\u00a0<\/strong>comme des\u00a0<strong>cauchemars d\u00e8s le d\u00e9but de la maladie\u00a0<\/strong>alors qu&rsquo;en cas d&rsquo;Alzheimer c&rsquo;est plut\u00f4t \u00e0 la fin.\u00a0Des changements du comportement et de l&rsquo;humeur peuvent se produire faisant penser \u00e0 une d\u00e9pression.<\/p>\n<h2 id=\"quelles-differences-avec-la-maladie-dalzheimer-\">Quelles diff\u00e9rences avec la maladie d&rsquo;Alzheimer ?<\/h2>\n<p>Les premiers sympt\u00f4mes de la d\u00e9mence \u00e0 corps de Lewy ressemblent \u00e0 ceux d&rsquo;une d\u00e9pression, ou ceux de la maladie d&rsquo;Alzheimer ou de la maladie de Parkinson. La confusion avec ces maladies est fr\u00e9quente. Comme Alzheimer, la d\u00e9mence \u00e0 corps de Lewy entra\u00eene\u00a0 par exemple des troubles de la m\u00e9moire mais il y a quelques diff\u00e9rences. Avec la maladie de Lewy :<\/p>\n<ul>\n<li>Les troubles cognitifs peuvent survenir d\u00e8s le d\u00e9but alors qu&rsquo;en cas d&rsquo;Alzheimer c&rsquo;est plut\u00f4t \u00e0 un stade plus avanc\u00e9.<\/li>\n<li>Les sympt\u00f4mes peuvent fluctuer d&rsquo;une heure \u00e0 l&rsquo;autre, d&rsquo;un jour \u00e0 l&rsquo;autre alors qu&rsquo;il n&rsquo;y a pas ces fluctuations avec Alzheimer.<\/li>\n<li>Il y a beaucoup de probl\u00e8mes de sommeil comme des cauchemars d\u00e8s le d\u00e9but alors qu&rsquo;avec Alzheimer s&rsquo;ils surviennent, c&rsquo;est plut\u00f4t \u00e0 la fin. Une personne atteinte de d\u00e9mence de Lewy peut aussi passer beaucoup de temps \u00e0 dormir.<\/li>\n<\/ul>\n<h2 id=\"les-hallucinations-sont-elles-frequentes-\">Les hallucinations sont-elles fr\u00e9quentes ?<\/h2>\n<p>Environ <strong>80% des personnes malades font l&rsquo;exp\u00e9rience d&rsquo;hallucinations <\/strong>visuelles, parfois auditives, souvent dans les premiers stades de la maladie, explique l&rsquo;association <a href=\"https:\/\/www.francealzheimer.org\/wp-content\/uploads\/2018\/01\/Brochure-Maladie-%C3%A0-corps-de-Lewy.pdf\" target=\"_blank\" rel=\"noopener\">France Alzheimer<\/a> dans une brochure d\u00e9di\u00e9e \u00e0 la maladie \u00e0 corps de Lewy.\u00a0Elles sont g\u00e9n\u00e9ralement r\u00e9alistes et d\u00e9taill\u00e9es, parfois discr\u00e8tes au d\u00e9but de la maladie comme une sensation passag\u00e8re.<\/p>\n<h2 id=\"est-ce-une-maladie-hereditaire-\">Est-ce une maladie h\u00e9r\u00e9ditaire ?<\/h2>\n<p>Les raisons de l&rsquo;apparition de cette maladie ne sont pas encore bien connues. Mais <strong>il ne s&rsquo;agit pas d&rsquo;une maladie h\u00e9r\u00e9ditaire<\/strong>. <em>\u00ab\u00a0Toutefois, dans une m\u00eame famille, des personnes peuvent \u00eatre atteintes de la maladie de Parkinson et d&rsquo;autres de la maladie \u00e0 corps de Lewy. Dans ces cas, assez rares, il y a peut-\u00eatre une susceptibilit\u00e9 g\u00e9n\u00e9tique\u00a0\u00bb<\/em>, continue le Pr Ceccaldi.<\/p>\n<p>Le diagnostic est difficile comme les sympt\u00f4mes sont tr\u00e8s vari\u00e9s et fluctuants. Ce sont les neurologues qui posent le diagnostic puis suivent les patients atteints de cette maladie. <em>\u00ab\u00a0Le diagnostic est clinique. Des tests neuro-psychologiques peuvent \u00e9galement contribuer \u00e0 poser le diagnostic. Ensuite, comme pour la maladie d&rsquo;Alzheimer, nous allons pratiquer d&rsquo;autres examens pour \u00e9carter d&rsquo;autres probl\u00e8mes, d&rsquo;ordre vasculaire par exemple\u00a0\u00bb<\/em>, pr\u00e9cise le Pr Ceccaldi. Outre l&rsquo;imagerie c\u00e9r\u00e9brale classique, comme <strong>l&rsquo;IRM<\/strong>, on peut aussi, dans certains cas, avoir recours \u00e0 des examens de m\u00e9decine nucl\u00e9aire.<\/p>\n<h2 id=\"quels-sont-les-traitements-a-prendre-en-cas-de-demence-a-corps-de-lewy-\">Quels sont les traitements \u00e0 prendre en cas de d\u00e9mence \u00e0 corps de Lewy ?<\/h2>\n<blockquote>\n<p style=\"text-align: right;\">Il faut \u00e9viter de donner des neuroleptiques aux patients<\/p>\n<\/blockquote>\n<p>Il n&rsquo;est <strong>pas possible de gu\u00e9rir<\/strong> cette maladie<strong>, ni de ralentir son \u00e9volution.<\/strong> Seuls des<strong> traitements pour att\u00e9nuer les sympt\u00f4mes <\/strong>peuvent \u00eatre prescrits, par un neurologue bien \u00e9videmment. <em>\u00ab\u00a0On peut notamment donner aux patients de la <strong>clozapine <\/strong>pour diminuer, voire stopper, leurs <strong>hallucinations <\/strong>visuelles par exemple.\u00a0\u00bb <\/em>La prise de cette mol\u00e9cule n\u00e9cessite toutefois des prises de sang r\u00e9guli\u00e8res, car elle peut avoir des effets sur les cellules sanguines.\u00a0Il est aussi possible de prescrire aux patients atteints de la maladie \u00e0 corps de Lewy <strong>des inhibiteurs de l&rsquo;ac\u00e9tylcholinesterase<\/strong>. <em>\u00ab\u00a0Ce traitement symptomatique, habituellement utilis\u00e9 dans la maladie d&rsquo;Alzheimer, sous r\u00e9serve de l&rsquo;absence de contre-indications cardiaques, peut avoir un effet spectaculaire dans le cas de la maladie \u00e0 corps de Lewy.\u00a0\u00bb\u00a0<\/em><\/p>\n<p><strong>Attention :<\/strong><em>\u00a0<\/em>Beaucoup de <strong>m\u00e9dicaments antipsychotiques peuvent causer des effets secondaires dangereux<\/strong> et augmenter le risque de confusion, de chute ou m\u00eame de d\u00e9c\u00e8s chez les personnes atteintes de MCL. <strong>Il faut les \u00e9viter.<\/strong><\/p>\n<h2 id=\"quelle-est-levolution-de-la-maladie-de-lewy-\">Quelle est l&rsquo;\u00e9volution de la maladie de Lewy ?<\/h2>\n<p>L&rsquo;\u00e9volution de la maladie est tr\u00e8s variable. Elle\u00a0provoque des troubles cognitifs et des troubles de la motricit\u00e9 de plus en plus handicapants. Si l&rsquo;\u00e9volution de cette pathologie n&rsquo;est pas forc\u00e9ment rapide, elle peut toutefois s&rsquo;aggraver brutalement.<em> \u00ab\u00a0Si les troubles s&rsquo;aggravent brusquement, il faut d&rsquo;abord rechercher une cause ext\u00e9rieure \u00e0 la maladie (modification de l&rsquo;environnement, douleurs, infection urinaire ou pulmonaire par exemple\u2026)\u00a0\u00bb <\/em>explique France Alzheimer.<\/p>\n<h2 id=\"quelle-est-lesperance-de-vie-avec-une-demence-a-corps-de-lewy-\">Quelle est l&rsquo;esp\u00e9rance de vie avec une d\u00e9mence \u00e0 corps de Lewy ?<\/h2>\n<p>L&rsquo;esp\u00e9rance de vie \u00e0 partir du diagnostic peut<strong> varier de 2\u00a0\u00e0 20\u00a0ans.<\/strong>\u00a0Pour \u00e9viter des aggravations brutales et irr\u00e9versibles de la maladie, il faut toutefois <strong>\u00e9viter \u00e0 tout prix de donner des neuroleptiques<\/strong> aux patients. <em>\u00ab\u00a0Les malades atteints de la maladie \u00e0 corps de Lewy sont plus fragiles et plus sensibles \u00e0 certains m\u00e9dicaments, particuli\u00e8rement aux neuroleptiques\u00a0\u00bb<\/em>, confirme le Pr Ceccaldi.<\/p>\n<p>Sur le forum sant\u00e9 : les discussions autour de la d\u00e9mence \u00e0 corps de Lewy<\/p>\n<p>A retenir<\/p>\n<p>\u25ba\u00a0Pr\u00e8s de 200\u00a0000\u00a0personnes seraient atteintes d&rsquo;une d\u00e9mence \u00e0 corps de Lewy en France.<\/p>\n<p>\u25ba\u00a0La maladie \u00e0 corps de Lewy d\u00e9bute g\u00e9n\u00e9ralement apr\u00e8s l&rsquo;\u00e2ge de 50\u00a0ans.<\/p>\n<p>\u25ba\u00a0N&rsquo;importe quelle partie du cerveau peut \u00eatre touch\u00e9e, souvent le cortex.<\/p>\n<p>\u25ba La maladie \u00e0 corps de Lewy n&rsquo;est pas h\u00e9r\u00e9ditaire.<\/p>\n<p>\u25ba\u00a0L&rsquo;esp\u00e9rance de vie \u00e0 partir du diagnostic peut varier de 2\u00a0\u00e0 20\u00a0ans.\u00a0<\/p>\n<p><em>Merci au Pr Mathieu Ceccaldi, professeur dans le Service de Neurologie et de Neuropsychologie au CHU de la Timone \u00e0 Marseille.<\/em><\/p>\n<p>Source :\u00a0France Alzheimer<\/p>\n<\/p><\/div>\n<p><script async defer src=\"https:\/\/platform.instagram.com\/en_US\/embeds.js\"><\/script><br \/>\n<br \/>[ad_2]<br \/>\n<br \/><a href=\"https:\/\/sante.journaldesfemmes.fr\/fiches-maladies\/2516525-maladie-corps-lewy-demence-catherine-laborde-esperance-de-vie\/\">Source link <\/a><\/p>\n","protected":false},"excerpt":{"rendered":"<p>[ad_1] Plus fr\u00e9quente \u00e0 partir de 50\u00a0ans, la d\u00e9mence \u00e0 corps de Lewy est une maladie neuro-\u00e9volutive qui affecte les &hellip; <a href=\"http:\/\/www.affinite.fr\/index.php\/2023\/01\/30\/duree-de-vie-cest-quoi-cette-demence\/\" class=\"more-link\">Plus <span class=\"screen-reader-text\">dur\u00e9e de vie, c&rsquo;est quoi cette d\u00e9mence\u00a0?<\/span> <span class=\"meta-nav\">&rarr;<\/span><\/a><\/p>\n","protected":false},"author":1,"featured_media":8810,"comment_status":"","ping_status":"open","sticky":false,"template":"","format":"standard","meta":{"_sitemap_exclude":false,"_sitemap_priority":"","_sitemap_frequency":"","footnotes":""},"categories":[1],"tags":[],"class_list":["post-8809","post","type-post","status-publish","format-standard","has-post-thumbnail","hentry","category-tous"],"_links":{"self":[{"href":"http:\/\/www.affinite.fr\/index.php\/wp-json\/wp\/v2\/posts\/8809"}],"collection":[{"href":"http:\/\/www.affinite.fr\/index.php\/wp-json\/wp\/v2\/posts"}],"about":[{"href":"http:\/\/www.affinite.fr\/index.php\/wp-json\/wp\/v2\/types\/post"}],"author":[{"embeddable":true,"href":"http:\/\/www.affinite.fr\/index.php\/wp-json\/wp\/v2\/users\/1"}],"replies":[{"embeddable":true,"href":"http:\/\/www.affinite.fr\/index.php\/wp-json\/wp\/v2\/comments?post=8809"}],"version-history":[{"count":0,"href":"http:\/\/www.affinite.fr\/index.php\/wp-json\/wp\/v2\/posts\/8809\/revisions"}],"wp:featuredmedia":[{"embeddable":true,"href":"http:\/\/www.affinite.fr\/index.php\/wp-json\/wp\/v2\/media\/8810"}],"wp:attachment":[{"href":"http:\/\/www.affinite.fr\/index.php\/wp-json\/wp\/v2\/media?parent=8809"}],"wp:term":[{"taxonomy":"category","embeddable":true,"href":"http:\/\/www.affinite.fr\/index.php\/wp-json\/wp\/v2\/categories?post=8809"},{"taxonomy":"post_tag","embeddable":true,"href":"http:\/\/www.affinite.fr\/index.php\/wp-json\/wp\/v2\/tags?post=8809"}],"curies":[{"name":"wp","href":"https:\/\/api.w.org\/{rel}","templated":true}]}}