{"id":8806,"date":"2023-01-28T19:09:17","date_gmt":"2023-01-28T19:09:17","guid":{"rendered":"https:\/\/www.affinite.fr\/index.php\/2023\/01\/28\/je-les-ai-un-peu-reculees-de-la-chirurgie-pour-les-modifier\/"},"modified":"2023-01-28T19:09:17","modified_gmt":"2023-01-28T19:09:17","slug":"je-les-ai-un-peu-reculees-de-la-chirurgie-pour-les-modifier","status":"publish","type":"post","link":"http:\/\/www.affinite.fr\/index.php\/2023\/01\/28\/je-les-ai-un-peu-reculees-de-la-chirurgie-pour-les-modifier\/","title":{"rendered":"\u00ab\u00a0Je les ai un peu recul\u00e9es\u00a0\u00bb, de la chirurgie pour les modifier\u00a0?"},"content":{"rendered":"<p> [ad_1]<br \/>\n<br \/><img decoding=\"async\" src=\"https:\/\/img-3.journaldesfemmes.fr\/Mm2vTWcm7-hRMCB-W9mkJX4zHzQ=\/1280x\/smart\/f21e6f64ec514ad9becf78eaac1825dc\/ccmcms-jdf\/39469152.jpg\" \/><\/p>\n<p>\n                \u00c0 l&rsquo;affiche de la s\u00e9rie \u00ab\u00a0En place\u00a0\u00bb sur Netflix, Jean-Pascal Zadi a accord\u00e9 une interview au \u00ab\u00a0Parisien\u00a0\u00bb. L&rsquo;occasion pour l&rsquo;acteur de se confier sur sa carri\u00e8re mais \u00e9galement sur ses dents, sujet de nombreuses interrogations.            <\/p>\n<div>\n<p>En 2020, <strong>Jean-Pascal Zadi<\/strong> sort du lot avec son film <em>Tout simplement noir.<\/em> Un succ\u00e8s critique et populaire qui lui a permis de remporter le <strong><a href=\"https:\/\/www.journaldesfemmes.fr\/people\/rendez-vous\/2701687-cesar-2023-date-lieu-maitre-ceremonie-liste-nouvelle-regle-nommes\/\" title=\"C\u00e9r\u00e9monie des C\u00e9sar\">C\u00e9sar<\/a> du meilleur espoir masculin<\/strong> en 2021. Une distinction qui a \u00e9t\u00e9 un r\u00e9el ascenseur professionnel et lui a ouvert les portes du 7\u00e8me art. Ce qui le d\u00e9marque\u00a0? Son sourire &#8211; et sa dentition particuli\u00e8re -, tr\u00e8s certainement. Et ce dernier a\u00a0avou\u00e9\u00a0avoir souhait\u00e9 le modifier, un peu.\u00a0<\/p>\n<h2>Jean-Pascal Zadi\u00a0: a-t-il modifi\u00e9 ses dents\u00a0?\u00a0<\/h2>\n<p>On le sait, au cin\u00e9ma l&rsquo;apparence physique joue un r\u00f4le encore tr\u00e8s pr\u00e9pond\u00e9rant dans une carri\u00e8re&#8230; Si certains font le choix de garder leurs particularit\u00e9s physiques, d&rsquo;autres ont envie de s&rsquo;en d\u00e9barrasser ou au moins de les rendre moins visibles. Pour Jean-Pascal Zadi, la question ne semblait, jusqu&rsquo;alors, ne jamais s&rsquo;\u00eatre pos\u00e9e. En effet, il faisait partie de ces acteurs que l&rsquo;on remarque gr\u00e2ce \u00e0 <strong>un d\u00e9tail physique<\/strong> qui se d\u00e9marque\u00a0des autres. De son c\u00f4t\u00e9, il s&rsquo;agit de<strong> sa dentition<\/strong>. Qui ne l&rsquo;a d&rsquo;ailleurs jamais emp\u00each\u00e9 de d\u00e9crocher des r\u00f4les. Mais <strong>\u00e0 42\u00a0ans, il semble que l&rsquo;acteur ait eu envie de changement<\/strong>, comme il l&rsquo;a expliqu\u00e9 dans les colonnes du <a href=\"https:\/\/www.leparisien.fr\/culture-loisirs\/series\/jean-pascal-zadi-lance-sa-serie-en-place-sur-netflix-en-france-tu-as-des-opportunites-19-01-2023-FSPZIZKZFJDORPSYOKLAIV7NK4.php?ts=1674834080947\" target=\"_blank\" rel=\"noopener\"><em>Parisien<\/em><\/a>.\u00a0<\/p>\n<p>Ses dent qu&rsquo;ils qualifient lui-m\u00eame de<em> \u00ab\u00a0grandes\u00a0\u00bb<\/em>, ne sont ni un sujet en soi, ni tabou. Au contraire, il lui arrive bien souvent d&rsquo;en rire\u00a0: <em>\u00ab\u00a0<strong>L&rsquo;autod\u00e9rision est primordiale<\/strong> dans la vie. Ma m\u00e8re m&rsquo;a tellement vann\u00e9 l\u00e0-dessus quand j&rsquo;\u00e9tais gosse du matin au soir, pas m\u00e9chamment, que \u00e7a m&rsquo;a blind\u00e9\u00a0\u00bb<\/em>, reconna\u00eet Jean-Pascal Zad pour <em>Le Parisien<\/em>. Ce qui ne l&rsquo;a pas emp\u00each\u00e9 d&rsquo;avoir recours \u00e0 la chirurgie dentaire. \u00ab\u00a0<em><strong>Je les ai un petit peu remises en arri\u00e8re, mais elles sont quand m\u00eame devant. Je les ai un peu recul\u00e9es<\/strong>, mais<strong> <\/strong>j&rsquo;ai pas voulu faire <a href=\"https:\/\/www.journaldesfemmes.fr\/people\/tom-cruise\/\" title=\"Tom Cruse\">Tom Cruise<\/a><strong> <\/strong>non plus. \u00c7a me permet de jouer plus de choses\u00a0\u00bb,\u00a0<\/em>a-t-il expliqu\u00e9 pour justifier son choix. Il semblerait donc que <strong>Didier Deschamps <\/strong>a\u00a0ouvert la voie c\u00f4t\u00e9 modification dentaire&#8230;<\/p>\n<h2>En place\u00a0sur Netflix\u00a0: qu&rsquo;est-ce que c&rsquo;est\u00a0?\u00a0<\/h2>\n<p>Apr\u00e8s <em>Tout simplement noir<\/em>, Jean-Pascal Zadi co-signe <em>En place\u00a0<\/em>avec Fran\u00e7ois Uzan. Une s\u00e9rie tr\u00e8s attendue sur la plateforme de streaming. L&rsquo;id\u00e9e\u00a0? Raconter une campagne pr\u00e9sidentielle pendant laquelle les candidats se tirent la bourre. On y retrouve un socialiste de gauche quand \u00e7a l&rsquo;arrange\u00a0(Beno\u00eet Poelvoorde), un candidat d&rsquo;extr\u00eame-droite (Pierre-Emmanuel Barr\u00e9), une \u00e9cof\u00e9ministe (Marina Fo\u00efs, qui a d\u00e9j\u00e0 jou\u00e9 avec Zadi dans <em>L&rsquo;Ann\u00e9e du requin<\/em>) et un animateur social de banlieue qui se laisse convaincre de se porter candidat\u00a0(Jean-Pascal Zadi).<\/p>\n<div class=\"ccminsert\">\n<p><template data-type=\"embedtag\" data-tagname=\"youtube\"><iframe loading=\"lazy\" allow=\"accelerometer; autoplay; clipboard-write; encrypted-media; gyroscope; picture-in-picture; web-share\" allowfullscreen=\"\" frameborder=\"0\" height=\"315\" src=\"https:\/\/www.youtube.com\/embed\/pfnDDf3Aeqk\" title=\"YouTube video player\" width=\"560\"><\/iframe><\/template><\/p>\n<\/div>\n<p><em>\u00ab\u00a0Ce qui m&rsquo;int\u00e9resse dans\u00a0En Place, c&rsquo;est que ce personnage ose. A force de dire aux autres qu&rsquo;il faut r\u00eaver grand, il se l&rsquo;applique \u00e0 lui-m\u00eame et se retrouve pris \u00e0 son propre jeu. Ce personnage d\u00e9cide d&rsquo;ouvrir l&rsquo;horizon, c&rsquo;est ce qui m&rsquo;est arriv\u00e9 un peu dans ma vie\u00a0\u00bb,<\/em> explique l&rsquo;acteur dans les colonnes de <em>20\u00a0minutes<\/em>.\u00a0<\/p>\n<\/p><\/div>\n<p>[ad_2]<br \/>\n<br \/><a href=\"https:\/\/www.journaldesfemmes.fr\/people\/actus\/2883121-jean-pascal-zadi-en-place-serie-netflix-dents\/\">Source link <\/a><\/p>\n","protected":false},"excerpt":{"rendered":"<p>[ad_1] \u00c0 l&rsquo;affiche de la s\u00e9rie \u00ab\u00a0En place\u00a0\u00bb sur Netflix, Jean-Pascal Zadi a accord\u00e9 une interview au \u00ab\u00a0Parisien\u00a0\u00bb. L&rsquo;occasion pour &hellip; <a href=\"http:\/\/www.affinite.fr\/index.php\/2023\/01\/28\/je-les-ai-un-peu-reculees-de-la-chirurgie-pour-les-modifier\/\" class=\"more-link\">Plus <span class=\"screen-reader-text\">\u00ab\u00a0Je les ai un peu recul\u00e9es\u00a0\u00bb, de la chirurgie pour les modifier\u00a0?<\/span> <span class=\"meta-nav\">&rarr;<\/span><\/a><\/p>\n","protected":false},"author":1,"featured_media":8807,"comment_status":"","ping_status":"open","sticky":false,"template":"","format":"standard","meta":{"_sitemap_exclude":false,"_sitemap_priority":"","_sitemap_frequency":"","footnotes":""},"categories":[1],"tags":[],"class_list":["post-8806","post","type-post","status-publish","format-standard","has-post-thumbnail","hentry","category-tous"],"_links":{"self":[{"href":"http:\/\/www.affinite.fr\/index.php\/wp-json\/wp\/v2\/posts\/8806"}],"collection":[{"href":"http:\/\/www.affinite.fr\/index.php\/wp-json\/wp\/v2\/posts"}],"about":[{"href":"http:\/\/www.affinite.fr\/index.php\/wp-json\/wp\/v2\/types\/post"}],"author":[{"embeddable":true,"href":"http:\/\/www.affinite.fr\/index.php\/wp-json\/wp\/v2\/users\/1"}],"replies":[{"embeddable":true,"href":"http:\/\/www.affinite.fr\/index.php\/wp-json\/wp\/v2\/comments?post=8806"}],"version-history":[{"count":0,"href":"http:\/\/www.affinite.fr\/index.php\/wp-json\/wp\/v2\/posts\/8806\/revisions"}],"wp:featuredmedia":[{"embeddable":true,"href":"http:\/\/www.affinite.fr\/index.php\/wp-json\/wp\/v2\/media\/8807"}],"wp:attachment":[{"href":"http:\/\/www.affinite.fr\/index.php\/wp-json\/wp\/v2\/media?parent=8806"}],"wp:term":[{"taxonomy":"category","embeddable":true,"href":"http:\/\/www.affinite.fr\/index.php\/wp-json\/wp\/v2\/categories?post=8806"},{"taxonomy":"post_tag","embeddable":true,"href":"http:\/\/www.affinite.fr\/index.php\/wp-json\/wp\/v2\/tags?post=8806"}],"curies":[{"name":"wp","href":"https:\/\/api.w.org\/{rel}","templated":true}]}}