{"id":880,"date":"2020-03-20T08:38:37","date_gmt":"2020-03-20T08:38:37","guid":{"rendered":"https:\/\/www.affinite.fr\/index.php\/2020\/03\/20\/1300-amendes-et-4-gardes-a-vue-pour-les-imbeciles\/"},"modified":"2020-03-20T08:38:37","modified_gmt":"2020-03-20T08:38:37","slug":"1300-amendes-et-4-gardes-a-vue-pour-les-imbeciles","status":"publish","type":"post","link":"http:\/\/www.affinite.fr\/index.php\/2020\/03\/20\/1300-amendes-et-4-gardes-a-vue-pour-les-imbeciles\/","title":{"rendered":"1300\u00a0amendes et 4\u00a0gardes \u00e0 vue pour les \u00ab\u00a0imb\u00e9ciles\u00a0\u00bb"},"content":{"rendered":"<p> [ad_1]<br \/>\n<\/p>\n<p>\n                Nous sommes entr\u00e9s en confinement. D\u00e9placements, Courrier, T\u00e9l\u00e9, Voiture, Animaux, Sanctions&#8230; Nos habitudes sont boulevers\u00e9es. Comment se passe ce confinement\u00a0? Que reste-t-il de permis, d&rsquo;autoris\u00e9\u00a0? Les Fran\u00e7ais respectent-ils les r\u00e8gles\u00a0strictes\u00a0alors qu&rsquo;on parle d\u00e9j\u00e0 de plusieurs mois d&rsquo;enfermement\u00a0?            <\/p>\n<div>\n<aside class=\"ccmsummary marqueur_module ccmcss_cms_summary ccmcss_cms_summary--right\">\n<p>Sommaire<\/p>\n<\/aside>\n<p><strong>[Mise \u00e0 jour le vendredi 20 mars \u00e0 9h30]<\/strong>\u00a0Le\u00a0confinement \u00ab\u00a0g\u00e9n\u00e9ral\u00a0\u00bb\u00a0est instaur\u00e9 en France, afin de lutter contre l&rsquo;\u00e9pid\u00e9mie du <a href=\"https:\/\/sante.journaldesfemmes.fr\/maladies\/2605417-coronavirus-france-epidemie-evolution-courbe-cas-nombre-mort-direct-carte-mondiale\/\" title=\"N-Cov\">coronavirus<\/a>. <strong>Pour combien de temps encore serons-nous contraints de rester chez nous ?\u00a0<\/strong>Lors d&rsquo;une visite \u00e0 l&rsquo;Institut Pasteur jeudi\u00a019\u00a0mars,<strong> Emmanuel Macron a d\u00e9plor\u00e9 que<\/strong> <strong>trop de Fran\u00e7ais prennet les mesures de confinement \u00ab\u00a0\u00e0 la l\u00e9g\u00e8re\u00a0\u00bb<\/strong> : <em>\u00ab\u00a0Quand je vois que des gens continuent \u00e0 aller au parc, \u00e0 la plage ou \u00e0 se ruer sur les march\u00e9s ouverts,\u00a0c&rsquo;est qu&rsquo;ils n&rsquo;ont pas compris les messages\u00a0\u00bb<\/em>. Il a \u00e9galement estim\u00e9 que la dur\u00e9e du confinement serait \u00ab\u00a0vraisemblablement\u00a0\u00bb prolong\u00e9e, une information confirm\u00e9e par la porte-parole du gouvernement Sibeth N&rsquo;Diaye, de passage sur <em>BFMTV<\/em> le matin du 20\u00a0mars: <em>\u00ab\u00a0<strong>C&rsquo;est assez probable<\/strong> <strong>que nous soyons oblig\u00e9s de prolonger le confinement\u00a0\u00bb. <\/strong><\/em>On parle d&rsquo;un mois, un mois et demi.<\/p>\n<p><a id=\"mise-en-place-confinement-en-france\" name=\"mise-en-place-confinement-en-france\" target=\"_blank\" rel=\"noopener noreferrer\">Confinement et sanctions en France<\/a><\/p>\n<p>Depuis le 17 mars,\u00a0<strong>100\u00a0000\u00a0policiers et gendarmes<\/strong> ont \u00e9t\u00e9 d\u00e9ploy\u00e9s sur tout le territoire pour contr\u00f4ler les personnes qui circulent\u00a0et qui doivent \u00eatre en mesure de justifier leur d\u00e9placement avec une <a href=\"https:\/\/www.journaldesfemmes.fr\/societe\/actu\/2626167-attestation-derogatoire-de-deplacement-coronavirus-confinement-trouver-laisser-passer-ecrire-a-la-main-feuille-papier-stylo-portable\/\"><strong>attestation de d\u00e9placement d\u00e9rogatoire<\/strong><\/a>\u00a0imprim\u00e9e\u00a0<a href=\"https:\/\/www.interieur.gouv.fr\/Actualites\/L-actu-du-Ministere\/Attestation-de-deplacement-derogatoire-et-justificatif-de-deplacement-professionnel\">ICI<\/a>\u00a0et\u00a0remplie au stylo ind\u00e9l\u00e9bile et non pas au crayon \u00e0 papier ou d&rsquo;une attestation <strong>sur l&rsquo;honneur \u00e9crite \u00e0 la main<\/strong> sur papier libre, dat\u00e9e et sign\u00e9e.<br \/>L&rsquo;amende<strong>\u00a0pour non-respect des r\u00e8gles du confinement est de\u00a0135\u00a0euros<\/strong>. Le co\u00fbt peut \u00eatre major\u00e9 \u00e0 <strong>375 euros<\/strong>.\u00a0<\/p>\n<p>Face aux comportements indisciplin\u00e9s de certains Fran\u00e7ais, les autorit\u00e9s ont de monter d&rsquo;un cran dans les sanctions. <strong>Quatre personnes en Seine-Saint-Denis et au moins une personne dans le Pas-de-Calais ont \u00e9t\u00e9 plac\u00e9es en garde \u00e0 vue jeudi 19 mars<\/strong> pour <em>\u00ab\u00a0mise en danger de la vie d&rsquo;autrui\u00a0\u00bb,<\/em> un motif punissable d&rsquo;un an de prison et 15 000 euros d&rsquo;amende.\u00a0Tous les suspects ont \u00e9t\u00e9 interpell\u00e9s apr\u00e8s avoir \u00e9t\u00e9 verbalis\u00e9s \u00e0 plusieurs reprises pour s&rsquo;\u00eatre d\u00e9plac\u00e9 sans motif valable.\u00a0<\/p>\n<p><em>\u00ab\u00a0Certains consid\u00e8rent qu&rsquo;on est un petit h\u00e9ros quand on enfreint les r\u00e8gles. <strong>Eh bien non, on est un imb\u00e9cile <\/strong>dans son comportement et surtout une menace pour soi-m\u00eame\u00a0\u00bb<\/em>, a d\u00e9clar\u00e9 jeudi sur <em>Europe 1<\/em>\u00a0le ministre de l&rsquo;Int\u00e9rieur Christophe Castaner qui a jug\u00e9\u00a0<em>\u00ab\u00a0inf\u00e2mes et ignobles\u00a0\u00bb\u00a0<\/em>les vols de masques puni au minimum de\u00a03\u00a0ans de prison et de 45.000\u00a0euros d&rsquo;amende.<\/p>\n<p><strong>D<span style=\"font-size: 1rem;\">epuis la mise en place du confinement en France, <\/span><strong style=\"font-size: 1rem;\">plus de 1300 amendes<\/strong><\/strong><span style=\"font-size: 1rem;\"><strong> ont \u00e9t\u00e9 dress\u00e9es. <\/strong>Un nouveau conseil restreint de d\u00e9fense\u00a0doit se tenir le 20 mars \u00e0 11h, entre Emmanuel Macron, \u00c9douard Philippe et les ministres en premi\u00e8re ligne contre le coronavirus : Christophe Castaner (Int\u00e9rieur), Jean-Yves Le Drian (Affaires \u00c9trang\u00e8res), Florence Parly (Arm\u00e9es), Olivier V\u00e9ran (Sant\u00e9)\u00a0ou Bruno Le Maire (\u00c9conomie).<\/span><\/p>\n<p><strong>Dans le Morbihan, les plages \u00e9taient bond\u00e9es. Face \u00e0 l&rsquo;assaut des Parisiens, <\/strong>mais surtout la menace et\u00a0le danger des regroupements, les autorit\u00e9s pr\u00e9fectorales ont d\u00e9cid\u00e9 le 19\u00a0mars en milieu de journ\u00e9e <strong>d&rsquo;interdire l&rsquo;acc\u00e8s aux plages dans plusieurs d\u00e9partements et r\u00e9gions<\/strong>. Des mesures ont \u00e9t\u00e9 prises ou sont en cours dans le Morbihan, en Bretagne (C\u00f4tes d&rsquo;Armor, Ille-et-Vilaine et Finist\u00e8re), dans l&rsquo;H\u00e9rault, les Bouches du Rh\u00f4ne, la Corse et la Vend\u00e9e, o\u00f9 de trop nombreux promeneurs ont \u00e9t\u00e9 aper\u00e7us.\u00a0<em>\u00ab\u00a0Les sorties d\u00e9rogatoires doivent \u00eatre des sorties br\u00e8ves, \u00e0 proximit\u00e9 du domicile, or on a observ\u00e9 que sur les plages, il y avait parfois des rassemblements, <strong>parfois des occupations pendant de longues heures<\/strong>\u00ab\u00a0,<\/em> a d\u00e9clar\u00e9 le pr\u00e9fet de Corse, Franck Robine. Il en est de m\u00eame pour les balades en for\u00eat, consid\u00e9r\u00e9es comme trop \u00e9loign\u00e9es du domicile.\u00a0Les quais de la Garonne ont \u00e9galement \u00e9t\u00e9 interdits \u00e0 Bordeaux.<\/p>\n<div class=\"ccminsert\">\n<blockquote class=\"twitter-tweet\">\n<p dir=\"ltr\" lang=\"fr\">Renforcement des mesures de confinement sur le littoral vend\u00e9en INTERDICTION dacc\u00e9der aux plages, dunes, for\u00eats du littoral&#8230; : des contr\u00f4les sont men\u00e9s par <a href=\"https:\/\/twitter.com\/PoliceNationale?ref_src=twsrc%5Etfw\">@PoliceNationale<\/a> et <a href=\"https:\/\/twitter.com\/Gendarmerie?ref_src=twsrc%5Etfw\">@Gendarmerie<\/a> [Contravention de 135] Le @PrevetVendee appelle \u00e0 la responsabilit\u00e9 de tous. <a href=\"https:\/\/t.co\/qfrf4CxmUz\">pic.twitter.com\/qfrf4CxmUz<\/a><\/p>\n<p>\u2014 Pr\u00e9fet de la Vend\u00e9e (@PrefetVendee) <a href=\"https:\/\/twitter.com\/PrefetVendee\/status\/1240600832204210177?ref_src=twsrc%5Etfw\">March 19, 2020<\/a><\/p><\/blockquote>\n<\/div>\n<p>D\u00e8s mercredi, plusieurs stations baln\u00e9aires avaient d\u00e9cid\u00e9 de fermer les acc\u00e8s \u00e0 leur plage pour faire respecter les consignes de lutte contre la propagation du coronavirus.\u00a0Sur la c\u00f4t\u00e9 atlantique, les villes de La Baule-Escoublac et Pornichet ont install\u00e9 des barri\u00e8res pour \u00eatre s\u00fbr qu&rsquo;aucun baigneur ou pi\u00e9ton ne s&rsquo;y installe. Cette mesure en vigueur s&rsquo;applique pour l&rsquo;instant jusqu&rsquo;au 31\u00a0mars.<\/p>\n<p>Autre mesure pr\u00e9cis\u00e9e par les gouvernements, le<strong> v\u00e9lo<\/strong> <strong>comme pratique sportive n&rsquo;est plus autoris\u00e9e. <\/strong>Dans un communiqu\u00e9,\u00a0la F\u00e9d\u00e9ration fran\u00e7aise de Cyclisme pr\u00e9cise que <em>\u00ab\u00a0la pratique du sport cycliste commun\u00e9ment admise n&rsquo;entre pas dans les conditions pr\u00e9vues au d\u00e9cret et constitue donc une infraction susceptible de verbalisation\u00a0\u00bb.<\/em><\/p>\n<div class=\"ccminsert\">\n<blockquote class=\"twitter-tweet\">\n<p dir=\"ltr\" lang=\"fr\">Non, ce n&rsquo;est pas possible. D&rsquo;ailleurs la <a href=\"https:\/\/twitter.com\/FFCyclisme?ref_src=twsrc%5Etfw\">@FFCyclisme<\/a> recommande purement et simplement de ne plus faire de v\u00e9lo. La p\u00e9riode est difficile mais c&rsquo;est pour le bien de tous<a href=\"https:\/\/t.co\/WHLHo3z0ok\">https:\/\/t.co\/WHLHo3z0ok<\/a><\/p>\n<p>\u2014 Minist\u00e8re des Sports (@Sports_gouv) <a href=\"https:\/\/twitter.com\/Sports_gouv\/status\/1240600852081016832?ref_src=twsrc%5Etfw\">March 19, 2020<\/a><\/p><\/blockquote>\n<\/div>\n<p>Confin\u00e9s, les Fran\u00e7ais ne sont pas pr\u00eats \u00e0 abandonner leur habitude favorite\u00a0: <strong>l&rsquo;ap\u00e9ro<\/strong>.\u00a0<strong>Ap\u00e9ro 2.0\u00a0en webcam<\/strong> ou encore <strong>\u00ab\u00a0ap\u00e9ro fen\u00eatre\u00a0\u00bb <\/strong>avec les voisins, tous les moyens sont bons pour prendre des nouvelles des uns et des autres, sans risquer de propager le coronavirus. Vous aviez pr\u00e9vu une soir\u00e9e d&rsquo;anniversaire avec tous vos amis\u00a0? Pas de probl\u00e8mes, la tendance est au <b>\u00ab\u00a0Skyp\u00e9ro\u00a0\u00bb ou <\/b><a href=\"https:\/\/cuisine.journaldesfemmes.fr\/gastronomie\/2626747-l-on-nomi-ou-comment-prendre-l-apero-avec-ses-amis-en-confinement\/\" style=\"font-weight: bold;\">ON-NOMI<\/a>.\u00a0<strong>Un verre de ros\u00e9 ou une bouteille de bi\u00e8re en visioconf\u00e9rence avec vos amis via votre ordinateur, tablette ou smartphone\u00a0: c&rsquo;est l&rsquo;ap\u00e9ritif \u00e0 distance. <\/strong>Pour lutter contre la solitude du confinement, de plus en plus de Fran\u00e7ais ont recours \u00e0 ce petit rituel festif qui permet d&rsquo;entretenir le lien social et faire du bien au moral. Et pour ajouter un c\u00f4t\u00e9 ludique \u00e0 votre ap\u00e9ro entre potes, <strong>l&rsquo;application <em><strong>Ho<\/strong>useparty<\/em><\/strong> permet de faire des visioconf\u00e9rences \u00e0 plusieurs en proposant des jeux qui vous aideront \u00e0 passer le temps ensemble, comme des jeux de questions-r\u00e9ponses ou l&rsquo;incontournable \u00ab\u00a0Time&rsquo;s Up\u00a0\u00bb. Alors \u00e0 vos webcams\u00a0!\u00a0<\/p>\n<p>Et pour tous ceux qui pr\u00e9f\u00e8rent le lien r\u00e9el, un \u00e9v\u00e9nement appel\u00e9 <strong>\u00ab\u00a0Ap\u00e9ro fen\u00eatre\u00a0\u00bb<\/strong> est en ligne depuis mardi midi sur <em>Facebook<\/em> pour <strong>convier tous les Fran\u00e7ais \u00e0 leur fen\u00eatre ce vendredi 20\u00a0mars \u00e0 partir de 18h<\/strong>. Charlotte Martin, jeune artiste parisienne \u00e0 l&rsquo;origine de l&rsquo;\u00e9v\u00e9nement explique: <strong><em>\u00ab\u00a0Le but est que tout le monde prenne son ap\u00e9ro \u00e0 la fen\u00eatre en m\u00eame temps pour \u00eatre tous ensemble alors qu&rsquo;on ne peut pas se voir\u00a0\u00bb<\/em><\/strong>. Le lien de l&rsquo;\u00e9v\u00e9nement est disponible <strong><a href=\"https:\/\/www.facebook.com\/events\/1075300112833907\/?notif_t=event_friend_going&amp;notif_id=1584528939842476\" target=\"_blank\" rel=\"noopener noreferrer\">ICI<\/a>.<\/strong>\u00a0<\/p>\n<p>Comme annonc\u00e9 par le pr\u00e9sident de la r\u00e9publique lors de son allocution t\u00e9l\u00e9visuelle le 16 mars, un\u00a0projet de loi d&rsquo;urgence a \u00e9t\u00e9 pr\u00e9sent\u00e9 au Conseil des ministres du 18\u00a0mars 2020\u00a0par le premier ministre \u00c9douard Philippe. Voici les mesures pr\u00e9vues, discut\u00e9es jeudi 19 et vendredi 20 au Parlement.<\/p>\n<h3>Les dispositions concernant les \u00e9lections municipales<\/h3>\n<ul>\n<li>Le<strong> report du second tour <\/strong>des \u00e9lections municipales \u00ab\u00a0<em>au plus tard, au mois de juin 2020&Prime;.<\/em> La date exacte sera fix\u00e9e par d\u00e9cret en conseil des ministres.<\/li>\n<\/ul>\n<p>Le projet pr\u00e9voit \u00e9galement qu&rsquo;un <strong>comit\u00e9 scientifique se prononce <\/strong>avant le 10\u00a0mai 2020\u00a0sur les risques sanitaires potentiels lors du second tour \u00e9lectoral, ce qui pourrait remettre en cause la tenue de ce dernier.<\/p>\n<ul>\n<li>Les conseillers municipaux et communautaires qui ont \u00e9t\u00e9 <strong>\u00e9lus au premier tour\u00a0entreront en fonction imm\u00e9diatement<\/strong>, sauf dans les communes de moins de 1\u00a0000\u00a0habitants\u00a0o\u00f9 moins de la moiti\u00e9 des conseillers ont \u00e9t\u00e9 \u00e9lus au premier tour.<\/li>\n<li>Dans les communes o\u00f9 le conseil n&rsquo;a pas \u00e9t\u00e9 renouvel\u00e9 d\u00e8s le premier tour, les mandats des \u00e9lus seront prolong\u00e9s, au plus jusqu&rsquo;en juin 2020. Les intercommunalit\u00e9s fonctionneront avec un bureau provisoire jusqu&rsquo;au second tour des \u00e9lections municipales et jusqu&rsquo;\u00e0 ce que le bureau d\u00e9finitif soit \u00e9lu par les conseillers appel\u00e9s \u00e0 si\u00e9ger pour 6\u00a0ans.<\/li>\n<\/ul>\n<h3><strong>Le dispositif d&rsquo;\u00e9tat d&rsquo;urgence sanitaire<\/strong><\/h3>\n<ul>\n<li>Le texte autorise des mesures particuli\u00e8res, permettant de restreindre certaines libert\u00e9s. Selon le texte, l&rsquo;\u00e9tat d&rsquo;urgence sanitaire pourra \u00eatre d\u00e9clar\u00e9 sur tout ou partie du territoire m\u00e9tropolitain et d&rsquo;Outre-mer\u00a0<em>\u00ab\u00a0en cas de catastrophe sanitaire, notamment d&rsquo;\u00e9pid\u00e9mie mettant en jeu par sa nature et sa gravit\u00e9, la sant\u00e9 de la population\u00a0\u00bb. <\/em>La prolongation de cet \u00e9tat au-del\u00e0 de 12\u00a0jours ne pourra \u00eatre autoris\u00e9e que par la loi.<\/li>\n<li>Apr\u00e8s consultation du ministre charg\u00e9 de la sant\u00e9, le Premier ministre pourra \u00e9mettre des d\u00e9crets des<em>\u00a0\u00ab\u00a0mesures g\u00e9n\u00e9rales <strong>limitant la libert\u00e9 d&rsquo;aller et venir, la libert\u00e9 d&rsquo;entreprendre et la libert\u00e9 de r\u00e9union <\/strong>et permettant de proc\u00e9der aux r\u00e9quisitions de tout bien et services n\u00e9cessaires afin de lutter contre la catastrophe sanitaire\u00a0\u00bb<\/em><\/li>\n<\/ul>\n<p>Le texte pr\u00e9cise \u00e9galement sur ce point que ces mesures seront arr\u00eat\u00e9es \u00ab\u00a0<em>d\u00e8s lors qu&rsquo;elles ne sont plus n\u00e9cessaires\u00a0\u00bb.<\/em><\/p>\n<h3>Les mesures d&rsquo;urgence \u00e9conomique et d&rsquo;adaptation \u00e0 la pand\u00e9mie du Covid-19<\/h3>\n<ul>\n<li>Le gouvernement pourra \u00e9mettre des ordonnances pour prolonger de six mois la validit\u00e9 des titres de s\u00e9jours des \u00e9trangers dans une situation r\u00e9guli\u00e8re. Cette mesure s&rsquo;appliquera sur les\u00a0<em>\u00ab\u00a0visas de long s\u00e9jour, titres de s\u00e9jour, autorisations provisoires de s\u00e9jour, r\u00e9c\u00e9piss\u00e9s de demande de titre de s\u00e9jour\u00a0\u00bb et sur les attestations de demande d&rsquo;asile qui ont expir\u00e9 entre le 16<\/em>\u00a0mars et le 15\u00a0mai 2020, ce \u00ab\u00a0dans la limite de cent quatre-vingt jours\u00a0\u00bb.<\/li>\n<li>Le gouvernement pourra prendre des ordonnances pour \u00ab\u00a0<em>faire face aux cons\u00e9quences \u00e9conomiques, financi\u00e8res et sociales\u00a0\u00bb<\/em>\u00a0de la crise sanitaire\u00a0et pour<em>\u00a0\u00ab\u00a0limiter les cessations d&rsquo;activit\u00e9s d&rsquo;entreprises quel qu&rsquo;en soit le statut et les licenciements\u00a0\u00bb<\/em>. Les\u00a0principales actions seront le soutien aux entreprises pour limiter les ruptures de contrats, la modification du droit du travail pour modifier les conditions d&rsquo;acquisition des cong\u00e9s pay\u00e9s et le versement de l&rsquo;int\u00e9ressement, en plus du report de la tr\u00eave hivernale et des expulsions locatives.<\/li>\n<li>Il est \u00e9galement pr\u00e9vu de modifier les proc\u00e9dures collectives et des entreprises en difficult\u00e9, d&rsquo;adapter les d\u00e9lais l\u00e9gaux et les r\u00e8gles de proc\u00e9dure p\u00e9nale, de faciliter la garde des jeunes enfants et de maintenir l&rsquo;acc\u00e8s aux soins pour l&rsquo;ensemble des fran\u00e7ais et personnes fragilis\u00e9es.<\/li>\n<\/ul>\n<p>Les interpellations n&rsquo;ont pas tard\u00e9 dans les rues parisiennes. Dans la nuit du mardi 17\u00a0au mercredi 18\u00a0mars, la pr\u00e9fecture de police de Paris a annonc\u00e9 <strong>518\u00a0verbalisations en r\u00e9gion parisienne<\/strong>. Les contr\u00f4les ont d\u00e9but\u00e9 vers minuit, alors que <strong>3000\u00a0policiers \u00e9taient mobilis\u00e9s<\/strong> et qu&rsquo;environ 10\u00a0000\u00a0contr\u00f4les ont \u00e9t\u00e9 r\u00e9alis\u00e9s \u00e0 l&rsquo;int\u00e9rieur et autour de la capitale.<\/p>\n<p>Pour la\u00a0deuxi\u00e8me journ\u00e9e compl\u00e8te de confinement, Christophe Castaner a annonc\u00e9 que\u00a0<strong>4095 amendes<em>\u00a0<\/em>\u00e0 135 euros<\/strong>\u00a0\u00ab\u00a0<em>ont \u00e9t\u00e9 dress\u00e9es\u00a0\u00bb<\/em>. pour sanctionner les fran\u00e7ais qui ne respectaient pas les conditions de d\u00e9placement.\u00a0Lors d&rsquo;une intervention le 18 mars\u00a0sur le plateau de <em>TF1<\/em>, le ministre de l&rsquo;int\u00e9rieur a pr\u00e9cis\u00e9 qu&rsquo;en 24 heures<em>\u00a0\u00ab\u00a0<strong>il y a 70.000\u00a0\u00e9changes avec les Fran\u00e7ais<\/strong> pour leur expliquer pourquoi ils \u00e9taient en infraction.<\/em>\u00a0il a ensuite ajout\u00e9 :<em>\u00a0\u00ab\u00a0Nous sanctionnerons plus si c&rsquo;est n\u00e9cessaire, mais ce n&rsquo;est pas l&rsquo;objectif qui est de prot\u00e9ger les fran\u00e7ais.\u00a0\u00bb<\/em><\/p>\n<p>Invit\u00e9 par <em>Europe 1<\/em>\u00a0le 19\u00a0mars, Christophe Castaner s&rsquo;est indign\u00e9 contre les comportements jug\u00e9s irresponsables de certains qui ne respecteraient pas les mesures du confinement :<em>\u00a0\u00ab\u00a0Certains pensent \u00eatre des h\u00e9ros modernes, mais <strong>on est un imb\u00e9cile quand on enfreint les r\u00e8gles.<\/strong> On fait courir un risque \u00e0 sa famille, \u00e0 ses amis, aux soignants. Et on est une menace pour soi-m\u00eame.\u00a0\u00bb<\/em><\/p>\n<p>Il \u00e9galement r\u00e9affirm\u00e9\u00a0que le confinement est une <em>\u00ab\u00a0<strong>p\u00e9riode de 15 jours qui pourra \u00eatre reconduite\u00a0\u00bb<\/strong> <\/em>par le gouvernement.<\/p>\n<p>Depuis l&rsquo;annonce du confinement, <strong>les grandes villes de France sont \u00e0 l&rsquo;arr\u00eat<\/strong>. Place de la Concorde, Saint-Michel, Trocad\u00e9ro, les grands lieux publics parisiens sont <strong>totalement d\u00e9serts<\/strong>. A Reims, Rouen, Lille et partout en France, les grandes avenues sont m\u00e9connaissables, vide de monde.<\/p>\n<p>Et si les citadins\u00a0n&rsquo;\u00e9taient pas dans les rues, le 17 mars, c&rsquo;est parce qu&rsquo;ils \u00e9taient.. dans les gares. Dans les gares parisiennes, et notamment dans la <strong>gare Montparnasse<\/strong>, un afflux de voyageur digne des grands d\u00e9parts en vacances a pu \u00eatre observ\u00e9. Des <strong>mouvements de foule massifs <\/strong>qui entra\u00eenent des regroupements de personnes et vont donc totalement \u00e0 l&rsquo;encontre des consignes de distanciation sanitaire d\u00e9sormais impos\u00e9es partout. De quoi agacer le gouvernement, les internautes, mais surtout les\u00a0<strong>provinciaux<\/strong>, chez qui cet\u00a0<strong>exode urbain<\/strong>\u00a0ne passe pas du tout&#8230;<\/p>\n<h3>Quand a-t-on le droit de sortir\u00a0?<\/h3>\n<p>Il vous sera possible de sortir uniquement en cas de r\u00e9el besoin, c&rsquo;est-\u00e0-dire pour travailler lorsque le t\u00e9l\u00e9travail est impossible,\u00a0se rendre \u00e0 un rendez-vous m\u00e9dical, en cas de \u00ab\u00a0<em>motif familial imp\u00e9rieux ou pour l&rsquo;assistance de personnes vuln\u00e9rables pour venir en aide \u00e0 un proche d\u00e9pendant, ou pour des parents s\u00e9par\u00e9s pour aller chercher et d\u00e9poser les enfants<\/em>\u00ab\u00a0, pour aller faire des courses n\u00e9cessaires ou encore prendre l&rsquo;air, s&rsquo;adonner \u00e0 une activit\u00e9 physique individuelle, du moment que l&rsquo;on reste proche de chez soi. La ville de Paris a d&rsquo;ailleurs annonc\u00e9 que les parcs et jardins \u00e9taient d\u00e9sormais ferm\u00e9s.<\/p>\n<h3>Jusqu&rsquo;\u00e0 quand ces restrictions seront-elles mises en place\u00a0?<\/h3>\n<p>Pour l&rsquo;instant, le ministre de l&rsquo;Int\u00e9rieur a pr\u00e9cis\u00e9 que les nouvelles mesures seraient valables pendant 15\u00a0jours \u00ab\u00a0<em>prolongeables<\/em>\u00ab\u00a0.<\/p>\n<h3>Comment justifier son d\u00e9placement\u00a0?<\/h3>\n<p>Avant de pouvoir mettre le pied dehors, il vous faudra remplir une \u00ab\u00a0attestation de d\u00e9placement d\u00e9rogatoire\u00a0\u00bb, <a href=\"https:\/\/www.interieur.gouv.fr\/Actualites\/L-actu-du-Ministere\/Attestation-de-deplacement-derogatoire\" target=\"_blank\" rel=\"noopener noreferrer\">disponible ici<\/a>.\u00a0Si vous n&rsquo;avez pas d&rsquo;imprimante, il vous sera possible\u00a0de la recopier \u00e0 la main. <a href=\"https:\/\/www.journaldesfemmes.fr\/societe\/actu\/2626167-attestation-derogatoire-de-deplacement-coronavirus-confinement-trouver-laisser-passer-ecrire-a-la-main-feuille-papier-stylo-portable\/\" target=\"_blank\" rel=\"noopener noreferrer\">Plus d&rsquo;informations sur\u00a0la d\u00e9marche \u00e0 suivre pour remplir ce document<\/a>.<\/p>\n<h3>Un couvre-feu sera-t-il mis en place\u00a0?<\/h3>\n<p>A priori, nous n&rsquo;en sommes pas l\u00e0. Tant que votre d\u00e9placement est justifi\u00e9 et que vous avez bien rempli votre attestation, vous pouvez sortir tous les jours, 24h\/24.<\/p>\n<h3><strong>Y a-t-il une distance\u00a0\u00e0 ne pas franchir pr\u00e8s de son domicile\u00a0?<\/strong><\/h3>\n<p>Le gouvernement en appelle au bon sens. Aucune distance limite n&rsquo;a \u00e9t\u00e9 \u00e9nonc\u00e9e, pour l&rsquo;heure,\u00a0mais il est \u00e9vident que prendre l&rsquo;air pour effectuer une randonn\u00e9e en montagne n&rsquo;est pas une option&#8230;<\/p>\n<h3>Puis-je faire de l&rsquo;exercice en plein air\u00a0?<\/h3>\n<p>Il reste possible de faire de l&rsquo;exercice en plein air, si l&rsquo;on s&rsquo;y rend seul,\u00a0en restant pr\u00e8s de son domicile et en respectant les mesures de distanciation sociale si l&rsquo;on croise un badaud (ne pas l&rsquo;approcher \u00e0 moins d&rsquo;un m\u00e8tre).<\/p>\n<h3>A-t-on le droit de prendre sa voiture pour une balade en for\u00eat\u00a0?<\/h3>\n<p>L&rsquo;utilisation de votre\u00a0v\u00e9hicule doit \u00eatre limit\u00e9e aux d\u00e9placements indispensables. Une balade en for\u00eat, sauf si celle-ci se trouve relativement proche de votre domicile, ne rentre pas dans la cat\u00e9gorie des d\u00e9placements n\u00e9cessaires.<\/p>\n<h3>Que risque-t-on si l&rsquo;on se d\u00e9place sans attestation\u00a0?<\/h3>\n<p>Pour l&rsquo;instant, l&rsquo;amende en cas de d\u00e9placement non justifi\u00e9 est fix\u00e9e \u00e0 38\u00a0euros. Un prochain d\u00e9cret la portera \u00e0 135\u00a0euros, a toutefois pr\u00e9cis\u00e9 le ministre de l&rsquo;Int\u00e9rieur Christophe Castaner.\u00a0Pour faire respecter ces r\u00e8gles, plus de 100\u00a0000\u00a0policiers et gendarmes ont \u00e9t\u00e9 mobilis\u00e9s et proc\u00e9deront \u00e0 divers contr\u00f4les.<\/p>\n<h3>Faut-il une nouvelle attestation pour chaque d\u00e9placement\u00a0?<\/h3>\n<p>Il faut effectivement remplir une attestation dat\u00e9e \u00e0 chaque d\u00e9placement.<\/p>\n<p><strong>Peut-on remplir l&rsquo;attestation au crayon \u00e0 papier ?<\/strong><\/p>\n<p>Il n&rsquo;est pas possible de remplir le document au crayon \u00e0 papier. Il faut que l&rsquo;encre utilis\u00e9e soit ind\u00e9l\u00e9bile.<\/p>\n<p><strong>Peut-on montrer le document sur son smartphone ?<\/strong><\/p>\n<p>Il n&rsquo;est d\u00e9sormais plus possible de montrer l&rsquo;attestation sur smartphone. Le papier doit \u00eatre imprim\u00e9 ou l&rsquo;attestation, recopi\u00e9e \u00e0 la main.\u00a0<\/p>\n<h3>A-t-on besoin d&rsquo;autres justificatifs en dehors de l&rsquo;attestation\u00a0?<\/h3>\n<p>Si l&rsquo;on se d\u00e9place pour se rendre sur son lieu de travail, en plus de l&rsquo;attestation, il faut se munir d&rsquo;une carte professionnelle (quand c&rsquo;est possible)\u00a0ou d&rsquo;un justificatif de l&#8217;employeur pr\u00e9cisant que le t\u00e9l\u00e9travail est impossible.<\/p>\n<h3>Doit-on d\u00e9clarer son lieu de confinement\u00a0?<\/h3>\n<p>Pour l&rsquo;heure, le gouvernement n&rsquo;a pas demand\u00e9 aux citoyens de d\u00e9clarer les lieux dans lesquels ils sont confin\u00e9s. A priori, on consid\u00e8re que chacun est\u00a0\u00e0 son domicile m\u00eame s&rsquo;il est possible de se confiner hors de sa r\u00e9sidence principale.<\/p>\n<h3>A-t-on besoin d&rsquo;une attestation pour prendre l&rsquo;air ou promener son chien\u00a0?<\/h3>\n<p>M\u00eame si vous souhaitez uniquement promener votre animal de compagnie ou prendre l&rsquo;air (tout en restant pr\u00e8s de votre domicile), vous devez remplir l&rsquo;attestation d\u00e9rogatoire de d\u00e9placement et cocher la case \u00ab\u00a0<em>d\u00e9placements brefs \u00e0 proximit\u00e9 du domicile<\/em>\u00ab\u00a0.<\/p>\n<h3>Peut-on utiliser les transports en commun\u00a0?<\/h3>\n<p>Il est possible de prendre les transports en commun, qui continuent de fonctionner de mani\u00e8re r\u00e9duite,\u00a0uniquement pour les d\u00e9placements indispensables.<\/p>\n<h3>Pourra-t-on recevoir son courrier\u00a0?<\/h3>\n<p>Le groupe La Poste a annonc\u00e9 qu&rsquo;il maintenait ses activit\u00e9s \u00ab\u00a0<em>essentielles<\/em>\u00ab\u00a0. Ainsi, 80% des facteurs continuent d&rsquo;assurer la distribution du courrier et des colis. En revanche, certains bureaux de poste seront ferm\u00e9s. Par ailleurs, certains appellent \u00e0 la vigilance et d\u00e9conseillent de commander en ligne au cas o\u00f9 l&#8217;employ\u00e9 de poste ayant d\u00e9pos\u00e9 votre colis n&rsquo;avait pas pris les pr\u00e9cautions hygi\u00e9niques n\u00e9cessaires (gel hydro-alcoolique, lavage de mains, port de gants&#8230;).<\/p>\n<h3>Pourra-t-on faire le plein d&rsquo;essence\u00a0?<\/h3>\n<p>Les stations-service ainsi que les garages et centres de r\u00e9paration\u00a0d&rsquo;automobiles restent ouverts pour permettre \u00e0 la population d&rsquo;effectuer les d\u00e9placements\u00a0indispensables en v\u00e9hicule.<\/p>\n<h3>Peut-on\u00a0recevoir un \u00e9lectricien, plombier, r\u00e9parateur \u00e0 son domicile\u00a0?<\/h3>\n<p>Si les mesures barri\u00e8res sont respect\u00e9es et que l&rsquo;intervention n\u00e9cessit\u00e9e est urgente, un \u00e9lectricien ou un plombier pourra effectuer son travail au domicile d&rsquo;une tierce personne.<\/p>\n<h3>Doit-on annuler la venue des aides \u00e0 domicile\u00a0?<\/h3>\n<p>Une infirmi\u00e8re ou une\u00a0aide \u00e0 domicile peut tout \u00e0 fait venir rendre\u00a0service \u00e0 une personne \u00e2g\u00e9e lorsque c&rsquo;est absolument n\u00e9cessaire, tout en respectant scrupuleusement les mesures d&rsquo;hygi\u00e8ne et les gestes barri\u00e8res et, dans la mesure du possible, en portant un masque.<\/p>\n<h3>Peut-on se rendre chez son m\u00e9decin\u00a0?<\/h3>\n<p>Bon nombre de cabinets m\u00e9dicaux restent ouverts. Dans certains cas, les visites \u00e0 domicile ou les t\u00e9l\u00e9consultations\u00a0sont possibles.<\/p>\n<h3>Peut-on effectuer un d\u00e9m\u00e9nagement\u00a0?<\/h3>\n<p>Les locataires qui pr\u00e9voyaient de d\u00e9m\u00e9nager ne pourront pas mener \u00e0 bien leur projet pour l&rsquo;heure, puisque ce d\u00e9placement est consid\u00e9r\u00e9 comme non indispensable. Les locataires dont le pr\u00e9avis touche \u00e0 sa fin devront r\u00e9gler le probl\u00e8me \u00e0 l&rsquo;amiable avec leur propri\u00e9taire.<\/p>\n<p><a href=\"https:\/\/www.journaldesfemmes.fr\/societe\/actu\/2626459-confinement-enterrement-interdit-edouard-philippe-coronavirus\/\"><strong>Peut-on\u00a0assister\u00a0\u00e0 un enterrement ?<\/strong><\/a><\/p>\n<p>Le Premier\u00a0ministre l&rsquo;a stipul\u00e9, avec affliction, en direct au JT de 20h de <em>France 2<\/em> : si un proche d\u00e9c\u00e8de, seule la famille nucl\u00e9aire est autoris\u00e9e \u00e0 se rendre aux fun\u00e9railles. Il n&rsquo;y a plus de c\u00e9r\u00e9monie, les fun\u00e9rariums sont ferm\u00e9s et l&rsquo;on ne peut se d\u00e9placer pour les obs\u00e8ques d&rsquo;un ami.<\/p>\n<h3>Doit-on craindre une p\u00e9nurie de produits de premi\u00e8re n\u00e9cessit\u00e9\u00a0?<\/h3>\n<p>\u00ab\u00a0<em>L&rsquo;approvisionnement en produits alimentaires et de premi\u00e8re n\u00e9cessit\u00e9 sera garanti dans les jours et les semaines \u00e0 venir\u00a0\u00bb<\/em> dans les supermarch\u00e9s, informe le gouvernement sur son site internet. Nul besoin d&rsquo;accumuler les stocks de papier toilette, donc.<\/p>\n<h3>Quelles sont les professions dont les activit\u00e9s sont maintenues\u00a0?<\/h3>\n<p>Les salari\u00e9s de l&rsquo;alimentation, des pharmacies, les forces de l&rsquo;ordre ou encore le personnel de sant\u00e9 ne sont \u00e9videmment pas concern\u00e9s par l&rsquo;injonction au t\u00e9l\u00e9travail. Leur activit\u00e9 est maintenue.<\/p>\n<h3>Que faire si votre employeur vous oblige \u00e0 vous rendre sur votre lieu de travail\u00a0?<\/h3>\n<p>Th\u00e9oriquement, si votre activit\u00e9 est autoris\u00e9e en temps de confinement, vous pouvez refuser de vous rendre sur votre lieu de travail si vous avez des enfants de moins de 16\u00a0ans \u00e0 charge (dans ce cas, vous pouvez b\u00e9n\u00e9ficier de 20\u00a0jours d&rsquo;arr\u00eat maladie), si vous estimez que les conditions de s\u00e9curit\u00e9 ne sont pas r\u00e9unies (absence de gel hydro-alcoolique, etc), ou encore si votre sant\u00e9 est fragilis\u00e9e. \u00ab\u00a0<em>Si un salari\u00e9 estime qu&rsquo;aller sur son lieu de travail comporte un danger r\u00e9el et imminent, il peut refuser de s&rsquo;y rendre. Attention toutefois \u00e0 ne pas abuser de ce droit de retrait qui est parfois trop rapidement mis en avant<\/em>\u00ab\u00a0, a\u00a0expliqu\u00e9 au <em>Parisien<\/em>\u00a0Virginie Lenglet, avocate sp\u00e9cialis\u00e9e en droit du travail.<\/p>\n<h3>Quid des ouvriers, plombiers et autres chantiers&#8230;\u00a0?<\/h3>\n<p>En ce qui concerne\u00a0certaines autres\u00a0professions \u00ab\u00a0<em>indispensables \u00e0 la vie de la nation<\/em>\u00a0\u00bb (ouvriers du b\u00e2timent, plombiers&#8230;), \u00ab\u00a0<em>il faut que chaque entreprise prenne ses responsabilit\u00e9s<\/em>\u00ab\u00a0, a pr\u00e9cis\u00e9 Christophe Castaner. Dans les cas susmentionn\u00e9s, l&rsquo;activit\u00e9 est maintenue tant que possible, mais fortement ralentie.\u00a0\u00a0<\/p>\n<p>\u00ab\u00a0<em>Est ce que les ouvriers du b\u00e2timent peuvent se rendre sur un chantier [mardi] apr\u00e8s-midi si les consignes sanitaires sont respect\u00e9es\u00a0? OUI. Est-ce que les ouvriers du b\u00e2timent peuvent travailler sur un chantier demain apr\u00e8s-midi si les consignes sanitaires sont respect\u00e9es? OUI. Faudra-t-il une autorisation de travail\u00a0? OUI, mais pas d\u00e8s demain. Si le chantier est ferm\u00e9 par le ma\u00eetre d&rsquo;ouvrage, pouvons nous demander sa r\u00e9ouverture? NON<\/em>\u00ab\u00a0, a par exemple inform\u00e9 la F\u00e9d\u00e9ration Fran\u00e7aise du B\u00e2timent, le 16\u00a0mars.<\/p>\n<div class=\"ccminsert\">\n<aside class=\"app_widget_fo app_widget_fo--gallery\">\n<ul>\n<li>\n                    <a href=\"https:\/\/cuisine.journaldesfemmes.fr\/gastronomie\/2624403-faites-vos-courses-sans-bouger-de-chez-vous-pendant-le-confinement\/\" class=\"jGTMWidgetGAEventClick\" data-gtmwidgetgaeventaction=\"clickWidgetGalleryList\" data-gtmwidgetgaeventlabel=\"Faites vos courses sans bouger de chez vous pendant le confinement\"><\/p>\n<figure><picture><source media=\"(max-width: 480px)\" srcset=\"https:\/\/img-3.journaldesfemmes.fr\/4kd9o_jRbn_CCS9119CbsrnQkcY=\/210x140\/smart\/27e0c1b70d97462a888efe06292f8056\/ccmcms-jdf\/14390315.jpg\"><img decoding=\"async\" src=\"https:\/\/img-3.journaldesfemmes.fr\/th5lBP7zIrdm9XZU1uWab2jhRVY=\/225x150\/smart\/27e0c1b70d97462a888efe06292f8056\/ccmcms-jdf\/14390315.jpg\" alt=\"\"\/><\/source><\/picture><figcaption>\n<h3>Faites vos courses sans bouger de chez vous pendant le confinement<\/h3>\n<\/figcaption><\/figure>\n<p><\/a>\n                <\/li>\n<li>\n                    <a href=\"https:\/\/www.journaldesfemmes.fr\/loisirs\/tv\/2625573-tv-et-confinement-cahine-gratuite-programme-tf1\/\" class=\"jGTMWidgetGAEventClick\" data-gtmwidgetgaeventaction=\"clickWidgetGalleryList\" data-gtmwidgetgaeventlabel=\"TV et confinement\u00a0: TF1\u00a0s'adapte, Arthur et Hanouna tentent le live chez eux\"><\/p>\n<figure><picture><source media=\"(max-width: 480px)\" srcset=\"https:\/\/img-3.journaldesfemmes.fr\/2rkkO_s07UaVCnDOBM2j0n-Pleg=\/210x140\/smart\/8df3cafbfb904fe1a6495e5dfc81122a\/ccmcms-jdf\/14410559.jpg\"><img decoding=\"async\" src=\"https:\/\/img-3.journaldesfemmes.fr\/ZeLFrYAqoGJX2dH8x2tkNhGnKVs=\/225x150\/smart\/8df3cafbfb904fe1a6495e5dfc81122a\/ccmcms-jdf\/14410559.jpg\" alt=\"\"\/><\/source><\/picture><figcaption>\n<h3>TV et confinement\u00a0: TF1\u00a0s&rsquo;adapte, Arthur et Hanouna tentent le live chez eux<\/h3>\n<\/figcaption><\/figure>\n<p><\/a>\n                <\/li>\n<li>\n                    <a href=\"https:\/\/cuisine.journaldesfemmes.fr\/gastronomie\/2626729-un-aliment-toutes-les-facons-de-le-cuisiner\/\" class=\"jGTMWidgetGAEventClick\" data-gtmwidgetgaeventaction=\"clickWidgetGalleryList\" data-gtmwidgetgaeventlabel=\"Un aliment, toutes les fa\u00e7ons de le cuisiner\"><\/p>\n<figure><picture><source media=\"(max-width: 480px)\" srcset=\"https:\/\/img-3.journaldesfemmes.fr\/_lyRPB5KHxYSrELTHL8LddoCcUc=\/210x140\/smart\/cefb6c937eb04ba48d47492437fd191b\/ccmcms-jdf\/14435648.jpg\"><img decoding=\"async\" src=\"https:\/\/img-3.journaldesfemmes.fr\/94ZrdvIU8DHM4At4AD8VP1NMsrU=\/225x150\/smart\/cefb6c937eb04ba48d47492437fd191b\/ccmcms-jdf\/14435648.jpg\" alt=\"\"\/><\/source><\/picture><figcaption>\n<h3>Un aliment, toutes les fa\u00e7ons de le cuisiner<\/h3>\n<\/figcaption><\/figure>\n<p><\/a>\n                <\/li>\n<li>\n                    <a href=\"https:\/\/www.journaldesfemmes.fr\/mode\/magazine\/2626945-le-masque-facial-tendance-mode\/\" class=\"jGTMWidgetGAEventClick\" data-gtmwidgetgaeventaction=\"clickWidgetGalleryList\" data-gtmwidgetgaeventlabel=\"Le masque, accessoire mode aux mille visages\"><\/p>\n<figure><picture><source media=\"(max-width: 480px)\" srcset=\"https:\/\/img-3.journaldesfemmes.fr\/NiCLB3VW6eLGnGSdfitncDTUhhY=\/210x140\/smart\/adb2060c3b98478b8febba2dd5e7475c\/ccmcms-jdf\/14436560.jpg\"><img decoding=\"async\" src=\"https:\/\/img-3.journaldesfemmes.fr\/Qpj8QYDGsHSRTWATZNxbdhHqDzY=\/225x150\/smart\/adb2060c3b98478b8febba2dd5e7475c\/ccmcms-jdf\/14436560.jpg\" alt=\"\"\/><\/source><\/picture><figcaption>\n<h3>Le masque, accessoire mode aux mille visages<\/h3>\n<\/figcaption><\/figure>\n<p><\/a>\n                <\/li>\n<li>\n                    <a href=\"https:\/\/cuisine.journaldesfemmes.fr\/gastronomie\/2626819-cuisine-speciale-confinement-recettes-et-astuces-quand-on-est-confine\/\" class=\"jGTMWidgetGAEventClick\" data-gtmwidgetgaeventaction=\"clickWidgetGalleryList\" data-gtmwidgetgaeventlabel=\"Cuisine sp\u00e9ciale confinement\u00a0: recettes et astuces quand on est confin\u00e9\"><\/p>\n<figure><picture><source media=\"(max-width: 480px)\" srcset=\"https:\/\/img-3.journaldesfemmes.fr\/k5CUftYxw6t6H7F0I8B7NfDF2Uk=\/210x140\/smart\/03ec374b836d4b37a405f73f75624df7\/ccmcms-jdf\/14415852.jpg\"><img decoding=\"async\" src=\"https:\/\/img-3.journaldesfemmes.fr\/Zpf04umpYs3b4_6n2bOlobcCfgs=\/225x150\/smart\/03ec374b836d4b37a405f73f75624df7\/ccmcms-jdf\/14415852.jpg\" alt=\"\"\/><\/source><\/picture><figcaption>\n<h3>Cuisine sp\u00e9ciale confinement\u00a0: recettes et astuces quand on est confin\u00e9<\/h3>\n<\/figcaption><\/figure>\n<p><\/a>\n                <\/li>\n<li>\n                    <a href=\"https:\/\/www.journaldesfemmes.fr\/loisirs\/tv\/2626189-opera-louvre-musees-expos-gratuit-en-ligne\/\" class=\"jGTMWidgetGAEventClick\" data-gtmwidgetgaeventaction=\"clickWidgetGalleryList\" data-gtmwidgetgaeventlabel=\"Op\u00e9ra de Paris, visite du Louvre, concerts\u00a0: la culture (gratuite) pendant le confinement, c'est bon pour le moral\u00a0!\"><\/p>\n<figure><picture><source media=\"(max-width: 480px)\" srcset=\"https:\/\/img-3.journaldesfemmes.fr\/Lm3WVahFGHacbcXbK0vQ6iIDgzU=\/210x140\/smart\/c903334f8c004770a7c80ca56130e083\/ccmcms-jdf\/14388761.jpg\"><img decoding=\"async\" src=\"https:\/\/img-3.journaldesfemmes.fr\/siakj3f2sI_sIAt-I7YnaDG-BzY=\/225x150\/smart\/c903334f8c004770a7c80ca56130e083\/ccmcms-jdf\/14388761.jpg\" alt=\"\"\/><\/source><\/picture><figcaption>\n<h3>Op\u00e9ra de Paris, visite du Louvre, concerts\u00a0: la culture (gratuite) pendant le confinement, c&rsquo;est bon pour le moral\u00a0!<\/h3>\n<\/figcaption><\/figure>\n<p><\/a>\n                <\/li>\n<li>\n                    <a href=\"https:\/\/cuisine.journaldesfemmes.fr\/gastronomie\/2626747-l-on-nomi-ou-comment-prendre-l-apero-avec-ses-amis-en-confinement\/\" class=\"jGTMWidgetGAEventClick\" data-gtmwidgetgaeventaction=\"clickWidgetGalleryList\" data-gtmwidgetgaeventlabel=\"L'on-nomi ou comment prendre l'ap\u00e9ro avec ses amis en confinement\"><\/p>\n<figure><picture><source media=\"(max-width: 480px)\" srcset=\"https:\/\/img-3.journaldesfemmes.fr\/GoOMHYyysmeKQkSlqJyTb1SmQhk=\/210x140\/smart\/4cb45260f31a498fa554f8fac91b6389\/ccmcms-jdf\/14414837.jpg\"><img decoding=\"async\" src=\"https:\/\/img-3.journaldesfemmes.fr\/mCe-6Dl0jBkccZx_PsLZ6BNgJUE=\/225x150\/smart\/4cb45260f31a498fa554f8fac91b6389\/ccmcms-jdf\/14414837.jpg\" alt=\"\"\/><\/source><\/picture><figcaption>\n<h3>L&rsquo;on-nomi ou comment prendre l&rsquo;ap\u00e9ro avec ses amis en confinement<\/h3>\n<\/figcaption><\/figure>\n<p><\/a>\n                <\/li>\n<li>\n                    <a href=\"https:\/\/www.journaldesfemmes.fr\/beaute\/magazine\/2626253-conseils-beaute-bien-etre-maison-confinement\/\" class=\"jGTMWidgetGAEventClick\" data-gtmwidgetgaeventaction=\"clickWidgetGalleryList\" data-gtmwidgetgaeventlabel=\"10\u00a0conseils beaut\u00e9 et bien-\u00eatre \u00e0 suivre pendant le confinement\"><\/p>\n<figure><picture><source media=\"(max-width: 480px)\" srcset=\"https:\/\/img-3.journaldesfemmes.fr\/zebKRuqx_9TL6qRD2JJ02vC2Lw0=\/210x140\/smart\/88ea460937b7474288a4ee546eaab466\/ccmcms-jdf\/14387193.jpg\"><img decoding=\"async\" src=\"https:\/\/img-3.journaldesfemmes.fr\/NZQYA0CJm3oP3nNbaRidS4BzqBc=\/225x150\/smart\/88ea460937b7474288a4ee546eaab466\/ccmcms-jdf\/14387193.jpg\" alt=\"\"\/><\/source><\/picture><figcaption>\n<h3>10\u00a0conseils beaut\u00e9 et bien-\u00eatre \u00e0 suivre pendant le confinement<\/h3>\n<\/figcaption><\/figure>\n<p><\/a>\n                <\/li>\n<li>\n                    <a href=\"https:\/\/www.journaldesfemmes.fr\/beaute\/minceur\/2626461-exercices-sport-a-la-maison\/\" class=\"jGTMWidgetGAEventClick\" data-gtmwidgetgaeventaction=\"clickWidgetGalleryList\" data-gtmwidgetgaeventlabel=\"8\u00a0cours en ligne pour faire du sport \u00e0 la maison\"><\/p>\n<figure><picture><source media=\"(max-width: 480px)\" srcset=\"https:\/\/img-3.journaldesfemmes.fr\/DnOuuDdD4ZkLYMi3ptGXYwIDkzI=\/210x140\/smart\/3acc4b76718e4f1ba9a64ee2b07078c8\/ccmcms-jdf\/14409733.jpg\"><img decoding=\"async\" src=\"https:\/\/img-3.journaldesfemmes.fr\/cbgIy4LEJSwADdwyT-SaXqEkXBw=\/225x150\/smart\/3acc4b76718e4f1ba9a64ee2b07078c8\/ccmcms-jdf\/14409733.jpg\" alt=\"\"\/><\/source><\/picture><figcaption>\n<h3>8\u00a0cours en ligne pour faire du sport \u00e0 la maison<\/h3>\n<\/figcaption><\/figure>\n<p><\/a>\n                <\/li>\n<li>\n                    <a href=\"https:\/\/www.journaldesfemmes.fr\/jardin\/deco-et-amenagement-du-jardin\/2626701-projets-s-occuper-de-ses-plantes-et-de-son-jardin-pendant-le-confinement\/\" class=\"jGTMWidgetGAEventClick\" data-gtmwidgetgaeventaction=\"clickWidgetGalleryList\" data-gtmwidgetgaeventlabel=\"10\u00a0projets pour s'occuper de ses plantes et de son jardin pendant le confinement\"><\/p>\n<figure><picture><source media=\"(max-width: 480px)\" srcset=\"https:\/\/img-3.journaldesfemmes.fr\/YK-yhKt3oKwKKukS6BMKK_07LgQ=\/210x140\/smart\/7d38726960ee491b9a9bfb32e674197e\/ccmcms-jdf\/14412820.jpg\"><img decoding=\"async\" src=\"https:\/\/img-3.journaldesfemmes.fr\/4XoHODOPMGvQMPBPe-bnb7Hr5aQ=\/225x150\/smart\/7d38726960ee491b9a9bfb32e674197e\/ccmcms-jdf\/14412820.jpg\" alt=\"\"\/><\/source><\/picture><figcaption>\n<h3>10\u00a0projets pour s&rsquo;occuper de ses plantes et de son jardin pendant le confinement<\/h3>\n<\/figcaption><\/figure>\n<p><\/a>\n                <\/li>\n<li>\n                    <a href=\"https:\/\/www.journaldesfemmes.fr\/mode\/conseils-mode\/2626719-livraison-delais-retours-acheter-sur-internet-en-confinement\/\" class=\"jGTMWidgetGAEventClick\" data-gtmwidgetgaeventaction=\"clickWidgetGalleryList\" data-gtmwidgetgaeventlabel=\"Livraison, d\u00e9lais, retours... acheter sur Internet en confinement\"><\/p>\n<figure><picture><source media=\"(max-width: 480px)\" srcset=\"https:\/\/img-3.journaldesfemmes.fr\/TdiPRWQdrxvxLsSnmjbFbqAou5Q=\/210x140\/smart\/5c33139a817d42dcaa2e81aab4b6e416\/ccmcms-jdf\/14413328.jpg\"><img decoding=\"async\" src=\"https:\/\/img-3.journaldesfemmes.fr\/skBuqQtOOacCSEy_jBxRlC_sEGo=\/225x150\/smart\/5c33139a817d42dcaa2e81aab4b6e416\/ccmcms-jdf\/14413328.jpg\" alt=\"\"\/><\/source><\/picture><figcaption>\n<h3>Livraison, d\u00e9lais, retours&#8230; acheter sur Internet en confinement<\/h3>\n<\/figcaption><\/figure>\n<p><\/a>\n                <\/li>\n<li>\n                    <a href=\"https:\/\/www.journaldesfemmes.fr\/beaute\/conseils-forme\/1023766-anti-grignotage-confinement-astuces\/\" class=\"jGTMWidgetGAEventClick\" data-gtmwidgetgaeventaction=\"clickWidgetGalleryList\" data-gtmwidgetgaeventlabel=\"10\u00a0astuces anti grignotage pour ne pas grossir pendant le confinement\"><\/p>\n<figure><picture><source media=\"(max-width: 480px)\" srcset=\"https:\/\/img-3.journaldesfemmes.fr\/isEiN1HxK2lBdXsBz58Lvb-jqX8=\/210x140\/smart\/dad9505d20d5499ca77d5976e2266e78\/ccmcms-jdf\/10843374.jpg\"><img decoding=\"async\" src=\"https:\/\/img-3.journaldesfemmes.fr\/D_ymMnb1w8VOLnf0GiF2tFAN93M=\/225x150\/smart\/dad9505d20d5499ca77d5976e2266e78\/ccmcms-jdf\/10843374.jpg\" alt=\"\"\/><\/source><\/picture><figcaption>\n<h3>10\u00a0astuces anti grignotage pour ne pas grossir pendant le confinement<\/h3>\n<\/figcaption><\/figure>\n<p><\/a>\n                <\/li>\n<li>\n                    <a href=\"https:\/\/www.journaldesfemmes.fr\/jardin\/jardinage\/2626471-peut-on-sortir-au-jardin-pendant-le-confinement\/\" class=\"jGTMWidgetGAEventClick\" data-gtmwidgetgaeventaction=\"clickWidgetGalleryList\" data-gtmwidgetgaeventlabel=\"Peut-on sortir au jardin durant le confinement\u00a0?\"><\/p>\n<figure><picture><source media=\"(max-width: 480px)\" srcset=\"https:\/\/img-3.journaldesfemmes.fr\/iTnG03KpWKu9aG5Teg8-Y7Ik4J0=\/210x140\/smart\/b43222e6c2574333abcf89b1093944c3\/ccmcms-jdf\/14410258.jpg\"><img decoding=\"async\" src=\"https:\/\/img-3.journaldesfemmes.fr\/O_pZsd7U6a30B-wPh0ch0ZvAu28=\/225x150\/smart\/b43222e6c2574333abcf89b1093944c3\/ccmcms-jdf\/14410258.jpg\" alt=\"\"\/><\/source><\/picture><figcaption>\n<h3>Peut-on sortir au jardin durant le confinement\u00a0?<\/h3>\n<\/figcaption><\/figure>\n<p><\/a>\n                <\/li>\n<li>\n                    <a href=\"https:\/\/deco.journaldesfemmes.fr\/tendance-deco\/2626377-conseils-pour-mieux-organiser-la-maison-pendant-le-confinement\/\" class=\"jGTMWidgetGAEventClick\" data-gtmwidgetgaeventaction=\"clickWidgetGalleryList\" data-gtmwidgetgaeventlabel=\"6\u00a0conseils pour mieux organiser la maison pendant le confinement\"><\/p>\n<figure><picture><source media=\"(max-width: 480px)\" srcset=\"https:\/\/img-3.journaldesfemmes.fr\/ms-LHXI1H9Y-fZ2JQstvwCQ7cco=\/210x140\/smart\/60538ba0a6434c31a843808c17110a55\/ccmcms-jdf\/14388686.jpg\"><img decoding=\"async\" src=\"https:\/\/img-3.journaldesfemmes.fr\/3tM372yyVjfAJFmldwPpY9oNzKk=\/225x150\/smart\/60538ba0a6434c31a843808c17110a55\/ccmcms-jdf\/14388686.jpg\" alt=\"\"\/><\/source><\/picture><figcaption>\n<h3>6\u00a0conseils pour mieux organiser la maison pendant le confinement<\/h3>\n<\/figcaption><\/figure>\n<p><\/a>\n                <\/li>\n<li>\n                    <a href=\"https:\/\/www.journaldesfemmes.fr\/mode\/magazine\/2626391-7-tendances-mode-a-tester-en-confinement\/\" class=\"jGTMWidgetGAEventClick\" data-gtmwidgetgaeventaction=\"clickWidgetGalleryList\" data-gtmwidgetgaeventlabel=\"7\u00a0tendances mode \u00e0 tester en confinement\"><\/p>\n<figure><picture><source media=\"(max-width: 480px)\" srcset=\"https:\/\/img-3.journaldesfemmes.fr\/EHi0QKMU3_u_MvHwQnii11OjinE=\/210x140\/smart\/d993670708ac44c09cb8ec146f241451\/ccmcms-jdf\/14391628.jpg\"><img decoding=\"async\" src=\"https:\/\/img-3.journaldesfemmes.fr\/yAXdOhFemAV0PiVyS7LQjC1dx9s=\/225x150\/smart\/d993670708ac44c09cb8ec146f241451\/ccmcms-jdf\/14391628.jpg\" alt=\"\"\/><\/source><\/picture><figcaption>\n<h3>7\u00a0tendances mode \u00e0 tester en confinement<\/h3>\n<\/figcaption><\/figure>\n<p><\/a>\n                <\/li>\n<li>\n                    <a href=\"https:\/\/deco.journaldesfemmes.fr\/tendance-deco\/2626165-que-faire-a-la-maison-pendant-le-confinement\/\" class=\"jGTMWidgetGAEventClick\" data-gtmwidgetgaeventaction=\"clickWidgetGalleryList\" data-gtmwidgetgaeventlabel=\"10\u00a0projets d\u00e9co et petits travaux \u00e0 faire pendant le confinement\"><\/p>\n<figure><picture><source media=\"(max-width: 480px)\" srcset=\"https:\/\/img-3.journaldesfemmes.fr\/rGqxmsYZwZGK7rxl-G9mPvFqLUo=\/210x140\/smart\/67e1b12d5edd4c0d8d64ee4bdbc1961e\/ccmcms-jdf\/14386085.jpg\"><img decoding=\"async\" src=\"https:\/\/img-3.journaldesfemmes.fr\/AFeUPZTE0l1JH4arkl38cLuQodc=\/225x150\/smart\/67e1b12d5edd4c0d8d64ee4bdbc1961e\/ccmcms-jdf\/14386085.jpg\" alt=\"\"\/><\/source><\/picture><figcaption>\n<h3>10\u00a0projets d\u00e9co et petits travaux \u00e0 faire pendant le confinement<\/h3>\n<\/figcaption><\/figure>\n<p><\/a>\n                <\/li>\n<li>\n                    <a href=\"https:\/\/deco.journaldesfemmes.fr\/guide-amenagement-et-travaux\/1871465-organiser-bureau-espace-travail-home-office\/\" class=\"jGTMWidgetGAEventClick\" data-gtmwidgetgaeventaction=\"clickWidgetGalleryList\" data-gtmwidgetgaeventlabel=\"Comment bien organiser son coin bureau \u00e0 la maison\u00a0?\"><\/p>\n<figure><picture><source media=\"(max-width: 480px)\" srcset=\"https:\/\/img-3.journaldesfemmes.fr\/LEjw7z8SJgC4u1kzph3UTJVXogs=\/210x140\/smart\/062556c4e69c43e6947ccedaaa3cf8ff\/ccmcms-jdf\/10750270.jpg\"><img decoding=\"async\" src=\"https:\/\/img-3.journaldesfemmes.fr\/uRDptnjlCzhdAo9okcc_JqMiFJc=\/225x150\/smart\/062556c4e69c43e6947ccedaaa3cf8ff\/ccmcms-jdf\/10750270.jpg\" alt=\"\"\/><\/source><\/picture><figcaption>\n<h3>Comment bien organiser son coin bureau \u00e0 la maison\u00a0?<\/h3>\n<\/figcaption><\/figure>\n<p><\/a>\n                <\/li>\n<li>\n                    <a href=\"https:\/\/deco.journaldesfemmes.fr\/tendance-deco\/2625957-zoom-sur-les-meilleures-emissions-deco-de-netflix-a-regarder-chez-vous\/\" class=\"jGTMWidgetGAEventClick\" data-gtmwidgetgaeventaction=\"clickWidgetGalleryList\" data-gtmwidgetgaeventlabel=\"Zoom sur les meilleures \u00e9missions d\u00e9co de Netflix \u00e0 regarder chez vous\"><\/p>\n<figure><picture><source media=\"(max-width: 480px)\" srcset=\"https:\/\/img-3.journaldesfemmes.fr\/IvWofLD37Krwpb4vQGnYvZurb5U=\/210x140\/smart\/0bb005647e994e8e8598a71cf9ec43d3\/ccmcms-jdf\/14372775.jpg\"><img decoding=\"async\" src=\"https:\/\/img-3.journaldesfemmes.fr\/19GDiWe9stp3YVniXt60uQ8TyHg=\/225x150\/smart\/0bb005647e994e8e8598a71cf9ec43d3\/ccmcms-jdf\/14372775.jpg\" alt=\"\"\/><\/source><\/picture><figcaption>\n<h3>Zoom sur les meilleures \u00e9missions d\u00e9co de Netflix \u00e0 regarder chez vous<\/h3>\n<\/figcaption><\/figure>\n<p><\/a>\n                <\/li>\n<li>\n                    <a href=\"https:\/\/deco.journaldesfemmes.fr\/tendance-deco\/2625909-gestes-et-astuces-pour-une-maison-bien-desinfectee\/\" class=\"jGTMWidgetGAEventClick\" data-gtmwidgetgaeventaction=\"clickWidgetGalleryList\" data-gtmwidgetgaeventlabel=\"17\u00a0gestes et astuces pour une maison bien d\u00e9sinfect\u00e9e\"><\/p>\n<figure><picture><source media=\"(max-width: 480px)\" srcset=\"https:\/\/img-3.journaldesfemmes.fr\/26GEAzCkQC4mOZpC11bXxMdaueE=\/210x140\/smart\/a5ded8e808b146e48a7fab42a3161d05\/ccmcms-jdf\/14369807.jpg\"><img decoding=\"async\" src=\"https:\/\/img-3.journaldesfemmes.fr\/mAcIuOHMnk-pSVFawl3pvxLYG4A=\/225x150\/smart\/a5ded8e808b146e48a7fab42a3161d05\/ccmcms-jdf\/14369807.jpg\" alt=\"\"\/><\/source><\/picture><figcaption>\n<h3>17\u00a0gestes et astuces pour une maison bien d\u00e9sinfect\u00e9e<\/h3>\n<\/figcaption><\/figure>\n<p><\/a>\n                <\/li>\n<li>\n                    <a href=\"https:\/\/www.journaldesfemmes.fr\/beaute\/conseils-forme\/2076072-10-exercices-pour-s-affiner-les-jambes\/\" class=\"jGTMWidgetGAEventClick\" data-gtmwidgetgaeventaction=\"clickWidgetGalleryList\" data-gtmwidgetgaeventlabel=\"Sport \u00e0 la maison\u00a0: 10\u00a0exercices pour s'affiner les jambes\"><\/p>\n<figure><picture><source media=\"(max-width: 480px)\" srcset=\"https:\/\/img-3.journaldesfemmes.fr\/wx0tAf9BQZvC0pyCMXoSM7MGi_M=\/210x140\/smart\/73bca4598b2d413cae90afea0c6a7775\/ccmcms-jdf\/11448379.jpg\"><img decoding=\"async\" src=\"https:\/\/img-3.journaldesfemmes.fr\/MHBNxdkZn_FLqXdfetznHsDhLBA=\/225x150\/smart\/73bca4598b2d413cae90afea0c6a7775\/ccmcms-jdf\/11448379.jpg\" alt=\"\"\/><\/source><\/picture><figcaption>\n<h3>Sport \u00e0 la maison\u00a0: 10\u00a0exercices pour s&rsquo;affiner les jambes<\/h3>\n<\/figcaption><\/figure>\n<p><\/a>\n                <\/li>\n<li>\n                    <a href=\"https:\/\/www.journaldesfemmes.fr\/loisirs\/sorties\/2621153-a-cause-du-coronavirus-ecoles-cinemas-commerces-restaurants-fermes-stade-3-enclenche\/\" class=\"jGTMWidgetGAEventClick\" data-gtmwidgetgaeventaction=\"clickWidgetGalleryList\" data-gtmwidgetgaeventlabel=\"A cause du coronavirus\u00a0: commerces, caf\u00e9s, restaurants ferm\u00e9s... le stade 3\u00a0de l'\u00e9pid\u00e9mie enclench\u00e9\"><\/p>\n<figure><picture><source media=\"(max-width: 480px)\" srcset=\"https:\/\/img-3.journaldesfemmes.fr\/6bmsg8Bk69w4crQAeODxFr0hRS8=\/210x140\/smart\/f9592ffff8e14f50a052e000bbc290a8\/ccmcms-jdf\/14343266.jpg\"><img decoding=\"async\" src=\"https:\/\/img-3.journaldesfemmes.fr\/BB9dgEri_KTfurHm-jYcZQQdslY=\/225x150\/smart\/f9592ffff8e14f50a052e000bbc290a8\/ccmcms-jdf\/14343266.jpg\" alt=\"\"\/><\/source><\/picture><figcaption>\n<h3>A cause du coronavirus\u00a0: commerces, caf\u00e9s, restaurants ferm\u00e9s&#8230; le stade 3\u00a0de l&rsquo;\u00e9pid\u00e9mie enclench\u00e9<\/h3>\n<\/figcaption><\/figure>\n<p><\/a>\n                <\/li>\n<li>\n                    <a href=\"https:\/\/www.journaldesfemmes.fr\/beaute\/conseils-forme\/2075090-exercices-ventre-plat-5-entrainements-maison\/\" class=\"jGTMWidgetGAEventClick\" data-gtmwidgetgaeventaction=\"clickWidgetGalleryList\" data-gtmwidgetgaeventlabel=\"5\u00a0entra\u00eenements maison pour un ventre plat\"><\/p>\n<figure><picture><source media=\"(max-width: 480px)\" srcset=\"https:\/\/img-3.journaldesfemmes.fr\/AYhKsglDzxRN1csx5PoKnIU0sAw=\/210x140\/smart\/74b4a9ed5c704d848179ff092ee0f46d\/ccmcms-jdf\/10831990.jpg\"><img decoding=\"async\" src=\"https:\/\/img-3.journaldesfemmes.fr\/5ExFGibTJ6fVkv9eRdAUUfr6RyU=\/225x150\/smart\/74b4a9ed5c704d848179ff092ee0f46d\/ccmcms-jdf\/10831990.jpg\" alt=\"\"\/><\/source><\/picture><figcaption>\n<h3>5\u00a0entra\u00eenements maison pour un ventre plat<\/h3>\n<\/figcaption><\/figure>\n<p><\/a>\n                <\/li>\n<\/ul>\n<\/aside>\n<\/div>\n<aside id=\"NL_268620217\" class=\"newsletter_subscription jNlBlock\"><noscript><br \/>\n            <\/noscript><\/p>\n<h3 class=\"newsletter_subscription-title\">Newsletter <\/h3>\n<p><a href=\"\/\/mailing.ccmbg.com\/archive\/last-85\" target=\"_blank\" class=\"a_hover\" rel=\"noopener noreferrer\">Voir un exemple<\/a><\/p>\n<\/aside>\n<p>Voir aussi nos derni\u00e8res informations sant\u00e9\u00a0en direct concernant l&rsquo;<strong><a href=\"https:\/\/sante.journaldesfemmes.fr\/maladies\/2605417-coronavirus-epidemie-france-evolution-courbe-cas-nombre-mort-direct\/\">\u00e9pid\u00e9mie de Coronavirus en France<\/a><\/strong><\/p>\n<\/p><\/div>\n<p><script async src=\"http:\/\/platform.twitter.com\/widgets.js\" charset=\"utf-8\"><\/script><br \/>\n<br \/>[ad_2]<br \/>\n<br \/><a href=\"https:\/\/www.journaldesfemmes.fr\/societe\/actu\/2626059-confinement-sorties-castaner-macron-prolongement-1300-amendes-et-4-gardes-a-vue-pour-les-imbeciles\/\">Source link <\/a><\/p>\n","protected":false},"excerpt":{"rendered":"<p>[ad_1] Nous sommes entr\u00e9s en confinement. D\u00e9placements, Courrier, T\u00e9l\u00e9, Voiture, Animaux, Sanctions&#8230; Nos habitudes sont boulevers\u00e9es. Comment se passe ce &hellip; <a href=\"http:\/\/www.affinite.fr\/index.php\/2020\/03\/20\/1300-amendes-et-4-gardes-a-vue-pour-les-imbeciles\/\" class=\"more-link\">Plus <span class=\"screen-reader-text\">1300\u00a0amendes et 4\u00a0gardes \u00e0 vue pour les \u00ab\u00a0imb\u00e9ciles\u00a0\u00bb<\/span> <span class=\"meta-nav\">&rarr;<\/span><\/a><\/p>\n","protected":false},"author":1,"featured_media":881,"comment_status":"open","ping_status":"open","sticky":false,"template":"","format":"standard","meta":{"_sitemap_exclude":false,"_sitemap_priority":"","_sitemap_frequency":"","footnotes":""},"categories":[1],"tags":[],"class_list":["post-880","post","type-post","status-publish","format-standard","has-post-thumbnail","hentry","category-tous"],"_links":{"self":[{"href":"http:\/\/www.affinite.fr\/index.php\/wp-json\/wp\/v2\/posts\/880"}],"collection":[{"href":"http:\/\/www.affinite.fr\/index.php\/wp-json\/wp\/v2\/posts"}],"about":[{"href":"http:\/\/www.affinite.fr\/index.php\/wp-json\/wp\/v2\/types\/post"}],"author":[{"embeddable":true,"href":"http:\/\/www.affinite.fr\/index.php\/wp-json\/wp\/v2\/users\/1"}],"replies":[{"embeddable":true,"href":"http:\/\/www.affinite.fr\/index.php\/wp-json\/wp\/v2\/comments?post=880"}],"version-history":[{"count":0,"href":"http:\/\/www.affinite.fr\/index.php\/wp-json\/wp\/v2\/posts\/880\/revisions"}],"wp:featuredmedia":[{"embeddable":true,"href":"http:\/\/www.affinite.fr\/index.php\/wp-json\/wp\/v2\/media\/881"}],"wp:attachment":[{"href":"http:\/\/www.affinite.fr\/index.php\/wp-json\/wp\/v2\/media?parent=880"}],"wp:term":[{"taxonomy":"category","embeddable":true,"href":"http:\/\/www.affinite.fr\/index.php\/wp-json\/wp\/v2\/categories?post=880"},{"taxonomy":"post_tag","embeddable":true,"href":"http:\/\/www.affinite.fr\/index.php\/wp-json\/wp\/v2\/tags?post=880"}],"curies":[{"name":"wp","href":"https:\/\/api.w.org\/{rel}","templated":true}]}}