{"id":8794,"date":"2023-01-24T18:57:49","date_gmt":"2023-01-24T18:57:49","guid":{"rendered":"https:\/\/www.affinite.fr\/index.php\/2023\/01\/24\/lansm-cree-un-comite-pour-evaluer-les-risques\/"},"modified":"2023-01-24T18:57:49","modified_gmt":"2023-01-24T18:57:49","slug":"lansm-cree-un-comite-pour-evaluer-les-risques","status":"publish","type":"post","link":"http:\/\/www.affinite.fr\/index.php\/2023\/01\/24\/lansm-cree-un-comite-pour-evaluer-les-risques\/","title":{"rendered":"l&rsquo;ANSM cr\u00e9e un comit\u00e9 pour \u00e9valuer les risques"},"content":{"rendered":"<p> [ad_1]<br \/>\n<br \/><img decoding=\"async\" src=\"https:\/\/img-3.journaldesfemmes.fr\/H7E3QuSP-g5oODR1YX9RInu8jcQ=\/1280x\/smart\/424744df40b04afab43bdb40b5ac02a1\/ccmcms-jdf\/39471474.jpg\" \/><\/p>\n<p>\n                Le risque de m\u00e9ningiome d\u00e9j\u00e0 associ\u00e9 \u00e0 la prise d&rsquo;Androcur, de Lut\u00e9ran ou de Lut\u00e9nyl \u00ab\u00a0ne peut pas \u00eatre exclu avec les autres progestatifs\u00a0\u00bb informe l&rsquo;ANSM qui annonce la cr\u00e9ation d&rsquo;un comit\u00e9 scientifique pour \u00e9valuer ce risque et envisager de nouvelles recommandations de prescription.            <\/p>\n<div>\n<aside class=\"ccmsummary marqueur_module ccmcss_cms_summary ccmcss_cms_summary--right\">\n<p>Sommaire<\/p>\n<\/aside>\n<p><strong>Colprone<\/strong>\u00ae,\u00a0<strong>Estima<\/strong>\u00ae,\u00a0<strong>Climodiene<\/strong>\u00ae&#8230; Utilis\u00e9s pour traiter <strong>l&rsquo;<a href=\"https:\/\/sante.journaldesfemmes.fr\/fiches-maladies\/2511119-endometriose-definition-symptomes-traitement-cause-diagnostic-c-est-quoi\/\" title=\"Endom\u00e9triose\">endom\u00e9triose<\/a><\/strong>, les <strong>fibromes<\/strong>, les <strong>r\u00e8gles <\/strong>longues et\/ou abondantes, les troubles du cycle ou encore\u00a0la <strong>m\u00e9nopause<\/strong>, les <strong>progestatifs <\/strong>sont dans le viseur des autorit\u00e9s sanitaires fran\u00e7aises qui veulent faire le point sur un possible <strong>risque de <a href=\"https:\/\/sante.journaldesfemmes.fr\/fiches-maladies\/2674667-meningiome-definition-symptomes-biopsie-operation-traitements\/\" title=\"M\u00e9ningiome\">m\u00e9ningiome<\/a> (tumeur des membranes (les m\u00e9ninges) qui entourent le cerveau<\/strong>). Un risque de m\u00e9ningiome est d\u00e9j\u00e0 associ\u00e9 \u00e0\u00a0l&rsquo;utilisation d&rsquo;ac\u00e9tate de nomegestrol<strong> <\/strong>(<strong>Lut\u00e9nyl<\/strong>\u00ae), d&rsquo;ac\u00e9tate de chlormadinone (<strong>Lut\u00e9ran<\/strong>\u00ae) et d&rsquo;ac\u00e9tate de cyprot\u00e9rone (<strong><a href=\"https:\/\/sante.journaldesfemmes.fr\/fiches-medicaments\/2124096-androcur-meningiome-ansm-femme-transgenre-acne-effet-secondaire\/\" title=\"Androcur\">Androcur<\/a><\/strong>\u00ae) ce qui a conduit l&rsquo;Agence du m\u00e9dicament (ANSM) \u00e0 \u00e9mettre plusieurs recommandations \u00e0 destination des patient(e)s concern\u00e9s en France, depuis 2019. Mais <strong>ce risque<em> \u00ab\u00a0ne peut pas \u00eatre exclu avec les autres progestatifs\u00a0\u00bb <\/em><\/strong>informe l&rsquo;<a href=\"https:\/\/ansm.sante.fr\/actualites\/risque-de-meningiome-et-progestatifs-lansm-reunit-un-nouveau-comite-dexperts-patients-et-professionnels-de-sante\" target=\"_blank\" rel=\"noopener\">ANSM<\/a> le 20 janvier. <em>\u00ab\u00a0Des<strong> signalements de m\u00e9ningiomes chez des personnes trait\u00e9es par progestatif seul ont \u00e9t\u00e9 rapport\u00e9s<\/strong>\u00ab\u00a0<\/em> annonce-t-elle.\u00a0Le 13 janvier, l&rsquo;ANSM a cr\u00e9\u00e9 un <a href=\"https:\/\/ansm.sante.fr\/actualites\/decision-dg-ndeg2023-03-du-13-janvier-2023-nomination-aupres-du-comite-scientifique-temporaire-progestatifs-et-risque-de-meningiome-a-lansm\" target=\"_blank\" rel=\"noopener\"><strong>comit\u00e9 scientifique temporaire (12 mois) <\/strong>\u00ab\u00a0Progestatifs et risque de m\u00e9ningiome\u00a0\u00bb<\/a><strong> compos\u00e9 de repr\u00e9sentants d&rsquo;associations de patients et de professionnels de sant\u00e9<\/strong> charg\u00e9 d&rsquo;\u00e9mettre <em>\u00ab\u00a0un avis sur les conditions d&rsquo;utilisation des <a href=\"https:\/\/sante.journaldesfemmes.fr\/fiches-sexo-gyneco\/2768739-progestatif-definition-effet-pilule-quand-le-prendre-naturel-synthese\/\" title=\"Progestatif\">progestatifs<\/a>\u00a0au regard du risque de m\u00e9ningiome, afin que les personnes pour lesquelles ces traitements sont justifi\u00e9s puissent <strong>continuer \u00e0 en b\u00e9n\u00e9ficier dans des conditions s\u00e9curis\u00e9es<\/strong>\u00ab\u00a0<\/em>.\u00a0<\/p>\n<h2 id=\"quels-sont-les-progestatifs-commercialises-en-france-\">Quels sont les progestatifs commercialis\u00e9s en France ?<\/h2>\n<table border=\"1\" cellpadding=\"1\" cellspacing=\"1\" style=\"width:100%;\">\n<thead>\n<tr>\n<th scope=\"col\" style=\"text-align: center;\">M\u00e9dicament<\/th>\n<th scope=\"col\" style=\"text-align: center;\">Progestatif pr\u00e9sent et son dosage<\/th>\n<\/tr>\n<\/thead>\n<tbody>\n<tr>\n<td>Climodiene, Misolfa, Oedien, Qlaira, Visanne et g\u00e9n\u00e9riques<\/td>\n<td>dienogest \u2013 2\u00a0mg<\/td>\n<\/tr>\n<tr>\n<td>Climaston et Duphaston<\/td>\n<td>dydrogesterone \u2013 10\u00a0mg<\/td>\n<\/tr>\n<tr>\n<td>Colprone<\/td>\n<td>m\u00e9drogestone \u2013 5\u00a0mg<\/td>\n<\/tr>\n<tr>\n<td>Estima 100\u00a0mg, Progestan 100\u00a0mg, Utrogestan 100\u00a0mg et g\u00e9n\u00e9riques<\/td>\n<td>progesterone \u2013 100\u00a0mg<\/td>\n<\/tr>\n<tr>\n<td>Estima 200\u00a0mg, Progestan 200\u00a0mg, Utrogestan 200\u00a0mg et g\u00e9n\u00e9riques<\/td>\n<td>progesterone \u2013 200\u00a0mg\u00a0<\/td>\n<\/tr>\n<\/tbody>\n<\/table>\n<h2 id=\"que-faire-si-on-est-sous-progestatif-\">Que faire si on est sous progestatif ?<\/h2>\n<p>Pour l&rsquo;instant, aucune recommandation n&rsquo;a \u00e9t\u00e9 \u00e9mise par l&rsquo;Agence du m\u00e9dicament en dehors des patients trait\u00e9s par Lut\u00e9ran\u00ae, Lut\u00e9nyl\u00ae et Androcur\u00ae. Il ne faut pas arr\u00eater son traitement sans avis m\u00e9dical. Les<strong>\u00a0recommandations qui d\u00e9couleront du Comit\u00e9 scientifique temporaire<\/strong>\u00a0<em>\u00ab\u00a0seront publi\u00e9es et diffus\u00e9es dans l&rsquo;attente des r\u00e9sultats de nouvelles \u00e9tudes \u00e9pid\u00e9miologiques qui permettront de d\u00e9montrer ou d&rsquo;infirmer le risque de m\u00e9ningiome\u00a0\u00bb<\/em> pr\u00e9cise l&rsquo;ANSM.<\/p>\n<p>Un m\u00e9ningiome est une tumeur des membranes qui entourent le cerveau\u00a0: <strong>les <a href=\"https:\/\/sante.journaldesfemmes.fr\/fiches-anatomie-et-examens\/2705455-meninges-cerveau-definition-schema-anatomie-role-composition-maladies-examens\/\" title=\"M\u00e9ninge\">m\u00e9ninges<\/a><\/strong>.\u00a0<strong>Dans l&rsquo;immense majorit\u00e9 des cas, ces tumeurs ne sont pas canc\u00e9reuses<\/strong> mais sont susceptibles d&rsquo;\u00eatre \u00e0 l&rsquo;origine de troubles graves et de n\u00e9cessiter alors une intervention chirurgicale lourde et \u00e0 risque. Les<strong>\u00a0<\/strong>sympt\u00f4mes \u00e9vocateurs d&rsquo;un m\u00e9ningiome c\u00e9r\u00e9bral sont\u00a0: <strong>maux de t\u00eate fr\u00e9quents, troubles de la vision, du langage ou de l&rsquo;audition, vertiges, troubles de la m\u00e9moire\u2026 En cas de doute,<\/strong>\u00a0consultez\u00a0votre m\u00e9decin pour lui parler de vos\u00a0sympt\u00f4mes.<\/p>\n<p>Source :\u00a0Risque de m\u00e9ningiome et progestatifs\u00a0: l&rsquo;ANSM r\u00e9unit un nouveau comit\u00e9 d&rsquo;experts patients et professionnels de sant\u00e9, ANSM, 20 janvier 2023.<\/p>\n<\/p><\/div>\n<p>[ad_2]<br \/>\n<br \/><a href=\"https:\/\/sante.journaldesfemmes.fr\/traitements-et-medicaments\/2884105-progestatif-meningiome-ansm\/\">Source link <\/a><\/p>\n","protected":false},"excerpt":{"rendered":"<p>[ad_1] Le risque de m\u00e9ningiome d\u00e9j\u00e0 associ\u00e9 \u00e0 la prise d&rsquo;Androcur, de Lut\u00e9ran ou de Lut\u00e9nyl \u00ab\u00a0ne peut pas \u00eatre &hellip; <a href=\"http:\/\/www.affinite.fr\/index.php\/2023\/01\/24\/lansm-cree-un-comite-pour-evaluer-les-risques\/\" class=\"more-link\">Plus <span class=\"screen-reader-text\">l&rsquo;ANSM cr\u00e9e un comit\u00e9 pour \u00e9valuer les risques<\/span> <span class=\"meta-nav\">&rarr;<\/span><\/a><\/p>\n","protected":false},"author":1,"featured_media":8795,"comment_status":"","ping_status":"open","sticky":false,"template":"","format":"standard","meta":{"_sitemap_exclude":false,"_sitemap_priority":"","_sitemap_frequency":"","footnotes":""},"categories":[1],"tags":[],"class_list":["post-8794","post","type-post","status-publish","format-standard","has-post-thumbnail","hentry","category-tous"],"_links":{"self":[{"href":"http:\/\/www.affinite.fr\/index.php\/wp-json\/wp\/v2\/posts\/8794"}],"collection":[{"href":"http:\/\/www.affinite.fr\/index.php\/wp-json\/wp\/v2\/posts"}],"about":[{"href":"http:\/\/www.affinite.fr\/index.php\/wp-json\/wp\/v2\/types\/post"}],"author":[{"embeddable":true,"href":"http:\/\/www.affinite.fr\/index.php\/wp-json\/wp\/v2\/users\/1"}],"replies":[{"embeddable":true,"href":"http:\/\/www.affinite.fr\/index.php\/wp-json\/wp\/v2\/comments?post=8794"}],"version-history":[{"count":0,"href":"http:\/\/www.affinite.fr\/index.php\/wp-json\/wp\/v2\/posts\/8794\/revisions"}],"wp:featuredmedia":[{"embeddable":true,"href":"http:\/\/www.affinite.fr\/index.php\/wp-json\/wp\/v2\/media\/8795"}],"wp:attachment":[{"href":"http:\/\/www.affinite.fr\/index.php\/wp-json\/wp\/v2\/media?parent=8794"}],"wp:term":[{"taxonomy":"category","embeddable":true,"href":"http:\/\/www.affinite.fr\/index.php\/wp-json\/wp\/v2\/categories?post=8794"},{"taxonomy":"post_tag","embeddable":true,"href":"http:\/\/www.affinite.fr\/index.php\/wp-json\/wp\/v2\/tags?post=8794"}],"curies":[{"name":"wp","href":"https:\/\/api.w.org\/{rel}","templated":true}]}}