{"id":8787,"date":"2023-01-21T18:55:46","date_gmt":"2023-01-21T18:55:46","guid":{"rendered":"https:\/\/www.affinite.fr\/index.php\/2023\/01\/21\/la-france-nest-pas-passee-loin-de-la-victoire\/"},"modified":"2023-01-21T18:55:46","modified_gmt":"2023-01-21T18:55:46","slug":"la-france-nest-pas-passee-loin-de-la-victoire","status":"publish","type":"post","link":"http:\/\/www.affinite.fr\/index.php\/2023\/01\/21\/la-france-nest-pas-passee-loin-de-la-victoire\/","title":{"rendered":"la France n&rsquo;est pas pass\u00e9e loin de la victoire"},"content":{"rendered":"<p> [ad_1]<br \/>\n<br \/><img decoding=\"async\" src=\"https:\/\/img-3.journaldesfemmes.fr\/itpjoRf2NF7c8KiXKNxI7wJ52TY=\/1280x\/smart\/986cd64c07684318a000be4bc5b7488f\/ccmcms-jdf\/39469509.jpg\" \/><\/p>\n<p>\n                La Coupe du Monde de la P\u00e2tisserie vient de se cl\u00f4turer en marge du Sirha \u00e0 Lyon. Quel pays a remport\u00e9 la coupe\u00a0? En quelle position est arriv\u00e9e la France\u00a0? R\u00e9ponses.            <\/p>\n<div>\n<p>La France est pass\u00e9e \u00e0 \u00ab\u00a0\u00e7a\u00a0\u00bb de la victoire&#8230; Ce samedi 21 janvier, le<strong> Japon<\/strong> repr\u00e9sent\u00e9 par Moe Takahashi, Naritoshi Suzuka et Yusaku Shibata, <strong>a remport\u00e9 la Coupe du Monde de la <a href=\"https:\/\/cuisine.journaldesfemmes.fr\/astuces-termes-et-tournemains\/2847878-astuces-patisserie-desserts\/\" title=\"P\u00e2tisseries\">P\u00e2tisserie<\/a>,<\/strong> en marge du Sirha Lyon 2023. <strong>L&rsquo;\u00e9quipe de France, compos\u00e9e de Georges Kousanas (<a href=\"http:\/\/www.affinite.fr\/index.php\/2025\/02\/27\/le-chocolat-et-le-materiel-indispensable-pour-reussir-vos-creations-gourmandes\/\">chocolat<\/a>), J\u00e9r\u00e9my Massing (sucre) et Jana Lai (glace) d\u00e9croche la m\u00e9daille d&rsquo;argent,<\/strong> tandis que l&rsquo;Italie termine 3e de la comp\u00e9tition. Aussi, le Canada s&rsquo;est vu remettre le prix \u00e9co-responsabilit\u00e9.<\/p>\n<p>Ces r\u00e9sultats cl\u00f4turent deux jours de comp\u00e9tition acharn\u00e9e.\u00a0Pendant 10h, les 17 \u00e9quipes en lice ont d\u00fb r\u00e9aliser <strong>42 desserts de d\u00e9gustation et 3 pi\u00e8ces artistiques autour du th\u00e8me du changement climatique.<\/strong> Le Japon a convaincu le jury, pr\u00e9sid\u00e9 par <a href=\"https:\/\/cuisine.journaldesfemmes.fr\/chefs-et-gastronomie\/2393197-pierre-herme-est-l-invite-de-la-finale-du-meilleur-patissier\/\" title=\"Pierre Herm\u00e9\">Pierre Herm\u00e9<\/a> et C\u00e9dric Grolet, a \u00e9t\u00e9 particuli\u00e8rement s\u00e9duit par le dessert \u00e0 partager du Japon autour de la th\u00e9matique du vent et de la l\u00e9g\u00e8ret\u00e9. \u00ab\u00a0<em>Le niveau de la comp\u00e9tition s&rsquo;\u00e9l\u00e8ve d&rsquo;\u00e9dition en \u00e9dition, en atteste les r\u00e9sultats si serr\u00e9s,\u00a0<\/em>commente Pierre Herm\u00e9, Pr\u00e9sident de la Coupe du Monde de la P\u00e2tisserie<em>. C&rsquo;est avec une grande \u00e9motion que nous d\u00e9cernons ce premier prix au Japon, un pays coutumier du podium, qui retrouve la premi\u00e8re marche du podium 16\u00a0ans apr\u00e8s<\/em>.\u00a0\u00bb \u00ab\u00a0<em>J&rsquo;ai trouv\u00e9 les candidats passionn\u00e9s, ce qui est tr\u00e8s satisfaisant en tant que p\u00e2tissier,\u00a0<\/em>compl\u00e8te <a href=\"https:\/\/cuisine.journaldesfemmes.fr\/chefs-et-gastronomie\/2443277-cedric-grolet-a-ouvert-sa-patisserie-a-londres\/\" title=\"C\u00e9dric Grolet\">C\u00e9dric Grolet<\/a>, Pr\u00e9sident d&rsquo;Honneur du concours<em>. J&rsquo;aimerais remercier toutes les personnes qui sont venues travailler ici pour m&rsquo;avoir fait red\u00e9couvrir ce si beau m\u00e9tier qui \u00e9volue tous les jours en termes de d\u00e9gustations physiques et techniques.<\/em>\u00ab\u00a0<\/p>\n<h2>Quelles \u00e9taient\u00a0les \u00e9preuves de la Coupe du Monde de la P\u00e2tisserie ?<\/h2>\n<p>Cette ann\u00e9e, les \u00e9quipes en lice s&rsquo;affrontaient sur le th\u00e8me du <strong>changement climatique<\/strong>. Chaque \u00e9quipe avait<strong>\u00a010 heures pour r\u00e9aliser 42 desserts de d\u00e9gustation et 3 pi\u00e8ces artistiques <\/strong>avant de les pr\u00e9senter au jury. Voici toutes les r\u00e9alisations produites :\u00a0<\/p>\n<ul>\n<li>3\u00a0g\u00e2teaux entiers \u00e0 partager aux chocolats \u00ab\u00a0Pure Origine\u00a0\u00bb Valrhona + 1\u00a0factice<\/li>\n<li>3\u00a0entremets glac\u00e9s avec pur\u00e9es de <a href=\"http:\/\/www.affinite.fr\/index.php\/2023\/07\/29\/valoriser-ses-invendus-une-demarche-ecologique-et-rentable-pour-les-marchands-de-fruits\/\">fruits<\/a> Capfruit + 1\u00a0factice \u00a0<\/li>\n<li>26\u00a0sucettes glac\u00e9es (nouvelle \u00e9preuve introduite en 2022) + 10\u00a0factices, dont l&rsquo;unique contrainte est de respecter la dimension \u00a0\u00bb finger food \u00a0\u00bb pour \u00eatre d\u00e9gust\u00e9es en une seule bouch\u00e9e<\/li>\n<li>10\u00a0desserts de restaurant (nouvelle \u00e9preuve introduite pour la Finale 2021) comprenant des produits laitiers Debic \u00a0<\/li>\n<li>1\u00a0pi\u00e8ce artistique en chocolat, 165\u00a0cm socle compris<\/li>\n<li>1\u00a0pi\u00e8ce artistique en sucre, 165\u00a0cm socle compris<\/li>\n<li>1\u00a0pi\u00e8ce artistique en glace hydrique sculpt\u00e9e, 50\u00a0cm socle compris<\/li>\n<\/ul>\n<h2>Quelles \u00e9taient les \u00e9quipes en lice ?<\/h2>\n<p>Cette ann\u00e9e, <strong>18 \u00e9quipes \u00e9taient en lice pour la Coupe du Monde de la P\u00e2tisserie<\/strong>. Chacune \u00e9tait\u00a0compos\u00e9e d&rsquo;un chocolatier, d&rsquo;un expert du sucre et d&rsquo;un ma\u00eetre glacier. <strong>L&rsquo;\u00e9quipe de France<\/strong>\u00a0\u00e9tait compos\u00e9e du chocolatier <strong>Georges Kousanas<\/strong>, du sp\u00e9cialiste du sucre <strong>J\u00e9r\u00e9my Massing<\/strong> et de <strong>Jana Lai<\/strong>, ma\u00eetre glacier. Voici la liste compl\u00e8te des\u00a0pays en lice :\u00a0<\/p>\n<ul>\n<li>Argentine<\/li>\n<li>Canada<\/li>\n<li>Chili<\/li>\n<li>Colombie<\/li>\n<li>Cor\u00e9e du Sud<\/li>\n<li>Egypte<\/li>\n<li>France<\/li>\n<li>Ghana<\/li>\n<li>\u00cele Maurice<\/li>\n<li>Italie<\/li>\n<li>Japon<\/li>\n<li>Malaisie<\/li>\n<li>Maroc<\/li>\n<li>Philippines<\/li>\n<li>Royaume-Uni<\/li>\n<li>Taipei chinois<\/li>\n<li>Tunisie<\/li>\n<li>USA<\/li>\n<\/ul>\n<h2>Qui \u00e9taient\u00a0les membres du jury ?<\/h2>\n<p>Le premier <strong>Jury Dessert de Restaurant<\/strong>, compos\u00e9 de 7 chefs cuisiniers et p\u00e2tissiers, fran\u00e7ais et internationaux, \u00e9tait charg\u00e9 d&rsquo;\u00e9valuer l&rsquo;\u00e9preuve Dessert de Restaurant :<\/p>\n<ul>\n<li>Albert Adria &#8211; Enigma* (Barcelone)<\/li>\n<li>Aur\u00e9lie Collomb-Clerc &#8211; Flocon de Sel*** (Meg\u00e8ve)<\/li>\n<li>Sofia Cortina &#8211; La Vitrine (M\u00e9xico)<\/li>\n<li>Nicolas Lambert &#8211; Four Seasons (Duba\u00ef)<\/li>\n<li>Tom Meyer &#8211; Granite* (Paris), ancien candidat du Bocuse d&rsquo;Or France<\/li>\n<li><a href=\"https:\/\/cuisine.journaldesfemmes.fr\/chefs-et-gastronomie\/2781853-sebastien-vauxion-chef-patissier-de-l-annee-selon-le-gault-millau\/\" title=\"S\u00e9bastien Vauxion\">S\u00e9bastien Vauxion<\/a> &#8211; SarKara** (Courchevel)<\/li>\n<li>Mauro Colagreco &#8211; Le Mirazur*** (Menton)<\/li>\n<\/ul>\n<p><strong>Le jury d\u00e9gustation<\/strong>, charg\u00e9 d&rsquo;\u00e9valuer le reste des r\u00e9alisations, devait noter\u00a0la pr\u00e9sentation, le go\u00fbt, les techniques de travail, les comp\u00e9tences, le respect des produits et l&rsquo;originalit\u00e9 des recettes.<\/p>\n<ul>\n<li>Argentine\u00a0: N\u00e9stor Reggiani &#8211; La Nueva Muguet (Buenos Aires)<\/li>\n<li>Canada\u00a0: Daniel Hinojosa Garc\u00eda &#8211; Institut de Tourisme et d&rsquo;H\u00f4tellerie du Qu\u00e9bec (Montr\u00e9al)<\/li>\n<li>Chili\u00a0: Alban Barta &#8211; Las Condes (Santiago)<\/li>\n<li>Colombie\u00a0: Paula Reyes &#8211; Ambrosia Chocolate + Arte (Bogot\u00e1)<\/li>\n<li>Cor\u00e9e du Sud\u00a0: Min Ho Kang &#8211; Bread Panda (Incheon)<\/li>\n<li>Egypte\u00a0: Sedhom Reyad Aly &#8211; Royal Maxim Palace Kempinski***** (Le Caire)<\/li>\n<li>\u00c9tats-Unis\u00a0: Andy Chlebana &#8211; Joliet Junior College (Joliet)<\/li>\n<li>France\u00a0: Yann Brys &#8211; Tourbillon (Paris)<\/li>\n<li>Ghana\u00a0: M\u00e9lissa Darko &#8211; Bake Depot (Accra)<\/li>\n<li>Italie\u00a0: Emmanuele Forcone &#8211; Forcone Consulting (Milan)<\/li>\n<li>\u00cele Maurice\u00a0: Sandy Scioli &#8211; Long Beach Resort***** (Poste de Flacq)<\/li>\n<li>Japon\u00a0: Takahiro Komai &#8211; Henri Charpentier (Tokyo)<\/li>\n<li>Koweit\u00a0: Sadiqa Esmaeil &#8211; Dar Hamad Restaurant (Salmiya)<\/li>\n<li>Malaisie\u00a0: Kean-Chuan Yap &#8211; Academy of Pastry and Culinary Arts (Petaling Jaya)<\/li>\n<li>Maroc\u00a0: Kamal Rahal Essoulami &#8211; Rahal Group (Casablanca)<\/li>\n<li>Philippines\u00a0: Buddy Trinidad &#8211; Pastry Alliance of the Philippines (Manille)<\/li>\n<li>Royaume-Uni\u00a0: Denis Dram\u00e9 &#8211; TheTasteLab by Classic Fine Foods (Londres)<\/li>\n<li>Singapour\u00a0: Desmond Lee &#8211; InterContinental Singapore***** (Singapour)<\/li>\n<li>Taipei chinois\u00a0: Kuo-Yi Lee &#8211; West Pastry (Taipei)<\/li>\n<li>Tunisie\u00a0: Mahrez Bouali &#8211; Maison Augustin (Paris)<\/li>\n<\/ul>\n<p>Cette belle Coupe du Monde de la P\u00e2tisserie se conclut par la victoire de l&rsquo;\u00e9quipe du Japon. La France arrive 2e et l&rsquo;Italie 3e.<\/p>\n<\/p><\/div>\n<p>[ad_2]<br \/>\n<br \/><a href=\"https:\/\/cuisine.journaldesfemmes.fr\/chefs-et-gastronomie\/2879309-coupe-du-monde-de-la-patisserie-la-france-n-est-pas-passee-loin-de-la-victoire\/\">Source link <\/a><\/p>\n","protected":false},"excerpt":{"rendered":"<p>[ad_1] La Coupe du Monde de la P\u00e2tisserie vient de se cl\u00f4turer en marge du Sirha \u00e0 Lyon. Quel pays &hellip; <a href=\"http:\/\/www.affinite.fr\/index.php\/2023\/01\/21\/la-france-nest-pas-passee-loin-de-la-victoire\/\" class=\"more-link\">Plus <span class=\"screen-reader-text\">la France n&rsquo;est pas pass\u00e9e loin de la victoire<\/span> <span class=\"meta-nav\">&rarr;<\/span><\/a><\/p>\n","protected":false},"author":1,"featured_media":8788,"comment_status":"","ping_status":"open","sticky":false,"template":"","format":"standard","meta":{"_sitemap_exclude":false,"_sitemap_priority":"","_sitemap_frequency":"","footnotes":""},"categories":[1],"tags":[],"class_list":["post-8787","post","type-post","status-publish","format-standard","has-post-thumbnail","hentry","category-tous"],"_links":{"self":[{"href":"http:\/\/www.affinite.fr\/index.php\/wp-json\/wp\/v2\/posts\/8787"}],"collection":[{"href":"http:\/\/www.affinite.fr\/index.php\/wp-json\/wp\/v2\/posts"}],"about":[{"href":"http:\/\/www.affinite.fr\/index.php\/wp-json\/wp\/v2\/types\/post"}],"author":[{"embeddable":true,"href":"http:\/\/www.affinite.fr\/index.php\/wp-json\/wp\/v2\/users\/1"}],"replies":[{"embeddable":true,"href":"http:\/\/www.affinite.fr\/index.php\/wp-json\/wp\/v2\/comments?post=8787"}],"version-history":[{"count":0,"href":"http:\/\/www.affinite.fr\/index.php\/wp-json\/wp\/v2\/posts\/8787\/revisions"}],"wp:featuredmedia":[{"embeddable":true,"href":"http:\/\/www.affinite.fr\/index.php\/wp-json\/wp\/v2\/media\/8788"}],"wp:attachment":[{"href":"http:\/\/www.affinite.fr\/index.php\/wp-json\/wp\/v2\/media?parent=8787"}],"wp:term":[{"taxonomy":"category","embeddable":true,"href":"http:\/\/www.affinite.fr\/index.php\/wp-json\/wp\/v2\/categories?post=8787"},{"taxonomy":"post_tag","embeddable":true,"href":"http:\/\/www.affinite.fr\/index.php\/wp-json\/wp\/v2\/tags?post=8787"}],"curies":[{"name":"wp","href":"https:\/\/api.w.org\/{rel}","templated":true}]}}