{"id":8758,"date":"2023-01-11T18:29:40","date_gmt":"2023-01-11T18:29:40","guid":{"rendered":"https:\/\/www.affinite.fr\/index.php\/2023\/01\/11\/quelle-retraite-pour-les-personnes-handicapees\/"},"modified":"2023-01-11T18:29:40","modified_gmt":"2023-01-11T18:29:40","slug":"quelle-retraite-pour-les-personnes-handicapees","status":"publish","type":"post","link":"http:\/\/www.affinite.fr\/index.php\/2023\/01\/11\/quelle-retraite-pour-les-personnes-handicapees\/","title":{"rendered":"Quelle retraite pour les personnes handicap\u00e9es\u00a0?"},"content":{"rendered":"<p> [ad_1]<br \/>\n<br \/><img decoding=\"async\" src=\"https:\/\/img-3.journaldesfemmes.fr\/gwQyByNBF8YOOLgr0yupv5SVCpE=\/1280x\/smart\/e65e23602c144a23ad151a8fa6bd5ad6\/ccmcms-jdf\/39461808.jpg\" \/><\/p>\n<p>\n                Elisabeth Borne a annonc\u00e9 les nouvelles mesures de la r\u00e9forme des retraites, et avec, la situation des salari\u00e9s handicap\u00e9s. Que change la r\u00e9forme pour les travailleurs en situation de handicap\u00a0?            <\/p>\n<div>\n<p>Le mardi 10 janvier 2023, Elisabeth Borne a pr\u00e9sent\u00e9 les nouvelles mesures de la r\u00e9forme des retraites.\u00a0\u00ab\u00a0<em>L&rsquo;\u00e2ge l\u00e9gal de la <a href=\"http:\/\/www.affinite.fr\/index.php\/2023\/07\/29\/changer-de-vie-voyager-complement-de-retraite-devenez-vendeur-de-glace-a-litalienne\/\">retraite<\/a> sera relev\u00e9 progressivement pour <strong>atteindre 64\u00a0ans en 2030. <\/strong>Nous n&rsquo;irons pas plus loin que les 43\u00a0ans de cotisations. <strong>Notre syst\u00e8me sera alors \u00e0 l&rsquo;\u00e9quilibre<\/strong><\/em>\u00a0\u00bb a indiqu\u00e9 la Premi\u00e8re ministre. Et pour les personnes en situation de handicap, quels sont les changements ?\u00a0\u00ab\u00a0<em>Un syst\u00e8me juste c&rsquo;est \u00e9galement <strong>prendre en compte les situations de chacun et en particulier les plus fragiles<\/strong>. Un d\u00e9part \u00e0 <strong>62\u00a0ans \u00e0 taux plein sera maintenu\u00a0pour les personnes en invalidit\u00e9, incapacit\u00e9 ou inaptitude<\/strong><\/em>\u00a0\u00bb a d\u00e9fendu Elisabeth Borne.\u00a0Les travailleurs <a href=\"https:\/\/sante.journaldesfemmes.fr\/fiches-sante-du-quotidien\/2722691-handicap-definition-cognitif-mental-moteur-invisible-chiffres-date-france-action-ecole-emploi\/\" title=\"Handicap\">handicap\u00e9s<\/a> pourront partir en retraite anticip\u00e9e \u00e0 compter de 55\u00a0ans, comme c&rsquo;est d\u00e9j\u00e0 le cas. Environ 100\u00a0000\u00a0personnes par an sont concern\u00e9es en France. \u00ab\u00a0<em>Par ailleurs les ann\u00e9es pass\u00e9es comme <strong>aidants aupr\u00e8s d&rsquo;un parent \u00e2g\u00e9 ou d&rsquo;un enfant en situation de handicap seront d\u00e9sormais comptabilis\u00e9es<\/strong><\/em>\u00a0\u00bb a ajout\u00e9 la Premi\u00e8re ministre.\u00a0Ce projet de loi sera pr\u00e9sent\u00e9 en Conseil des ministres le 23\u00a0janvier 2023\u00a0puis discut\u00e9 au Parlement au 1er trimestre 2023, avec une entr\u00e9e en vigueur pr\u00e9vue le 1er septembre 2023.<\/p>\n<p>Actuellement, si vous avez travaill\u00e9 en \u00e9tant handicap\u00e9, <strong>vous pouvez partir en retraite anticip\u00e9e avant 62\u00a0ans, au plus t\u00f4t \u00e0 partir de 55\u00a0ans<\/strong>, si vous remplissez certaines conditions. Le salari\u00e9 doit \u00eatre atteint d&rsquo;un <strong>taux d&rsquo;incapacit\u00e9 permanente \u00e0 hauteur minimum de 50%<\/strong> et poss\u00e9der un document <strong>attestant la qualit\u00e9 de travailleur handicap\u00e9 (RQTH)<\/strong>, pour les p\u00e9riodes ant\u00e9rieures \u00e0 2016. A noter que cette qualit\u00e9 n&rsquo;est pas viable pour les p\u00e9riodes post\u00e9rieures au 31\u00a0d\u00e9cembre 2015 indique le site du <a href=\"https:\/\/www.service-public.fr\/particuliers\/vosdroits\/F16337#:~:text=Si%20vous%20avez%20travaill%C3%A9%20en,de%20dur%C3%A9e%20d'assurance%20retraite.\" target=\"_blank\" rel=\"noopener\">Service-Public<\/a>. De plus, selon la situation de la personne concern\u00e9e, il est \u00e9galement possible de <strong>demander une \u00ab\u00a0retraite anticip\u00e9e\u00a0\u00bb en s&rsquo;adressant \u00e0 sa\u00a0caisse\u00a0d&rsquo;assurance retraite et de la sant\u00e9 au travail (Carsat)<\/strong> pour l&rsquo;obtention d&rsquo;une attestation.<\/p>\n<p>Source :\u00a0Retraite anticip\u00e9e pour handicap du salari\u00e9, 4 mars 2022, Service-Public<\/p>\n<\/p><\/div>\n<p>[ad_2]<br \/>\n<br \/><a href=\"https:\/\/sante.journaldesfemmes.fr\/quotidien\/2879715-retraite-et-handicap-que-change-la-reforme-2023\/\">Source link <\/a><\/p>\n","protected":false},"excerpt":{"rendered":"<p>[ad_1] Elisabeth Borne a annonc\u00e9 les nouvelles mesures de la r\u00e9forme des retraites, et avec, la situation des salari\u00e9s handicap\u00e9s. &hellip; <a href=\"http:\/\/www.affinite.fr\/index.php\/2023\/01\/11\/quelle-retraite-pour-les-personnes-handicapees\/\" class=\"more-link\">Plus <span class=\"screen-reader-text\">Quelle retraite pour les personnes handicap\u00e9es\u00a0?<\/span> <span class=\"meta-nav\">&rarr;<\/span><\/a><\/p>\n","protected":false},"author":1,"featured_media":8759,"comment_status":"","ping_status":"open","sticky":false,"template":"","format":"standard","meta":{"_sitemap_exclude":false,"_sitemap_priority":"","_sitemap_frequency":"","footnotes":""},"categories":[1],"tags":[],"class_list":["post-8758","post","type-post","status-publish","format-standard","has-post-thumbnail","hentry","category-tous"],"_links":{"self":[{"href":"http:\/\/www.affinite.fr\/index.php\/wp-json\/wp\/v2\/posts\/8758"}],"collection":[{"href":"http:\/\/www.affinite.fr\/index.php\/wp-json\/wp\/v2\/posts"}],"about":[{"href":"http:\/\/www.affinite.fr\/index.php\/wp-json\/wp\/v2\/types\/post"}],"author":[{"embeddable":true,"href":"http:\/\/www.affinite.fr\/index.php\/wp-json\/wp\/v2\/users\/1"}],"replies":[{"embeddable":true,"href":"http:\/\/www.affinite.fr\/index.php\/wp-json\/wp\/v2\/comments?post=8758"}],"version-history":[{"count":0,"href":"http:\/\/www.affinite.fr\/index.php\/wp-json\/wp\/v2\/posts\/8758\/revisions"}],"wp:featuredmedia":[{"embeddable":true,"href":"http:\/\/www.affinite.fr\/index.php\/wp-json\/wp\/v2\/media\/8759"}],"wp:attachment":[{"href":"http:\/\/www.affinite.fr\/index.php\/wp-json\/wp\/v2\/media?parent=8758"}],"wp:term":[{"taxonomy":"category","embeddable":true,"href":"http:\/\/www.affinite.fr\/index.php\/wp-json\/wp\/v2\/categories?post=8758"},{"taxonomy":"post_tag","embeddable":true,"href":"http:\/\/www.affinite.fr\/index.php\/wp-json\/wp\/v2\/tags?post=8758"}],"curies":[{"name":"wp","href":"https:\/\/api.w.org\/{rel}","templated":true}]}}