{"id":8754,"date":"2023-01-10T18:23:56","date_gmt":"2023-01-10T18:23:56","guid":{"rendered":"https:\/\/www.affinite.fr\/index.php\/2023\/01\/10\/un-bebe-peut-il-naitre-avec-des-dents\/"},"modified":"2023-01-10T18:23:56","modified_gmt":"2023-01-10T18:23:56","slug":"un-bebe-peut-il-naitre-avec-des-dents","status":"publish","type":"post","link":"http:\/\/www.affinite.fr\/index.php\/2023\/01\/10\/un-bebe-peut-il-naitre-avec-des-dents\/","title":{"rendered":"Un b\u00e9b\u00e9 peut-il na\u00eetre avec des dents\u00a0?"},"content":{"rendered":"<p> [ad_1]<br \/>\n<br \/><img decoding=\"async\" src=\"https:\/\/img-3.journaldesfemmes.fr\/y0UAhlPExLTocatPKHfislVSfQo=\/1280x\/smart\/00068821ce814d67903fc6183d6510db\/ccmcms-jdf\/39461341.jpg\" \/><\/p>\n<p>\n                Si les pouss\u00e9es dentaires n&rsquo;interviennent g\u00e9n\u00e9ralement pas avant l&rsquo;\u00e2ge de 4-6\u00a0mois, un fait rarissime fait le buzz sur les r\u00e9seaux sociaux\u00a0: la naissance d&rsquo;un b\u00e9b\u00e9 avec des dents\u00a0!            <\/p>\n<div>\n<p>Les b\u00e9b\u00e9s sont comme les <a href=\"http:\/\/www.affinite.fr\/index.php\/2023\/03\/13\/elevage-de-poules-et-cailles-decouvrez-le-plaisir-de-manger-des-oeufs-frais-de-votre-jardin\/\">poules<\/a>, pour la plupart, ils naissent sans dents. Certains naissent chauves, d&rsquo;autres avec des cheveux, mais ils ont tous un point commun : ils font leurs dents en g\u00e9n\u00e9ral au moment de la <a href=\"https:\/\/www.journaldesfemmes.fr\/maman\/guide-bebe\/1599905-poussee-dentaire\/\" title=\"Pouss\u00e9e dentaire\">pouss\u00e9e dentaire<\/a>, vers 4-6\u00a0mois environ.\u00a0Dans de rares cas, il peut arriver que <strong>certains nouveaux-n\u00e9s naissent avec des dents.<\/strong>\u00a0C&rsquo;est notamment le cas d&rsquo;une maman am\u00e9ricaine, originaire de Kansas City, qui a partag\u00e9 une vid\u00e9o de son <strong>b\u00e9b\u00e9 n\u00e9 avec deux dents sur la gencive du bas.<\/strong><\/p>\n<h2>Un b\u00e9b\u00e9 n\u00e9 avec des dents fait le buzz sur Tik Tok<\/h2>\n<p><em>\u00ab\u00a0Quand votre b\u00e9b\u00e9 na\u00eet avec des dents et que tout le personnel de l&rsquo;h\u00f4pital est incr\u00e9dule parce qu&rsquo;il n&rsquo;a jamais vu \u00e7a auparavant<\/em>\u00a0\u00bb a comment\u00e9 en l\u00e9gende de cette vid\u00e9o virale la maman, qui pr\u00e9cise que<strong> la naissance d&rsquo;un b\u00e9b\u00e9 avec des dents n&rsquo;arrive qu&rsquo;une fois sur 2000 cas. <\/strong>La vid\u00e9o qui a g\u00e9n\u00e9r\u00e9 plus de 50.000 partages n&rsquo;a pas manqu\u00e9 de faire r\u00e9agir les internautes qui y voient \u00ab\u00a0des dents d&rsquo;adultes\u00a0\u00bb.\u00a0Il est cependant recommand\u00e9 de<strong> faire retirer ces \u00ab\u00a0dents natales\u00a0\u00bb qui restent souvent mal enracin\u00e9es <\/strong>dans la gencive, de mani\u00e8re \u00e0 \u00e9viter tout risque pour l&rsquo;enfant de les avaler.<\/p>\n<h2>D&rsquo;autres cas de dents natales ont fait l&rsquo;actualit\u00e9<\/h2>\n<p><strong>En 2018, au Royaume-Uni, une petite fille pr\u00e9nomm\u00e9e Isla-rose Heasman est elle aussi n\u00e9e avec une dent.<\/strong> Sa premi\u00e8re visite chez le dentiste avait lieu lors de son 12e jour ! \u00ab\u00a0Il fallait la faire enlever car la dent \u00e9tait vacillante\u00a0\u00bb avait t\u00e9moign\u00e9 sa maman Jasmin \u00e0 la BBC. En 2019, <strong>un b\u00e9b\u00e9 a aussi vu le jour, le 21 ao\u00fbt, avec deux dents.<\/strong>\u00a0La fillette est n\u00e9e \u00e0 la clinique Anne d&rsquo;Artois \u00e0 B\u00e9thune, dans le Pas-de-Calais.<\/p>\n<\/p><\/div>\n<p>[ad_2]<br \/>\n<br \/><a href=\"https:\/\/www.journaldesfemmes.fr\/maman\/bebe\/2879431-bebe-ne-avec-des-dents\/\">Source link <\/a><\/p>\n","protected":false},"excerpt":{"rendered":"<p>[ad_1] Si les pouss\u00e9es dentaires n&rsquo;interviennent g\u00e9n\u00e9ralement pas avant l&rsquo;\u00e2ge de 4-6\u00a0mois, un fait rarissime fait le buzz sur les &hellip; <a href=\"http:\/\/www.affinite.fr\/index.php\/2023\/01\/10\/un-bebe-peut-il-naitre-avec-des-dents\/\" class=\"more-link\">Plus <span class=\"screen-reader-text\">Un b\u00e9b\u00e9 peut-il na\u00eetre avec des dents\u00a0?<\/span> <span class=\"meta-nav\">&rarr;<\/span><\/a><\/p>\n","protected":false},"author":1,"featured_media":8755,"comment_status":"","ping_status":"open","sticky":false,"template":"","format":"standard","meta":{"_sitemap_exclude":false,"_sitemap_priority":"","_sitemap_frequency":"","footnotes":""},"categories":[1],"tags":[],"class_list":["post-8754","post","type-post","status-publish","format-standard","has-post-thumbnail","hentry","category-tous"],"_links":{"self":[{"href":"http:\/\/www.affinite.fr\/index.php\/wp-json\/wp\/v2\/posts\/8754"}],"collection":[{"href":"http:\/\/www.affinite.fr\/index.php\/wp-json\/wp\/v2\/posts"}],"about":[{"href":"http:\/\/www.affinite.fr\/index.php\/wp-json\/wp\/v2\/types\/post"}],"author":[{"embeddable":true,"href":"http:\/\/www.affinite.fr\/index.php\/wp-json\/wp\/v2\/users\/1"}],"replies":[{"embeddable":true,"href":"http:\/\/www.affinite.fr\/index.php\/wp-json\/wp\/v2\/comments?post=8754"}],"version-history":[{"count":0,"href":"http:\/\/www.affinite.fr\/index.php\/wp-json\/wp\/v2\/posts\/8754\/revisions"}],"wp:featuredmedia":[{"embeddable":true,"href":"http:\/\/www.affinite.fr\/index.php\/wp-json\/wp\/v2\/media\/8755"}],"wp:attachment":[{"href":"http:\/\/www.affinite.fr\/index.php\/wp-json\/wp\/v2\/media?parent=8754"}],"wp:term":[{"taxonomy":"category","embeddable":true,"href":"http:\/\/www.affinite.fr\/index.php\/wp-json\/wp\/v2\/categories?post=8754"},{"taxonomy":"post_tag","embeddable":true,"href":"http:\/\/www.affinite.fr\/index.php\/wp-json\/wp\/v2\/tags?post=8754"}],"curies":[{"name":"wp","href":"https:\/\/api.w.org\/{rel}","templated":true}]}}